{"id":186493,"date":"2024-10-30T16:22:30","date_gmt":"2024-10-30T14:22:30","guid":{"rendered":"https:\/\/kulturbloggen.com\/?p=186493"},"modified":"2024-10-30T16:30:20","modified_gmt":"2024-10-30T14:30:20","slug":"det-handlar-om-demokrati-forestallning-pa-turne-runt-om-i-landet","status":"publish","type":"post","link":"https:\/\/kulturbloggen.com\/?p=186493","title":{"rendered":"Det handlar om demokrati &#8211; f\u00f6rest\u00e4llning p\u00e5 turn\u00e9 runt om i landet"},"content":{"rendered":"<p><img loading=\"lazy\" decoding=\"async\" class=\"aligncenter size-full wp-image-186498\" src=\"https:\/\/kulturbloggen.com\/wp-content\/uploads\/2024\/10\/demo2.jpg\" alt=\"\" width=\"650\" height=\"425\" srcset=\"https:\/\/kulturbloggen.com\/wp-content\/uploads\/2024\/10\/demo2.jpg 650w, https:\/\/kulturbloggen.com\/wp-content\/uploads\/2024\/10\/demo2-300x196.jpg 300w\" sizes=\"auto, (max-width: 650px) 100vw, 650px\" \/><\/p>\n<p>\u201dDet handlar om demokrati\u201d \u00e4r en f\u00f6rest\u00e4llning turnerar vidare i Stockholm och runtom i landet.<br \/>\nF\u00f6rfattaren Susanne Lindberg Rosenkrantz vill med sin f\u00f6rest\u00e4llning \u00f6ka f\u00f6rst\u00e5elsen f\u00f6r unga kriminell. Genom ber\u00e4ttelsen vill de visa hur det kan g\u00e5 till n\u00e4r ett barn placeras p\u00e5 Sis-hem, en process som \u00e4r st\u00e4ngd f\u00f6r insyn.<br \/>\n<a href=\"https:\/\/sverigesradio.se\/artikel\/teater-kan-nyansera-svartvit-bild-av-sis-hemsplacerade\">Kulturnytt<\/a> ber\u00e4ttar att pj\u00e4sen riktar sig till vuxna och behandlar \u00e4mnen om rekrytering, samverkan mellan olika yrkes grupper och de olika faktorer som kan leda till g\u00e4ngkriminalitet och tv\u00e5ngsplacering p\u00e5 Sis.<\/p>\n<p>H\u00e4r ber\u00e4ttar pj\u00e4sens f\u00f6rfattare om f\u00f6rest\u00e4llningen:<br \/>\nFyra personer \u00e4r inl\u00e5sta i ett m\u00f6rkt rum utan att veta varf\u00f6r. En allsm\u00e4ktig AI st\u00e4ller dem till svars f\u00f6r en ofattbar tragedi: den 15-\u00e5rige Samir har skjutit en j\u00e4mn\u00e5rig pojke. Vad har de gjort \u2013 eller misslyckats med att g\u00f6ra \u2013 f\u00f6r att f\u00f6rhindra denna katastrof?<\/p>\n<p>Vi m\u00f6ter den fr\u00e5nvarande pappan, den utmattade socialsekreteraren, den dogmatiska politikern och den s\u00f6kande l\u00e4raren. Tillsammans tvingas de konfrontera sina egna hemligheter och val. Bit f\u00f6r bit l\u00e4ggs pusslet som leder fram till det \u00f6desdigra skottet. N\u00e4r sanningen kommer upp till ytan, framtr\u00e4der en mer komplex bild \u00e4n n\u00e5gon kunnat ana\u2026<\/p>\n<p><img loading=\"lazy\" decoding=\"async\" class=\"alignright size-medium wp-image-186499\" src=\"https:\/\/kulturbloggen.com\/wp-content\/uploads\/2024\/10\/demokrati-300x200.jpg\" alt=\"\" width=\"300\" height=\"200\" srcset=\"https:\/\/kulturbloggen.com\/wp-content\/uploads\/2024\/10\/demokrati-300x200.jpg 300w, https:\/\/kulturbloggen.com\/wp-content\/uploads\/2024\/10\/demokrati.jpg 650w\" sizes=\"auto, (max-width: 300px) 100vw, 300px\" \/>Det handlar om demokrati \u00e4r ett gripande drama med svart humor som utforskar ansvarsfr\u00e5gan, samh\u00e4llsnormer och m\u00e4nniskans inre m\u00f6rker. Vem b\u00e4r egentligen skulden n\u00e4r samh\u00e4llet sviker sina mest s\u00e5rbara? Och kan de finna f\u00f6rl\u00e5telse \u2013 och frihet \u2013 innan tiden rinner ut?<\/p>\n<p>F\u00f6rutom att spela f\u00f6r allm\u00e4nheten erbjuder vi ocks\u00e5 f\u00f6rest\u00e4llningen med tillh\u00f6rande workshop eller panelsamtal f\u00f6r f\u00f6retag, kommuner och \u00f6vriga organisationer. F\u00f6r fr\u00e5gor eller bokning kontakta v\u00e5r producent Julie Rosenthal Brydolf p\u00e5 073 687 09 50 eller maila julie@tagegranit.se.<\/p>\n<p><a href=\"https:\/\/tagegranit.net\/det-handlar-om-demokrati\/\">F\u00f6rest\u00e4llningens hemsida: https:\/\/tagegranit.net\/det-handlar-om-demokrati\/<\/a><\/p>\n","protected":false},"excerpt":{"rendered":"<p>\u201dDet handlar om demokrati\u201d \u00e4r en f\u00f6rest\u00e4llning turnerar vidare i Stockholm och runtom i landet. F\u00f6rfattaren Susanne Lindberg Rosenkrantz vill med sin f\u00f6rest\u00e4llning \u00f6ka f\u00f6rst\u00e5elsen f\u00f6r unga kriminell. Genom ber\u00e4ttelsen vill de visa hur det kan g\u00e5 till n\u00e4r ett barn placeras p\u00e5 Sis-hem, en process som \u00e4r st\u00e4ngd f\u00f6r insyn. Kulturnytt ber\u00e4ttar att pj\u00e4sen [&hellip;]<\/p>\n","protected":false},"author":13,"featured_media":0,"comment_status":"closed","ping_status":"closed","sticky":false,"template":"","format":"standard","meta":{"_genesis_hide_title":false,"_genesis_hide_breadcrumbs":false,"_genesis_hide_singular_image":false,"_genesis_hide_footer_widgets":false,"_genesis_custom_body_class":"","_genesis_custom_post_class":"","_genesis_layout":"","footnotes":""},"categories":[62,20,30,13624],"tags":[],"class_list":{"0":"post-186493","1":"post","2":"type-post","3":"status-publish","4":"format-standard","6":"category-medie-och-kulturpolitik","7":"category-film","8":"category-teater","9":"category-toppnytt","10":"entry"},"_links":{"self":[{"href":"https:\/\/kulturbloggen.com\/index.php?rest_route=\/wp\/v2\/posts\/186493","targetHints":{"allow":["GET"]}}],"collection":[{"href":"https:\/\/kulturbloggen.com\/index.php?rest_route=\/wp\/v2\/posts"}],"about":[{"href":"https:\/\/kulturbloggen.com\/index.php?rest_route=\/wp\/v2\/types\/post"}],"author":[{"embeddable":true,"href":"https:\/\/kulturbloggen.com\/index.php?rest_route=\/wp\/v2\/users\/13"}],"replies":[{"embeddable":true,"href":"https:\/\/kulturbloggen.com\/index.php?rest_route=%2Fwp%2Fv2%2Fcomments&post=186493"}],"version-history":[{"count":9,"href":"https:\/\/kulturbloggen.com\/index.php?rest_route=\/wp\/v2\/posts\/186493\/revisions"}],"predecessor-version":[{"id":186520,"href":"https:\/\/kulturbloggen.com\/index.php?rest_route=\/wp\/v2\/posts\/186493\/revisions\/186520"}],"wp:attachment":[{"href":"https:\/\/kulturbloggen.com\/index.php?rest_route=%2Fwp%2Fv2%2Fmedia&parent=186493"}],"wp:term":[{"taxonomy":"category","embeddable":true,"href":"https:\/\/kulturbloggen.com\/index.php?rest_route=%2Fwp%2Fv2%2Fcategories&post=186493"},{"taxonomy":"post_tag","embeddable":true,"href":"https:\/\/kulturbloggen.com\/index.php?rest_route=%2Fwp%2Fv2%2Ftags&post=186493"}],"curies":[{"name":"wp","href":"https:\/\/api.w.org\/{rel}","templated":true}]}}