{"id":1864,"date":"2008-09-23T11:09:18","date_gmt":"2008-09-23T11:09:18","guid":{"rendered":"http:\/\/kulturbloggen.com\/?p=1864"},"modified":"2008-09-23T11:09:18","modified_gmt":"2008-09-23T11:09:18","slug":"fantasybok-for-barn-som-ljudbok-i-stjalarens-spar","status":"publish","type":"post","link":"https:\/\/kulturbloggen.com\/?p=1864","title":{"rendered":"Fantasybok f\u00f6r barn som ljudbok: I stj\u00e4larens sp\u00e5r"},"content":{"rendered":"<p><a href='http:\/\/sodergren.com\/kulturbloggen\/wp-content\/uploads\/2008\/09\/istjalarensspar.jpg'><img loading=\"lazy\" decoding=\"async\" src=\"http:\/\/sodergren.com\/kulturbloggen\/wp-content\/uploads\/2008\/09\/istjalarensspar.jpg\" alt=\"\" title=\"istjalarensspar\" width=\"170\" height=\"239\" class=\"alignright size-full wp-image-1863\" \/><\/a><\/p>\n<p>Fj\u00e4rde ljudboken i fantasysucc\u00e9n f\u00f6r barn \u00e4r h\u00e4r, skriver bokf\u00f6rlaget i ett pressmeddelande om boken &#8221;I stj\u00e4larens sp\u00e5r&#8221;.<\/p>\n<p>S\u00e5 h\u00e4r st\u00e5r det i pressmeddelandet.<\/p>\n<blockquote><p>Be en almander att kliva \u00f6ver tr\u00f6skeln och ditt liv blir aldrig som vanligt igen. S\u00e5 hade Rians farfar<br \/>\nber\u00e4ttat, men Rian trodde att det bara var (historier) sagor, f\u00f6r ingen m\u00e4nniska hade sett en<br \/>\nalmander p\u00e5 hundratals \u00e5r.<\/p>\n<p>Men en dag n\u00e4r farfar \u00e4r borta knackar almandern Elien p\u00e5 d\u00f6rren till deras stuga. Han har \u00e5terv\u00e4nt<br \/>\nfr\u00e5n Skuggornas rike, d\u00e4r almandrarna hamnat i kampen mot onda varelser. Tack vare att Rian hj\u00e4lper honom att hitta almandrarnas trolldomsbok lyckas \u00e4ven de andra almandrarna ta sig tillbaka till v\u00e5r v\u00e4rld.<\/p>\n<p>En stj\u00e4lare, den allra farligaste av de onda varelserna, har ocks\u00e5 lyckats l\u00e4mna Skuggornas rike.<br \/>\nNu \u00e4r den p\u00e5 jakt efter trolldomsboken f\u00f6r att kunna f\u00e5 ut tv\u00e5 stj\u00e4lare till ur Skuggornas rike. Rian, Elien och deras v\u00e4nner m\u00e5ste stoppa stj\u00e4laren. Men f\u00f6rst m\u00e5ste de hitta den &#8211; och det \u00e4r inte l\u00e4tt, f\u00f6r den kan byta skepnad och ta vilket utseende som helst.<\/p><\/blockquote>\n<p>Samtliga ljudb\u00f6cker har ett 8- eller 12-sidigt h\u00e4fte med illustrationer, en karta som visar alla platser<br \/>\nsom n\u00e4mns och information om m\u00e4nniskor, almandrar och magiska amuletter.<\/p>\n<p>Uppl\u00e4sare: Tomas Bolme<br \/>\n ISBN: 9163855895 \/ 91-638-5589-5<\/p>\n<p>Andra bloggar om: <a href=\"http:\/\/bloggar.se\/om\/fantasy\" rel=\"tag\">fantasy<\/a>, <a href=\"http:\/\/bloggar.se\/om\/barnb%F6cker\" rel=\"tag\">barnb\u00f6cker<\/a>, <a href=\"http:\/\/bloggar.se\/om\/ljudbok\" rel=\"tag\">ljudbok<\/a>, <a href=\"http:\/\/bloggar.se\/om\/Tomas+Bolme\" rel=\"tag\">Tomas Bolme<\/a><\/p>\n","protected":false},"excerpt":{"rendered":"<p>Fj\u00e4rde ljudboken i fantasysucc\u00e9n f\u00f6r barn \u00e4r h\u00e4r, skriver bokf\u00f6rlaget i ett pressmeddelande om boken &#8221;I stj\u00e4larens sp\u00e5r&#8221;. S\u00e5 h\u00e4r st\u00e5r det i pressmeddelandet. Be en almander att kliva \u00f6ver tr\u00f6skeln och ditt liv blir aldrig som vanligt igen. S\u00e5 hade Rians farfar ber\u00e4ttat, men Rian trodde att det bara var (historier) sagor, f\u00f6r ingen [&hellip;]<\/p>\n","protected":false},"author":2,"featured_media":0,"comment_status":"open","ping_status":"open","sticky":false,"template":"","format":"standard","meta":{"_genesis_hide_title":false,"_genesis_hide_breadcrumbs":false,"_genesis_hide_singular_image":false,"_genesis_hide_footer_widgets":false,"_genesis_custom_body_class":"","_genesis_custom_post_class":"","_genesis_layout":"","footnotes":""},"categories":[3],"tags":[533,1661,3342],"class_list":{"0":"post-1864","1":"post","2":"type-post","3":"status-publish","4":"format-standard","6":"category-litteratur","7":"tag-barnbocker","8":"tag-fantasy","9":"tag-ljudbok","10":"entry"},"_links":{"self":[{"href":"https:\/\/kulturbloggen.com\/index.php?rest_route=\/wp\/v2\/posts\/1864","targetHints":{"allow":["GET"]}}],"collection":[{"href":"https:\/\/kulturbloggen.com\/index.php?rest_route=\/wp\/v2\/posts"}],"about":[{"href":"https:\/\/kulturbloggen.com\/index.php?rest_route=\/wp\/v2\/types\/post"}],"author":[{"embeddable":true,"href":"https:\/\/kulturbloggen.com\/index.php?rest_route=\/wp\/v2\/users\/2"}],"replies":[{"embeddable":true,"href":"https:\/\/kulturbloggen.com\/index.php?rest_route=%2Fwp%2Fv2%2Fcomments&post=1864"}],"version-history":[{"count":0,"href":"https:\/\/kulturbloggen.com\/index.php?rest_route=\/wp\/v2\/posts\/1864\/revisions"}],"wp:attachment":[{"href":"https:\/\/kulturbloggen.com\/index.php?rest_route=%2Fwp%2Fv2%2Fmedia&parent=1864"}],"wp:term":[{"taxonomy":"category","embeddable":true,"href":"https:\/\/kulturbloggen.com\/index.php?rest_route=%2Fwp%2Fv2%2Fcategories&post=1864"},{"taxonomy":"post_tag","embeddable":true,"href":"https:\/\/kulturbloggen.com\/index.php?rest_route=%2Fwp%2Fv2%2Ftags&post=1864"}],"curies":[{"name":"wp","href":"https:\/\/api.w.org\/{rel}","templated":true}]}}