{"id":18633,"date":"2010-03-18T04:32:47","date_gmt":"2010-03-18T03:32:47","guid":{"rendered":"http:\/\/kulturbloggen.com\/?p=18633"},"modified":"2010-03-18T04:32:47","modified_gmt":"2010-03-18T03:32:47","slug":"grav-10-bjuder-in-jan-guillou","status":"publish","type":"post","link":"https:\/\/kulturbloggen.com\/?p=18633","title":{"rendered":"Gr\u00e4v 10 bjuder in Jan Guillou"},"content":{"rendered":"<p><a href=\"http:\/\/kulturbloggen.com\/wp-content\/uploads\/2009\/10\/janguillou_lgb.jpg\"><img loading=\"lazy\" decoding=\"async\" src=\"http:\/\/kulturbloggen.com\/wp-content\/uploads\/2009\/10\/janguillou_lgb-300x225.jpg\" alt=\"\" title=\"janguillou_lgb\" width=\"300\" height=\"225\" class=\"aligncenter size-medium wp-image-14141\" \/><\/a><br \/>\nEtt pressmeddelande fr\u00e5n <a href=\"http:\/\/www.fgj.se\/grav\/\">Gr\u00e4v 10<\/a>:<\/p>\n<p><a href=\"http:\/\/www.aftonbladet.se\/kultur\/huvudartikel\/article6790665.ab\">Jan Guillou har i en debattartikel i Aftonbladet<\/a> riktat kritik mot Guldspadejuryns nominering av Expressen f\u00f6r avsl\u00f6jandet om Guillous KGB-kontakter.<\/p>\n<p>Guillou har ifr\u00e5gasatt omfattningen av Expressens journalistiska insats, och juryns bed\u00f6mning av densamma. Han menar att han sj\u00e4lv gjort huvuddelen av arbetet med avsl\u00f6jandet och slutsatsen blir att han sj\u00e4lv borde tilldelas guldspaden.<\/p>\n<p>Gr\u00e4v 10 bjuder h\u00e4rmed in Jan Guillou till \u00e5rets seminarium och guldspadefest. Seminariet p\u00e5g\u00e5r fr\u00e5n fredag lunch till s\u00f6ndag lunch, guldspadefesten h\u00e5lls p\u00e5 l\u00f6rdagkv\u00e4llen.<\/p>\n<p>Jan Guillou \u00e4r v\u00e4lkommen att bes\u00f6ka hela eller delar av evenemanget, och erbjuds tillf\u00e4lle att vid valfri tidpunkt diskutera scoopet om sig sj\u00e4lv. Gr\u00e4v 10 kommer att uppl\u00e5ta lokal, teknik, moderator samt ev motdebatt\u00f6rer &#8211; allt i samr\u00e5d med Jan Guillou.<\/p>\n<p>Det var l\u00e4nge sedan Jan Guillou s\u00e5gs till p\u00e5 ett Gr\u00e4vseminarium. Gr\u00e4v 10 gillar debatt. V\u00e4lkommen att argumentera f\u00f6r din sak, Jan!<\/p>\n<p>Om du accepterar \u00e4r du v\u00e4lkommen att kontakta gr\u00e4vgeneral Kajsa Norell, kontaktuppgifter nedan.<\/p>\n<p>Guldspadarna delas ut p\u00e5 F\u00f6reningen Gr\u00e4vande Journalisters seminarium Gr\u00e4v 10, som h\u00e5lls i Stockholm fredag-s\u00f6ndag denna vecka, 19-21 mars.<\/p>\n<p><a href=\"http:\/\/www.fgj.se\/page.asp?omrID=5&#038;SubID=42&#038;SubSubID=96\">Guldspadenomineringarna hittar du h\u00e4r.<\/a><\/p>\n<p>L\u00e4s \u00e4ven andra bloggares \u00e5sikter om <a href=\"http:\/\/bloggar.se\/om\/Gr%E4v\" rel=\"tag\">Gr\u00e4v<\/a>, <a href=\"http:\/\/bloggar.se\/om\/journalistik\" rel=\"tag\">journalistik<\/a>, <a href=\"http:\/\/bloggar.se\/om\/medier\" rel=\"tag\">medier<\/a>, <a href=\"http:\/\/bloggar.se\/om\/Jan+Guillou\" rel=\"tag\">Jan Guillou<\/a><\/p>\n","protected":false},"excerpt":{"rendered":"<p>Ett pressmeddelande fr\u00e5n Gr\u00e4v 10: Jan Guillou har i en debattartikel i Aftonbladet riktat kritik mot Guldspadejuryns nominering av Expressen f\u00f6r avsl\u00f6jandet om Guillous KGB-kontakter. Guillou har ifr\u00e5gasatt omfattningen av Expressens journalistiska insats, och juryns bed\u00f6mning av densamma. Han menar att han sj\u00e4lv gjort huvuddelen av arbetet med avsl\u00f6jandet och slutsatsen blir att han sj\u00e4lv [&hellip;]<\/p>\n","protected":false},"author":13,"featured_media":0,"comment_status":"open","ping_status":"open","sticky":false,"template":"","format":"standard","meta":{"_genesis_hide_title":false,"_genesis_hide_breadcrumbs":false,"_genesis_hide_singular_image":false,"_genesis_hide_footer_widgets":false,"_genesis_custom_body_class":"","_genesis_custom_post_class":"","_genesis_layout":"","footnotes":""},"categories":[62],"tags":[2108,2765,3582],"class_list":{"0":"post-18633","1":"post","2":"type-post","3":"status-publish","4":"format-standard","6":"category-medie-och-kulturpolitik","7":"tag-grav","8":"tag-journalistik","9":"tag-medier","10":"entry"},"_links":{"self":[{"href":"https:\/\/kulturbloggen.com\/index.php?rest_route=\/wp\/v2\/posts\/18633","targetHints":{"allow":["GET"]}}],"collection":[{"href":"https:\/\/kulturbloggen.com\/index.php?rest_route=\/wp\/v2\/posts"}],"about":[{"href":"https:\/\/kulturbloggen.com\/index.php?rest_route=\/wp\/v2\/types\/post"}],"author":[{"embeddable":true,"href":"https:\/\/kulturbloggen.com\/index.php?rest_route=\/wp\/v2\/users\/13"}],"replies":[{"embeddable":true,"href":"https:\/\/kulturbloggen.com\/index.php?rest_route=%2Fwp%2Fv2%2Fcomments&post=18633"}],"version-history":[{"count":0,"href":"https:\/\/kulturbloggen.com\/index.php?rest_route=\/wp\/v2\/posts\/18633\/revisions"}],"wp:attachment":[{"href":"https:\/\/kulturbloggen.com\/index.php?rest_route=%2Fwp%2Fv2%2Fmedia&parent=18633"}],"wp:term":[{"taxonomy":"category","embeddable":true,"href":"https:\/\/kulturbloggen.com\/index.php?rest_route=%2Fwp%2Fv2%2Fcategories&post=18633"},{"taxonomy":"post_tag","embeddable":true,"href":"https:\/\/kulturbloggen.com\/index.php?rest_route=%2Fwp%2Fv2%2Ftags&post=18633"}],"curies":[{"name":"wp","href":"https:\/\/api.w.org\/{rel}","templated":true}]}}