{"id":18607,"date":"2010-03-18T06:00:19","date_gmt":"2010-03-18T05:00:19","guid":{"rendered":"http:\/\/kulturbloggen.com\/?p=18607"},"modified":"2010-03-18T06:00:19","modified_gmt":"2010-03-18T05:00:19","slug":"kulturfyra-med-bokpris-igen-nu-om-rymden","status":"publish","type":"post","link":"https:\/\/kulturbloggen.com\/?p=18607","title":{"rendered":"Kulturfyra med bokpris igen: nu om rymden"},"content":{"rendered":"<p><a href=\"http:\/\/kulturbloggen.com\/wp-content\/uploads\/2010\/03\/rymdjakten.jpg\"><img loading=\"lazy\" decoding=\"async\" src=\"http:\/\/kulturbloggen.com\/wp-content\/uploads\/2010\/03\/rymdjakten.jpg\" alt=\"\" title=\"rymdjakten\" width=\"200\" height=\"259\" class=\"aligncenter size-full wp-image-18636\" \/><\/a><br \/>\n<a href=\"http:\/\/kulturbloggen.com\/?p=18330\">F\u00f6rra veckans Kulturfyra<\/a> hade ju b\u00f6cker i pris. Nu g\u00e5r det ju inte att t\u00e4vla i hur man svarar p\u00e5 en Kulturfyra utan det f\u00e5r bli lottdragning. Vinnarna blev:<br \/>\n<a href=\"http:\/\/yfronten.blogg.se\/2010\/march\/kulturfyran-1.html\">Yfronten som vinner<\/a> &#8221;Genom dina \u00f6gon&#8221; av Stephenie Meyer och <a href=\"http:\/\/cikoriatva.blogspot.com\/2010\/03\/och-nu-lite-kultur.html#links\">Elisabet som vinner<\/a> Ta skit och g\u00f6r det till Guld&#8221; av Annika R Malmberg.<\/p>\n<p>Jag t\u00e4nkte ha ett pris den h\u00e4r veckan ocks\u00e5, bara f\u00f6r att det \u00e4r s\u00e5 kul att dela med sig av b\u00f6cker. Priset \u00e4r &#8221;George och rymdjakten&#8221; av Lucy och Stephen Hawking.<\/p>\n<p>Och d\u00e5 f\u00e5r v\u00e4l fr\u00e5gorna ha med rymden att g\u00f6ra:<\/p>\n<p>1. Om det gick l\u00e4tt att resa i rymden; vart vill du \u00e5ka d\u00e5?<br \/>\n2. Tror du att det finns liv i rymden?<br \/>\n3. Vilken \u00e4r din favorit bland ber\u00e4ttelser om rymden eller science fiction?<br \/>\n4. Vad t\u00e4nker du p\u00e5 och associerar till n\u00e4r jag s\u00e4ger ordet: stj\u00e4rnor.<\/p>\n<p>Gl\u00f6m nu inte att l\u00e4mna l\u00e4nken till ditt svar h\u00e4r i en kommentar. Om du  dessutom <a href=\"http:\/\/nyligen.se\/pinga.php\">pingar nyligen <\/a>hamnar  ditt inl\u00e4gg i blogglistan som ligger precis \u00f6ver kommentarsf\u00e4ltet. Det  \u00e4r bra eftersom jag inte sitter vid datorn j\u00e4mt och alla kommentarer  modereras innan de kommer ut. Men om du <a href=\"http:\/\/nyligen.se\/pinga.php\">pingar nyligen <\/a>syns din l\u00e4nk  snabbare.<\/p>\n<p><a href=\"http:\/\/www.facebook.com\/group.php?gid=262136640440&#038;v=info#!\/pages\/Kulturbloggen\/375397488040\">Och BLI G\u00c4RNA FAN till KULTURBLOOGGEN p\u00e5 Facebook.<\/a><\/p>\n<p>L\u00e4s \u00e4ven andra bloggares \u00e5sikter om <a href=\"http:\/\/bloggar.se\/om\/kulturfyran\" rel=\"tag\">kulturfyran<\/a>, <a href=\"http:\/\/bloggar.se\/om\/rymden\" rel=\"tag\">rymden<\/a>, <a href=\"http:\/\/bloggar.se\/om\/bokpris\" rel=\"tag\">bokpris<\/a><\/p>\n","protected":false},"excerpt":{"rendered":"<p>F\u00f6rra veckans Kulturfyra hade ju b\u00f6cker i pris. Nu g\u00e5r det ju inte att t\u00e4vla i hur man svarar p\u00e5 en Kulturfyra utan det f\u00e5r bli lottdragning. Vinnarna blev: Yfronten som vinner &#8221;Genom dina \u00f6gon&#8221; av Stephenie Meyer och Elisabet som vinner Ta skit och g\u00f6r det till Guld&#8221; av Annika R Malmberg. Jag t\u00e4nkte [&hellip;]<\/p>\n","protected":false},"author":2,"featured_media":0,"comment_status":"open","ping_status":"open","sticky":false,"template":"","format":"standard","meta":{"_genesis_hide_title":false,"_genesis_hide_breadcrumbs":false,"_genesis_hide_singular_image":false,"_genesis_hide_footer_widgets":false,"_genesis_custom_body_class":"","_genesis_custom_post_class":"","_genesis_layout":"","footnotes":""},"categories":[20],"tags":[786,3095,4866],"class_list":{"0":"post-18607","1":"post","2":"type-post","3":"status-publish","4":"format-standard","6":"category-film","7":"tag-bokpris","8":"tag-kulturfyran","9":"tag-rymden","10":"entry"},"_links":{"self":[{"href":"https:\/\/kulturbloggen.com\/index.php?rest_route=\/wp\/v2\/posts\/18607","targetHints":{"allow":["GET"]}}],"collection":[{"href":"https:\/\/kulturbloggen.com\/index.php?rest_route=\/wp\/v2\/posts"}],"about":[{"href":"https:\/\/kulturbloggen.com\/index.php?rest_route=\/wp\/v2\/types\/post"}],"author":[{"embeddable":true,"href":"https:\/\/kulturbloggen.com\/index.php?rest_route=\/wp\/v2\/users\/2"}],"replies":[{"embeddable":true,"href":"https:\/\/kulturbloggen.com\/index.php?rest_route=%2Fwp%2Fv2%2Fcomments&post=18607"}],"version-history":[{"count":0,"href":"https:\/\/kulturbloggen.com\/index.php?rest_route=\/wp\/v2\/posts\/18607\/revisions"}],"wp:attachment":[{"href":"https:\/\/kulturbloggen.com\/index.php?rest_route=%2Fwp%2Fv2%2Fmedia&parent=18607"}],"wp:term":[{"taxonomy":"category","embeddable":true,"href":"https:\/\/kulturbloggen.com\/index.php?rest_route=%2Fwp%2Fv2%2Fcategories&post=18607"},{"taxonomy":"post_tag","embeddable":true,"href":"https:\/\/kulturbloggen.com\/index.php?rest_route=%2Fwp%2Fv2%2Ftags&post=18607"}],"curies":[{"name":"wp","href":"https:\/\/api.w.org\/{rel}","templated":true}]}}