{"id":186026,"date":"2024-10-17T07:38:22","date_gmt":"2024-10-17T05:38:22","guid":{"rendered":"https:\/\/kulturbloggen.com\/?p=186026"},"modified":"2024-10-17T07:38:22","modified_gmt":"2024-10-17T05:38:22","slug":"nio-ar-sedan-gui-minhai-frihetsberovades-forlagsbranschen-i-digital-manifestation","status":"publish","type":"post","link":"https:\/\/kulturbloggen.com\/?p=186026","title":{"rendered":"Nio \u00e5r sedan Gui Minhai frihetsber\u00f6vades \u2013 f\u00f6rlagsbranschen i digital manifestation"},"content":{"rendered":"<figure id=\"attachment_186030\" aria-describedby=\"caption-attachment-186030\" style=\"width: 520px\" class=\"wp-caption aligncenter\"><img loading=\"lazy\" decoding=\"async\" class=\"size-full wp-image-186030\" src=\"https:\/\/kulturbloggen.com\/wp-content\/uploads\/2024\/10\/unnamed-9-1.jpg\" alt=\"\" width=\"520\" height=\"650\" srcset=\"https:\/\/kulturbloggen.com\/wp-content\/uploads\/2024\/10\/unnamed-9-1.jpg 520w, https:\/\/kulturbloggen.com\/wp-content\/uploads\/2024\/10\/unnamed-9-1-240x300.jpg 240w\" sizes=\"auto, (max-width: 520px) 100vw, 520px\" \/><figcaption id=\"caption-attachment-186030\" class=\"wp-caption-text\">\u00c5rets Gui Minhai-bild, tecknad av Martin Ander.<\/figcaption><\/figure>\n<p>17 oktober 2024 \u00e4r det nio \u00e5r sedan den svenske f\u00f6rl\u00e4ggaren Gui Minhai frihetsber\u00f6vades. Han sitter f\u00e4ngslad i Kina, utan chans till en r\u00e4ttvis r\u00e4tteg\u00e5ng.<\/p>\n<p>F\u00f6r fj\u00e4rde \u00e5ret i rad g\u00e5r d\u00e4rf\u00f6r f\u00f6rlagsbranschen samman i en digital manifestation p\u00e5 initiativ av Svenska F\u00f6rl\u00e4ggaref\u00f6reningen. Med manifestationen vill f\u00f6reningen uppm\u00e4rksamma Gui Minhais fall, och samtidigt rikta ljuset mot andra hotade och utsatta f\u00f6rl\u00e4ggare v\u00e4rlden \u00f6ver.<\/p>\n<p>Ett pressmeddelande:<br \/>\n\u2013 Vi gl\u00f6mmer aldrig Gui Minhai! Alla vi som arbetar p\u00e5 svenska f\u00f6rlag m\u00e5ste p\u00e5minna om Gui Minhais \u00f6de och om hur m\u00e5nga andra f\u00f6rl\u00e4ggare arbetar under sv\u00e5ra omst\u00e4ndigheter runt om i v\u00e4rlden. M\u00e5let med att f\u00f6rtrycka och f\u00e4ngsla f\u00f6rl\u00e4ggare \u00e4r tystnad, och d\u00e4rf\u00f6r \u00e4r det s\u00e5 viktigt att vi forts\u00e4tter att f\u00f6ra deras talan, s\u00e4ger Olle Lidbom fr\u00e5n Svenska F\u00f6rl\u00e4ggaref\u00f6reningens yttrandefrihetskommitt\u00e9.<\/p>\n<p>Varje \u00e5r f\u00e5r en ny konstn\u00e4r i uppdrag att teckna ett portr\u00e4tt av Gui Minhai till manifestationen. Konstn\u00e4ren och illustrat\u00f6ren Martin Ander har gjort \u00e5rets bild.<\/p>\n<p>\u2013 Som konstn\u00e4r och kulturproducent tycker jag det \u00e4r viktigt att st\u00e5 upp f\u00f6r frihet och yttrandefrihet. Det \u00e4r en \u00e4ra att f\u00e5 portr\u00e4ttera Gui Minhai och att p\u00e5 s\u00e5 s\u00e4tt hj\u00e4lpa till att synligg\u00f6ra honom och andra kulturskapare som fallit offer f\u00f6r totalit\u00e4ra regimer, s\u00e4ger Martin Ander.<\/p>\n<p>Svenska F\u00f6rl\u00e4ggaref\u00f6reningen uppmanar alla f\u00f6rlag och f\u00f6rlagsanst\u00e4llda att dela bilden i sina sociala kanaler den 17 oktober 2024.<\/p>\n","protected":false},"excerpt":{"rendered":"<p>17 oktober 2024 \u00e4r det nio \u00e5r sedan den svenske f\u00f6rl\u00e4ggaren Gui Minhai frihetsber\u00f6vades. Han sitter f\u00e4ngslad i Kina, utan chans till en r\u00e4ttvis r\u00e4tteg\u00e5ng. F\u00f6r fj\u00e4rde \u00e5ret i rad g\u00e5r d\u00e4rf\u00f6r f\u00f6rlagsbranschen samman i en digital manifestation p\u00e5 initiativ av Svenska F\u00f6rl\u00e4ggaref\u00f6reningen. Med manifestationen vill f\u00f6reningen uppm\u00e4rksamma Gui Minhais fall, och samtidigt rikta ljuset [&hellip;]<\/p>\n","protected":false},"author":13,"featured_media":0,"comment_status":"closed","ping_status":"closed","sticky":false,"template":"","format":"standard","meta":{"_genesis_hide_title":false,"_genesis_hide_breadcrumbs":false,"_genesis_hide_singular_image":false,"_genesis_hide_footer_widgets":false,"_genesis_custom_body_class":"","_genesis_custom_post_class":"","_genesis_layout":"","footnotes":""},"categories":[62,13624],"tags":[],"class_list":{"0":"post-186026","1":"post","2":"type-post","3":"status-publish","4":"format-standard","6":"category-medie-och-kulturpolitik","7":"category-toppnytt","8":"entry"},"_links":{"self":[{"href":"https:\/\/kulturbloggen.com\/index.php?rest_route=\/wp\/v2\/posts\/186026","targetHints":{"allow":["GET"]}}],"collection":[{"href":"https:\/\/kulturbloggen.com\/index.php?rest_route=\/wp\/v2\/posts"}],"about":[{"href":"https:\/\/kulturbloggen.com\/index.php?rest_route=\/wp\/v2\/types\/post"}],"author":[{"embeddable":true,"href":"https:\/\/kulturbloggen.com\/index.php?rest_route=\/wp\/v2\/users\/13"}],"replies":[{"embeddable":true,"href":"https:\/\/kulturbloggen.com\/index.php?rest_route=%2Fwp%2Fv2%2Fcomments&post=186026"}],"version-history":[{"count":5,"href":"https:\/\/kulturbloggen.com\/index.php?rest_route=\/wp\/v2\/posts\/186026\/revisions"}],"predecessor-version":[{"id":186033,"href":"https:\/\/kulturbloggen.com\/index.php?rest_route=\/wp\/v2\/posts\/186026\/revisions\/186033"}],"wp:attachment":[{"href":"https:\/\/kulturbloggen.com\/index.php?rest_route=%2Fwp%2Fv2%2Fmedia&parent=186026"}],"wp:term":[{"taxonomy":"category","embeddable":true,"href":"https:\/\/kulturbloggen.com\/index.php?rest_route=%2Fwp%2Fv2%2Fcategories&post=186026"},{"taxonomy":"post_tag","embeddable":true,"href":"https:\/\/kulturbloggen.com\/index.php?rest_route=%2Fwp%2Fv2%2Ftags&post=186026"}],"curies":[{"name":"wp","href":"https:\/\/api.w.org\/{rel}","templated":true}]}}