{"id":185876,"date":"2024-10-15T17:21:29","date_gmt":"2024-10-15T15:21:29","guid":{"rendered":"https:\/\/kulturbloggen.com\/?p=185876"},"modified":"2024-10-15T17:21:30","modified_gmt":"2024-10-15T15:21:30","slug":"lars-winnerback-amason-markus-krunegard-melissa-horn-little-jinder-med-flera-spelar-pa-brunnsgalan-for-att-radda-anrika-teater-brunnsgatan-fyra-i-stockholm-den-4-november","status":"publish","type":"post","link":"https:\/\/kulturbloggen.com\/?p=185876","title":{"rendered":"Lars Winnerb\u00e4ck, Amason, Markus Kruneg\u00e5rd, Melissa Horn, Little Jinder med flera spelar p\u00e5 Brunnsgalan f\u00f6r att r\u00e4dda anrika Teater Brunnsgatan Fyra i Stockholm den 4 november"},"content":{"rendered":"<figure id=\"attachment_185883\" aria-describedby=\"caption-attachment-185883\" style=\"width: 650px\" class=\"wp-caption aligncenter\"><img loading=\"lazy\" decoding=\"async\" class=\"size-full wp-image-185883\" src=\"https:\/\/kulturbloggen.com\/wp-content\/uploads\/2024\/10\/unnamed-9.jpg\" alt=\"\" width=\"650\" height=\"488\" srcset=\"https:\/\/kulturbloggen.com\/wp-content\/uploads\/2024\/10\/unnamed-9.jpg 650w, https:\/\/kulturbloggen.com\/wp-content\/uploads\/2024\/10\/unnamed-9-300x225.jpg 300w\" sizes=\"auto, (max-width: 650px) 100vw, 650px\" \/><figcaption id=\"caption-attachment-185883\" class=\"wp-caption-text\">Pressbild Martina Montelius, foto: Niklas Hellgren<\/figcaption><\/figure>\n<p>Verksamheten p\u00e5 Teater Brunnsgatan Fyra i Stockholm \u00e4r hotad. Lars Winnerb\u00e4ck, Amason, Markus Kruneg\u00e5rd, Melissa Horn, Little Jinder med flera spelar p\u00e5 Brunnsgalan f\u00f6r att r\u00e4dda anrika Teater Brunnsgatan Fyra i Stockholm den 4 november 2024.<\/p>\n<p>Ett pressmeddelande ber\u00e4ttar:<br \/>\nF\u00f6rklaringen st\u00e5r att finna i n\u00e4stan f\u00f6rdubblad hyra i kombination med renoveringsarbeten och anslag som st\u00e5r stilla.<br \/>\n\u2013 Ovanp\u00e5 detta h\u00e5rdnar den ideologiska striden om kulturens form och existens. Vill vi ha fri scenkonst i Sverige? Vill vi bevara just Teater Brunnsgatan Fyra? I s\u00e5 fall m\u00e5ste vi g\u00f6ra det tillsammans, s\u00e4ger teaterns konstn\u00e4rliga ledare Martina Montelius.<br \/>\nF\u00f6r att f\u00e5 teatern, som startades av Allan Edwall, p\u00e5 f\u00f6tter igen arrangeras den 4 november Brunnsgalan d\u00e4r Amason \u00e4r husband med g\u00e4startisterna Lars Winnerb\u00e4ck, Markus Kruneg\u00e5rd, Melissa Horn, Little Jinder, Ellen Krauss, Alba August, Hannes, Esther, Jaqe samt Annika Norlin &amp; Jonas Teglund.<\/p>\n<figure id=\"attachment_185885\" aria-describedby=\"caption-attachment-185885\" style=\"width: 300px\" class=\"wp-caption alignright\"><img loading=\"lazy\" decoding=\"async\" class=\"size-medium wp-image-185885\" src=\"https:\/\/kulturbloggen.com\/wp-content\/uploads\/2024\/10\/unnamed-2-2-300x200.jpg\" alt=\"\" width=\"300\" height=\"200\" srcset=\"https:\/\/kulturbloggen.com\/wp-content\/uploads\/2024\/10\/unnamed-2-2-300x200.jpg 300w, https:\/\/kulturbloggen.com\/wp-content\/uploads\/2024\/10\/unnamed-2-2.jpg 650w\" sizes=\"auto, (max-width: 300px) 100vw, 300px\" \/><figcaption id=\"caption-attachment-185885\" class=\"wp-caption-text\">Pressbild Amason, foto: Julia M\u00e5rd<\/figcaption><\/figure>\n<p>Anrika Teater Brunnsgatan Fyra st\u00e5r inf\u00f6r stora utmaningar. Efter mer \u00e4n ett halv\u00e5r av n\u00f6dv\u00e4ndigt renoveringsarbete \u00e4r bj\u00e4lklagen bytt men medel saknas f\u00f6r att bygga upp det som bostadsr\u00e4ttsf\u00f6reningen beh\u00f6vde riva f\u00f6r att kunna g\u00f6ra renoveringen, d\u00e4ribland scenen och flera b\u00e4nkrader. Utan att kunna ta in publik och spela teater kommer Teater Brunnsgatan Fyra inte kunna betala hyran som n\u00e4stan har dubblerats.<\/p>\n<p>\u2013 Nu \u00e4r det Teater Brunnsgatan Fyras tur er att drabbas av kulturens moderna farsot: h\u00f6jd hyra i kombination med anslag som st\u00e5r stilla. Ovanp\u00e5 detta h\u00e5rdnar den ideologiska striden om kulturens form och existens. Politiker fr\u00e5n ytterh\u00f6gern driver p\u00e5 f\u00f6r att i allt h\u00f6gre grad f\u00e5 l\u00e4gga sig i kulturuttryck, och f\u00f6rst\u00e5elsen f\u00f6r fri kultur som demokratisk och existentiell n\u00f6dv\u00e4ndighet i ett samh\u00e4lle blir allt svagare, s\u00e4ger Martina Montelius, konstn\u00e4rlig ledare Teater Brunnsgatan Fyra.<\/p>\n<p>\u2013 Vi lever i en tid som \u00e4r konkret \u00f6desdiger \u2013 varje fri scen som f\u00f6rsvinner blir om\u00f6jlig att f\u00e5 tillbaka, i likhet med alla andra offentliga resurser som redan s\u00e5lts till l\u00e4gstbjudande eller tynat bort. Det \u00e4r nu eller aldrig. Vill vi ha fri scenkonst i Sverige? Vill vi bevara just Teater Brunnsgatan Fyra? I s\u00e5 fall m\u00e5ste vi g\u00f6ra det tillsammans.<\/p>\n<p><img loading=\"lazy\" decoding=\"async\" class=\"alignright size-medium wp-image-185887\" src=\"https:\/\/kulturbloggen.com\/wp-content\/uploads\/2024\/10\/unnamed-3-2-225x300.jpg\" alt=\"\" width=\"225\" height=\"300\" srcset=\"https:\/\/kulturbloggen.com\/wp-content\/uploads\/2024\/10\/unnamed-3-2-225x300.jpg 225w, https:\/\/kulturbloggen.com\/wp-content\/uploads\/2024\/10\/unnamed-3-2.jpg 488w\" sizes=\"auto, (max-width: 225px) 100vw, 225px\" \/>F\u00f6r att kunna komma ig\u00e5ng igen anordnas den 4 november en exklusiv st\u00f6dgala f\u00f6r att r\u00e4dda teatern som Allan Edwall grundade 1986 och drev fram till sin bortg\u00e5ng 1997 och som Kristina Lugn sedan var konstn\u00e4rlig ledare f\u00f6r i 15 \u00e5r. 2011 tog hennes dotter Martina Montelius \u00f6ver verksamheten och hon driver nu teatern tillsammans med Elvira Fridell (producent).<\/p>\n<p>Vid Brunnsgalan, d\u00e4r alla int\u00e4kter g\u00e5r till att bygga upp teatern, utg\u00f6r Amason husband och med sig har de en rad g\u00e4startister: Lars Winnerb\u00e4ck, Melissa Horn, Little Jinder, Markus Kruneg\u00e5rd, Ellen Krauss, Alba August, Hannes, Esther, Jaqe samt Annika Norlin &amp; Jonas Teglund. Tillsammans med publiken kommer det bli en unik och superintim hemmafestgalakv\u00e4ll i Allan Edwall och Kristina Lugns anda.<\/p>\n","protected":false},"excerpt":{"rendered":"<p>Verksamheten p\u00e5 Teater Brunnsgatan Fyra i Stockholm \u00e4r hotad. Lars Winnerb\u00e4ck, Amason, Markus Kruneg\u00e5rd, Melissa Horn, Little Jinder med flera spelar p\u00e5 Brunnsgalan f\u00f6r att r\u00e4dda anrika Teater Brunnsgatan Fyra i Stockholm den 4 november 2024. Ett pressmeddelande ber\u00e4ttar: F\u00f6rklaringen st\u00e5r att finna i n\u00e4stan f\u00f6rdubblad hyra i kombination med renoveringsarbeten och anslag som st\u00e5r [&hellip;]<\/p>\n","protected":false},"author":13,"featured_media":0,"comment_status":"closed","ping_status":"closed","sticky":false,"template":"","format":"standard","meta":{"_genesis_hide_title":false,"_genesis_hide_breadcrumbs":false,"_genesis_hide_singular_image":false,"_genesis_hide_footer_widgets":false,"_genesis_custom_body_class":"","_genesis_custom_post_class":"","_genesis_layout":"","footnotes":""},"categories":[62,20,13624],"tags":[],"class_list":{"0":"post-185876","1":"post","2":"type-post","3":"status-publish","4":"format-standard","6":"category-medie-och-kulturpolitik","7":"category-film","8":"category-toppnytt","9":"entry"},"_links":{"self":[{"href":"https:\/\/kulturbloggen.com\/index.php?rest_route=\/wp\/v2\/posts\/185876","targetHints":{"allow":["GET"]}}],"collection":[{"href":"https:\/\/kulturbloggen.com\/index.php?rest_route=\/wp\/v2\/posts"}],"about":[{"href":"https:\/\/kulturbloggen.com\/index.php?rest_route=\/wp\/v2\/types\/post"}],"author":[{"embeddable":true,"href":"https:\/\/kulturbloggen.com\/index.php?rest_route=\/wp\/v2\/users\/13"}],"replies":[{"embeddable":true,"href":"https:\/\/kulturbloggen.com\/index.php?rest_route=%2Fwp%2Fv2%2Fcomments&post=185876"}],"version-history":[{"count":7,"href":"https:\/\/kulturbloggen.com\/index.php?rest_route=\/wp\/v2\/posts\/185876\/revisions"}],"predecessor-version":[{"id":185888,"href":"https:\/\/kulturbloggen.com\/index.php?rest_route=\/wp\/v2\/posts\/185876\/revisions\/185888"}],"wp:attachment":[{"href":"https:\/\/kulturbloggen.com\/index.php?rest_route=%2Fwp%2Fv2%2Fmedia&parent=185876"}],"wp:term":[{"taxonomy":"category","embeddable":true,"href":"https:\/\/kulturbloggen.com\/index.php?rest_route=%2Fwp%2Fv2%2Fcategories&post=185876"},{"taxonomy":"post_tag","embeddable":true,"href":"https:\/\/kulturbloggen.com\/index.php?rest_route=%2Fwp%2Fv2%2Ftags&post=185876"}],"curies":[{"name":"wp","href":"https:\/\/api.w.org\/{rel}","templated":true}]}}