{"id":185788,"date":"2024-10-10T18:13:42","date_gmt":"2024-10-10T16:13:42","guid":{"rendered":"https:\/\/kulturbloggen.com\/?p=185788"},"modified":"2024-10-10T18:13:42","modified_gmt":"2024-10-10T16:13:42","slug":"stort-laslovsfirande-under-kulturhusets-50-arsjubileum","status":"publish","type":"post","link":"https:\/\/kulturbloggen.com\/?p=185788","title":{"rendered":"Stort l\u00e4slovsfirande under Kulturhusets 50-\u00e5rsjubileum"},"content":{"rendered":"<figure id=\"attachment_185793\" aria-describedby=\"caption-attachment-185793\" style=\"width: 650px\" class=\"wp-caption aligncenter\"><img loading=\"lazy\" decoding=\"async\" class=\"size-full wp-image-185793\" src=\"https:\/\/kulturbloggen.com\/wp-content\/uploads\/2024\/10\/unnamed-2-1.jpg\" alt=\"\" width=\"650\" height=\"435\" srcset=\"https:\/\/kulturbloggen.com\/wp-content\/uploads\/2024\/10\/unnamed-2-1.jpg 650w, https:\/\/kulturbloggen.com\/wp-content\/uploads\/2024\/10\/unnamed-2-1-300x201.jpg 300w\" sizes=\"auto, (max-width: 650px) 100vw, 650px\" \/><figcaption id=\"caption-attachment-185793\" class=\"wp-caption-text\">KulturhusetAllrummetFoto:AL.7x.xx.xx-03<\/figcaption><\/figure>\n<p>L\u00e4slovet \u00e4r snart h\u00e4r, och i \u00e5r, 2024, firas inte bara l\u00e4sgl\u00e4dje \u2013 utan ocks\u00e5 Kulturhusets 50-\u00e5rsjubileum som p\u00e5g\u00e5tt under hela \u00e5ret. P\u00e5 Sergels torg, i Sk\u00e4rholmen, V\u00e4llingby och Husby arrangeras under vecka 44 extra m\u00e5nga l\u00e4slovsaktiviteter f\u00f6r barn och unga. Det blir h\u00f6gl\u00e4sning med barnboksf\u00f6rfattare, barn som visar konst, workshops med Historieber\u00e4ttarna och mycket mer.<\/p>\n<p>Ett pressmeddelande ber\u00e4ttar:<br \/>\n<strong>Magisk morgon<\/strong><br \/>\nEn timme innan Kulturhuset Stadsteatern vanligtvis \u00f6ppnar \u00e4r l\u00e4slovslediga barn med vuxna v\u00e4lkomna att komma in och lyssna till f\u00f6rfattarna Emma Karinsdotter, Minoo Shams och Mats Strandberg som l\u00e4ser h\u00f6gt ur sina b\u00f6cker.<br \/>\nMagisk morgon (kulturhusetstadsteatern.se)<br \/>\n29 \u2013 31 oktober, Entr\u00e9plan<\/p>\n<p><strong>Barn visar konst<\/strong><br \/>\nEn visning av konstutst\u00e4llningen M\u00e4nniskoungar, d\u00e4r det f\u00f6r f\u00f6rsta g\u00e5ngen p\u00e5 Kulturhuset Stadsteatern \u00e4r barnen som guidar bes\u00f6karna och ber\u00e4ttar om konstverken p\u00e5 sitt eget s\u00e4tt. M\u00e4nniskoungar \u00e4r en konstutst\u00e4llning f\u00f6r barn och vuxna med verk ur Stockholms stads konstskatt som vill uppmuntra till samtal om hur det kan k\u00e4nnas att vara ung i v\u00e4rlden idag.<br \/>\nBarn visar konst (kulturhusetstadsteatern.se)<br \/>\n30 oktober och 2 november, Galleri 3<\/p>\n<p><strong>Moln som b\u00e4r v\u00e5ra tankar<\/strong><br \/>\nTillsammans med konstn\u00e4rer fr\u00e5n f\u00f6reningen Historieber\u00e4ttarna \u00e4r barn och vuxna i alla \u00e5ldrar v\u00e4lkomna att vara med och skapa skulpturala verk i papper utifr\u00e5n temat fred \u2013 fred med sig sj\u00e4lv, med naturen och med omv\u00e4rlden. Skulpturerna kommer under l\u00e4slovsveckan h\u00e4ngas upp i en stor utst\u00e4llning i H\u00f6rsalen. Med hj\u00e4lp av deltagarnas r\u00f6ster kommer det \u00e4ven att skapas ett ljudkonstverk.<br \/>\nMoln som b\u00e4r v\u00e5ra tankar (kulturhusetstadsteatern.se)<br \/>\n29 oktober \u2013 1 november, workshop i Foaj\u00e9 3 och utst\u00e4llning i H\u00f6rsalen<\/p>\n<p>Allrummets \u00e5terkomst av Alvaro Campo<br \/>\nAllrummet \u00e5teruppst\u00e5r under l\u00e4slovet &#8211; Kulturhusets historiska experimentverkstad. Tillsammans med studenter p\u00e5 Nyckelviksskolan skapas ett rum med anor fr\u00e5n 1974, d\u00e4r bes\u00f6kare kan delta i skapande workshops under ledning av konstn\u00e4ren Alvaro Campo. N\u00e5gra av verken som produceras kommer bli en del av en permanent installation i huset.<br \/>\nAllrummets \u00e5terkomst av Alvaro Campo (kulturhusetstadsteatern.se)<br \/>\n31 oktober \u2013 2 november, Lilla studion<\/p>\n<p><strong>\u00d6ppen repetition: Den l\u00e5nga flykten<\/strong><br \/>\nF\u00e5 en glimt av repetitionerna av teaterf\u00f6rest\u00e4llningen Den l\u00e5nga flykten som har Sverigepremi\u00e4r den 6 december p\u00e5 Stora scenen. Publiken f\u00e5r se delar ur den \u00e4ventyrliga familjef\u00f6rest\u00e4llningen om en flock unga vildkaniner som ger sig av p\u00e5 flykt, baserad p\u00e5 Richard Adams \u00e4lskade romanklassiker. Regi av Alexander M\u00f8rk-Eidem.<br \/>\n\u00d6ppen repetition: Den l\u00e5nga flykten (kulturhusetstadsteatern.se)<br \/>\n30 oktober, Stora scenen<\/p>\n<p><a href=\"https:\/\/kulturhusetstadsteatern.se\/laslovet-2024\">Hela l\u00e4slovsprogrammet finns h\u00e4r<\/a><\/p>\n","protected":false},"excerpt":{"rendered":"<p>L\u00e4slovet \u00e4r snart h\u00e4r, och i \u00e5r, 2024, firas inte bara l\u00e4sgl\u00e4dje \u2013 utan ocks\u00e5 Kulturhusets 50-\u00e5rsjubileum som p\u00e5g\u00e5tt under hela \u00e5ret. P\u00e5 Sergels torg, i Sk\u00e4rholmen, V\u00e4llingby och Husby arrangeras under vecka 44 extra m\u00e5nga l\u00e4slovsaktiviteter f\u00f6r barn och unga. Det blir h\u00f6gl\u00e4sning med barnboksf\u00f6rfattare, barn som visar konst, workshops med Historieber\u00e4ttarna och mycket [&hellip;]<\/p>\n","protected":false},"author":13,"featured_media":0,"comment_status":"closed","ping_status":"closed","sticky":false,"template":"","format":"standard","meta":{"_genesis_hide_title":false,"_genesis_hide_breadcrumbs":false,"_genesis_hide_singular_image":false,"_genesis_hide_footer_widgets":false,"_genesis_custom_body_class":"","_genesis_custom_post_class":"","_genesis_layout":"","footnotes":""},"categories":[62,3,13624],"tags":[],"class_list":{"0":"post-185788","1":"post","2":"type-post","3":"status-publish","4":"format-standard","6":"category-medie-och-kulturpolitik","7":"category-litteratur","8":"category-toppnytt","9":"entry"},"_links":{"self":[{"href":"https:\/\/kulturbloggen.com\/index.php?rest_route=\/wp\/v2\/posts\/185788","targetHints":{"allow":["GET"]}}],"collection":[{"href":"https:\/\/kulturbloggen.com\/index.php?rest_route=\/wp\/v2\/posts"}],"about":[{"href":"https:\/\/kulturbloggen.com\/index.php?rest_route=\/wp\/v2\/types\/post"}],"author":[{"embeddable":true,"href":"https:\/\/kulturbloggen.com\/index.php?rest_route=\/wp\/v2\/users\/13"}],"replies":[{"embeddable":true,"href":"https:\/\/kulturbloggen.com\/index.php?rest_route=%2Fwp%2Fv2%2Fcomments&post=185788"}],"version-history":[{"count":9,"href":"https:\/\/kulturbloggen.com\/index.php?rest_route=\/wp\/v2\/posts\/185788\/revisions"}],"predecessor-version":[{"id":185800,"href":"https:\/\/kulturbloggen.com\/index.php?rest_route=\/wp\/v2\/posts\/185788\/revisions\/185800"}],"wp:attachment":[{"href":"https:\/\/kulturbloggen.com\/index.php?rest_route=%2Fwp%2Fv2%2Fmedia&parent=185788"}],"wp:term":[{"taxonomy":"category","embeddable":true,"href":"https:\/\/kulturbloggen.com\/index.php?rest_route=%2Fwp%2Fv2%2Fcategories&post=185788"},{"taxonomy":"post_tag","embeddable":true,"href":"https:\/\/kulturbloggen.com\/index.php?rest_route=%2Fwp%2Fv2%2Ftags&post=185788"}],"curies":[{"name":"wp","href":"https:\/\/api.w.org\/{rel}","templated":true}]}}