{"id":1856,"date":"2008-09-23T10:02:31","date_gmt":"2008-09-23T10:02:31","guid":{"rendered":"http:\/\/kulturbloggen.com\/?p=1856"},"modified":"2008-09-23T10:02:31","modified_gmt":"2008-09-23T10:02:31","slug":"medelalders-man-mobbade-sallan-det-ar-de-som-bestammer-allt","status":"publish","type":"post","link":"https:\/\/kulturbloggen.com\/?p=1856","title":{"rendered":"Medel\u00e5lders m\u00e4n mobbade? Till\u00e5t mig skratta &#8230;"},"content":{"rendered":"<p><a href='http:\/\/sodergren.com\/kulturbloggen\/wp-content\/uploads\/2008\/09\/gubbar125.jpg'><img loading=\"lazy\" decoding=\"async\" src=\"http:\/\/sodergren.com\/kulturbloggen\/wp-content\/uploads\/2008\/09\/gubbar125.jpg\" alt=\"\" title=\"gubbar125\" width=\"125\" height=\"250\" class=\"alignright size-full wp-image-1857\" \/><\/a>Dagens s\u00e4kert dummaste debattartikel <a href=\"http:\/\/www.aftonbladet.se\/debatt\/article3369056.ab\">har jag l\u00e4st i Aftonblade<\/a>t. En 58-\u00e5rs manlig journalist h\u00e4vdar att det blivit till\u00e5tet att mobba och driva med medel\u00e5lersm\u00e4n.<\/p>\n<blockquote><p>Nog \u00e4r det lite m\u00e4rkligt, det h\u00e4r med mobbning. Vi protesterar h\u00f6gljutt om barn eller arbetskamrater blir m\u00e5ltavlor f\u00f6r omgivningens elakheter. Men det finns en grupp i samh\u00e4llet som det tycks vara fritt fram att h\u00e5na och f\u00f6rl\u00f6jliga. Jag t\u00e4nker p\u00e5 oss ansvarsfulla, medel\u00e5lders m\u00e4n med korrekt upptr\u00e4dande. Vi svenska gubbar i keps och gabardinbyxor f\u00e5r s\u00e4llan n\u00e5gra sympatier och det \u00e4r helt i sin ordning, att g\u00f6ra sig lustig \u00f6ver oss och betrakta oss som t\u00f6ntar.<\/p><\/blockquote>\n<p>Kom igen. Se dig omkring. Vilka \u00e4r det som best\u00e4mmer i stort sett allt? Medel\u00e5ldersm\u00e4n.<\/p>\n<p>Vilka f\u00e5r nyanst\u00e4llningar? 30-\u00e5rsm\u00e4n. Vilka blir chefer? Medel\u00e5ldersm\u00e4n. P\u00e5 s\u00e5 s\u00e4tt f\u00f6rs\u00e4krar de sig om \u00e5terv\u00e4xten.<\/p>\n<p>T\u00e4nk om det under ett \u00e5r bara fick rekryteras kvinnor till alla poster. Vilka ramaskri det skulle bli bland m\u00e4nnen.<\/p>\n<p>\u00c4r det s\u00e5 konstigt om vi i ren frustration f\u00f6r att de medel\u00e5ldersm\u00e4nnen ska styra och st\u00e4lla och best\u00e4mma allt, \u00e4r det d\u00e5 s\u00e5 konstigt om vi d\u00e5 vill retas lite med dem och framst\u00e4lla dem som t\u00f6ntar? Det \u00e4r ju det enda vi kan g\u00f6ra, f\u00f6r \u00f6vrigt har ju ni tagit \u00f6ver alla arenor, i stort sett.<\/p>\n<p>Andra bloggar om: <a href=\"http:\/\/bloggar.se\/om\/mobbning\" rel=\"tag\">mobbning<\/a>, <a href=\"http:\/\/bloggar.se\/om\/medel%E5lder\" rel=\"tag\">medel\u00e5lder<\/a>, <a href=\"http:\/\/bloggar.se\/om\/m%E4n\" rel=\"tag\">m\u00e4n<\/a>, <a href=\"http:\/\/bloggar.se\/om\/debatt\" rel=\"tag\">debatt<\/a>, <a href=\"http:\/\/bloggar.se\/om\/l%F6jligt\" rel=\"tag\">l\u00f6jligt<\/a>, <a href=\"http:\/\/bloggar.se\/om\/Aftonbladet\" rel=\"tag\">Aftonbladet<\/a><\/p>\n<p><a href='http:\/\/sodergren.com\/kulturbloggen\/wp-content\/uploads\/2008\/09\/gubbar2601.jpg'><img loading=\"lazy\" decoding=\"async\" src=\"http:\/\/sodergren.com\/kulturbloggen\/wp-content\/uploads\/2008\/09\/gubbar2601.jpg\" alt=\"\" title=\"gubbar2601\" width=\"260\" height=\"150\" class=\"aligncenter size-full wp-image-1859\" \/><\/a><\/p>\n","protected":false},"excerpt":{"rendered":"<p>Dagens s\u00e4kert dummaste debattartikel har jag l\u00e4st i Aftonbladet. En 58-\u00e5rs manlig journalist h\u00e4vdar att det blivit till\u00e5tet att mobba och driva med medel\u00e5lersm\u00e4n. Nog \u00e4r det lite m\u00e4rkligt, det h\u00e4r med mobbning. Vi protesterar h\u00f6gljutt om barn eller arbetskamrater blir m\u00e5ltavlor f\u00f6r omgivningens elakheter. Men det finns en grupp i samh\u00e4llet som det tycks [&hellip;]<\/p>\n","protected":false},"author":2,"featured_media":0,"comment_status":"open","ping_status":"open","sticky":false,"template":"","format":"standard","meta":{"_genesis_hide_title":false,"_genesis_hide_breadcrumbs":false,"_genesis_hide_singular_image":false,"_genesis_hide_footer_widgets":false,"_genesis_custom_body_class":"","_genesis_custom_post_class":"","_genesis_layout":"","footnotes":""},"categories":[20],"tags":[3894,3569,3718],"class_list":{"0":"post-1856","1":"post","2":"type-post","3":"status-publish","4":"format-standard","6":"category-film","7":"tag-man","8":"tag-medelalder","9":"tag-mobbning","10":"entry"},"_links":{"self":[{"href":"https:\/\/kulturbloggen.com\/index.php?rest_route=\/wp\/v2\/posts\/1856","targetHints":{"allow":["GET"]}}],"collection":[{"href":"https:\/\/kulturbloggen.com\/index.php?rest_route=\/wp\/v2\/posts"}],"about":[{"href":"https:\/\/kulturbloggen.com\/index.php?rest_route=\/wp\/v2\/types\/post"}],"author":[{"embeddable":true,"href":"https:\/\/kulturbloggen.com\/index.php?rest_route=\/wp\/v2\/users\/2"}],"replies":[{"embeddable":true,"href":"https:\/\/kulturbloggen.com\/index.php?rest_route=%2Fwp%2Fv2%2Fcomments&post=1856"}],"version-history":[{"count":0,"href":"https:\/\/kulturbloggen.com\/index.php?rest_route=\/wp\/v2\/posts\/1856\/revisions"}],"wp:attachment":[{"href":"https:\/\/kulturbloggen.com\/index.php?rest_route=%2Fwp%2Fv2%2Fmedia&parent=1856"}],"wp:term":[{"taxonomy":"category","embeddable":true,"href":"https:\/\/kulturbloggen.com\/index.php?rest_route=%2Fwp%2Fv2%2Fcategories&post=1856"},{"taxonomy":"post_tag","embeddable":true,"href":"https:\/\/kulturbloggen.com\/index.php?rest_route=%2Fwp%2Fv2%2Ftags&post=1856"}],"curies":[{"name":"wp","href":"https:\/\/api.w.org\/{rel}","templated":true}]}}