{"id":185322,"date":"2024-10-01T16:42:45","date_gmt":"2024-10-01T14:42:45","guid":{"rendered":"https:\/\/kulturbloggen.com\/?p=185322"},"modified":"2024-10-01T16:42:45","modified_gmt":"2024-10-01T14:42:45","slug":"tranorna-flyger-soderut-vann-folkets-litteraturpris-arets-bok","status":"publish","type":"post","link":"https:\/\/kulturbloggen.com\/?p=185322","title":{"rendered":"Tranorna flyger s\u00f6derut vann folkets litteraturpris \u00c5rets Bok"},"content":{"rendered":"<p><img loading=\"lazy\" decoding=\"async\" class=\"aligncenter size-full wp-image-185327\" src=\"https:\/\/kulturbloggen.com\/wp-content\/uploads\/2024\/10\/tranorna-flyger-soderut.jpg\" alt=\"\" width=\"200\" height=\"297\" \/><\/p>\n<p>Bonniers Bokklubbar delade ut priset f\u00f6r \u00c5rets Bok 2024 i samband med Bokm\u00e4ssan. Priset delas ut f\u00f6r att uppm\u00e4rksamma den roman som l\u00e4sarna anser vara \u00e5rets b\u00e4sta. Boken som i \u00e5r fick f\u00e5tt r\u00f6ster av l\u00e4sarna och d\u00e4rmed st\u00e5r som vinnare \u00e4r Lisa Ridz\u00e9ns debutroman Tranorna flyger s\u00f6derut.<\/p>\n<p>\u2013 En f\u00e4ngslande debut som v\u00e4cker starka k\u00e4nslor tycks vara v\u00e4gen till l\u00e4sarnas hj\u00e4rtan d\u00e5 det \u00e4ven i \u00e5r \u00e4r just en s\u00e5dan bok som st\u00e5r som vinnare n\u00e4r l\u00e4sarna sagt sitt. Tranorna flyger s\u00f6derut l\u00e4mnar f\u00e5 \u00f6gon torra och jag f\u00f6rst\u00e5r att den gjort starkt avtryck hos l\u00e4sarna. Det har ocks\u00e5 varit fantastiskt roligt att se att det engagemang som byggts upp kring priset de senaste \u00e5ren har h\u00e5llit i sig \u00e4ven detta \u00e5r, s\u00e4ger Petra Nuhma, Marknadschef p\u00e5 Bonniers Bokklubbar.<\/p>\n<p><strong>Pristagarna i \u00c5rets Bok 2024:<\/strong><br \/>\nTranorna flyger s\u00f6derut av Lisa Ridz\u00e9n (Bokf\u00f6rlaget Forum)<br \/>\nK\u00e4raste Lena av Ninni Schulman (Bazar f\u00f6rlag)<br \/>\nJ\u00e4vla Karlar av Andrev Walden (Bokf\u00f6rlaget Polaris)<\/p>\n<p>Lisa Ridz\u00e9n bel\u00f6nas, f\u00f6rutom med \u00e4ran, ocks\u00e5 med en statyett designad av Torstensson Art &amp; Design i en prisutdelningsceremoni p\u00e5 Bokm\u00e4ssan i G\u00f6teborg idag.<\/p>\n<p><strong>Om \u00c5rets bok<\/strong><br \/>\n\u00c5rets Bok har delats ut av Bonniers Bokklubbar sedan 2016. Juryn best\u00e5r av Bonnier Bokklubbars fem litteraturredakt\u00f6rer som nominerar 12 titlar utifr\u00e5n ett antal kriterier. Boken ska ha getts ut p\u00e5 svenska under perioden 1 maj 2023 \u2013 30 april 2024 och ska inneha h\u00f6g spr\u00e5klig kvalitet, tilltala en bred l\u00e4sekrets samt vara en v\u00e4l ber\u00e4ttad historia sett till handling, karakt\u00e4rer och milj\u00f6. L\u00e4sarna har kunnat r\u00f6sta p\u00e5 sin favoritbok mellan 3 maj och 1 september 2024.<\/p>\n","protected":false},"excerpt":{"rendered":"<p>Bonniers Bokklubbar delade ut priset f\u00f6r \u00c5rets Bok 2024 i samband med Bokm\u00e4ssan. Priset delas ut f\u00f6r att uppm\u00e4rksamma den roman som l\u00e4sarna anser vara \u00e5rets b\u00e4sta. Boken som i \u00e5r fick f\u00e5tt r\u00f6ster av l\u00e4sarna och d\u00e4rmed st\u00e5r som vinnare \u00e4r Lisa Ridz\u00e9ns debutroman Tranorna flyger s\u00f6derut. \u2013 En f\u00e4ngslande debut som v\u00e4cker starka [&hellip;]<\/p>\n","protected":false},"author":13,"featured_media":0,"comment_status":"closed","ping_status":"closed","sticky":false,"template":"","format":"standard","meta":{"_genesis_hide_title":false,"_genesis_hide_breadcrumbs":false,"_genesis_hide_singular_image":false,"_genesis_hide_footer_widgets":false,"_genesis_custom_body_class":"","_genesis_custom_post_class":"","_genesis_layout":"","footnotes":""},"categories":[3],"tags":[],"class_list":{"0":"post-185322","1":"post","2":"type-post","3":"status-publish","4":"format-standard","6":"category-litteratur","7":"entry"},"_links":{"self":[{"href":"https:\/\/kulturbloggen.com\/index.php?rest_route=\/wp\/v2\/posts\/185322","targetHints":{"allow":["GET"]}}],"collection":[{"href":"https:\/\/kulturbloggen.com\/index.php?rest_route=\/wp\/v2\/posts"}],"about":[{"href":"https:\/\/kulturbloggen.com\/index.php?rest_route=\/wp\/v2\/types\/post"}],"author":[{"embeddable":true,"href":"https:\/\/kulturbloggen.com\/index.php?rest_route=\/wp\/v2\/users\/13"}],"replies":[{"embeddable":true,"href":"https:\/\/kulturbloggen.com\/index.php?rest_route=%2Fwp%2Fv2%2Fcomments&post=185322"}],"version-history":[{"count":6,"href":"https:\/\/kulturbloggen.com\/index.php?rest_route=\/wp\/v2\/posts\/185322\/revisions"}],"predecessor-version":[{"id":185330,"href":"https:\/\/kulturbloggen.com\/index.php?rest_route=\/wp\/v2\/posts\/185322\/revisions\/185330"}],"wp:attachment":[{"href":"https:\/\/kulturbloggen.com\/index.php?rest_route=%2Fwp%2Fv2%2Fmedia&parent=185322"}],"wp:term":[{"taxonomy":"category","embeddable":true,"href":"https:\/\/kulturbloggen.com\/index.php?rest_route=%2Fwp%2Fv2%2Fcategories&post=185322"},{"taxonomy":"post_tag","embeddable":true,"href":"https:\/\/kulturbloggen.com\/index.php?rest_route=%2Fwp%2Fv2%2Ftags&post=185322"}],"curies":[{"name":"wp","href":"https:\/\/api.w.org\/{rel}","templated":true}]}}