{"id":185227,"date":"2024-10-01T10:24:00","date_gmt":"2024-10-01T08:24:00","guid":{"rendered":"https:\/\/kulturbloggen.com\/?p=185227"},"modified":"2024-10-01T16:43:27","modified_gmt":"2024-10-01T14:43:27","slug":"fem-konstnarer-moter-publiken-i-stockholms-tunnelbana","status":"publish","type":"post","link":"https:\/\/kulturbloggen.com\/?p=185227","title":{"rendered":"Fem konstn\u00e4rer m\u00f6ter publiken i Stockholms tunnelbana"},"content":{"rendered":"<figure id=\"attachment_185230\" aria-describedby=\"caption-attachment-185230\" style=\"width: 650px\" class=\"wp-caption aligncenter\"><img loading=\"lazy\" decoding=\"async\" class=\"size-full wp-image-185230\" src=\"https:\/\/kulturbloggen.com\/wp-content\/uploads\/2024\/09\/unnamed-2-5.jpg\" alt=\"\" width=\"650\" height=\"366\" srcset=\"https:\/\/kulturbloggen.com\/wp-content\/uploads\/2024\/09\/unnamed-2-5.jpg 650w, https:\/\/kulturbloggen.com\/wp-content\/uploads\/2024\/09\/unnamed-2-5-300x169.jpg 300w\" sizes=\"auto, (max-width: 650px) 100vw, 650px\" \/><figcaption id=\"caption-attachment-185230\" class=\"wp-caption-text\">De fem konstn\u00e4rerna fr\u00e5n v\u00e4nster till h\u00f6ger: Amanda Hellsten, Nacho Tatjer, Britta Marakatt-Labba, Olof Inger och Marja-Leena Sillanp\u00e4\u00e4.<\/figcaption><\/figure>\n<p>Fem konstn\u00e4rer m\u00f6ter publiken i Stockholms tunnelbana h\u00f6sten 2024, ber\u00e4ttar ett pressmeddelande:<br \/>\n<strong>Pressmeddelandet ber\u00e4ttar tyv\u00e4rr inte vilket datum det hela arrangeras.<\/strong><\/p>\n<p>De fem utst\u00e4llande konstn\u00e4rerna i \u00e5rets Konstv\u00e4xlingar arbetar n\u00e4ra sin vardag och har samlat material fr\u00e5n olika platser och n\u00e4rmilj\u00f6er. Genom att vrida och v\u00e4nda p\u00e5 det bekanta skapas ber\u00e4ttelser som tar oss till olika platser \u2013 fr\u00e5n stationen \u2013 till fj\u00e4llet, boksidan, gymmet, staden och atelj\u00e9n.<\/p>\n<p>Tematiken f\u00f6r 2024 \u00e5rs program \u00e4r I samtal. P\u00e5 olika s\u00e4tt myllrar bilderna av meningar \u2013 i m\u00e5lningar som skildrar samtal mellan konstn\u00e4rsv\u00e4nner, i broderier som inrymmer ber\u00e4ttelser om b\u00e5de universum och det vardagliga i samma bild, i gamla b\u00f6cker som f\u00e5tt nytt liv och ny mening genom \u00f6verstrykningar och urklipp.<\/p>\n<p>Vernissagevisning och samtal p\u00e5 varje station<\/p>\n<p>Ta chansen att h\u00f6ra konstn\u00e4rerna ber\u00e4tta om utst\u00e4llningarna under specialvisningen p\u00e5 cirka nio minuter. Tiderna \u00e4r h\u00e5lltider. SL-biljett g\u00e4ller.<\/p>\n<p><strong>Kl 13.15 &#8211; 13.25 G\u00e4rdets tunnelbanestation<\/strong><\/p>\n<p>Amanda Hellsten presenterar &#8221;K\u00e4ra dagbok&#8221;, d\u00e4r hennes m\u00e5lningar fungerar som dagboksanteckningar. Bilderna speglar personliga minnen och vardagliga \u00f6gonblicksbilder fr\u00e5n de senaste \u00e5ren i ett personligt m\u00e5leriskt uttryck.<\/p>\n<p>Amanda Hellsten (f\u00f6dd 1989) arbetar med m\u00e5leri, b\u00e5de i olja och digitalt. Genom att dokumentera sig sj\u00e4lv och sin omgivning via mobilkameran samlar hon inspiration till nya m\u00e5lningar.<\/p>\n<p><strong>Kl 13.35 &#8211; 13.45 Zinkensdamms tunnelbanestation<\/strong><\/p>\n<p>Olof Inger utforskar den m\u00e4nskliga kroppens plats i universum med sina verk &#8221;Den kosmiska ordningen&#8221;, tv\u00e5 storskaliga kollage i starka f\u00e4rger, d\u00e4r kroppar och himlakroppar v\u00e4vs samman i ett kosmiskt diagram.<\/p>\n<p>Olof Inger (f\u00f6dd 1979) har i sin konst p\u00e5 olika s\u00e4tt \u00e5terkommit till sin bakgrund som kampsportare och anv\u00e4nder ibland material fr\u00e5n gymmet i sina textila kollage och bilder. Han arbetar i en m\u00e4ngd tekniker, med kroppen och dess sinnesf\u00f6rnimmelser i st\u00e4ndig fokus.<\/p>\n<p><strong>Kl 13.50 -14.00 Mariatorgets tunnelbanestation<\/strong><\/p>\n<p>Nacho Tatjer som med sin bildsvit &#8221;Con Ritmo&#8221; f\u00f6rmedlar en rytmisk resa genom tiden och materialet. Stad, land, teckning och olika skulpturer sm\u00e4lter samman i s\u00e4regna fotografier i en teknik som konstn\u00e4ren arbetat med i \u00f6ver 20 \u00e5r.<\/p>\n<p>Nacho Tatjer (f\u00f6dd. 1966) jobbar med papper, tr\u00e4, duk, textil, keramik, fotografi, brons eller vilket material han nu snubblar \u00f6ver. Tatjer bygger upp ber\u00e4ttelser och bildv\u00e4rldar med lika delar fantasi som vardag.<\/p>\n<p><strong>14.05 &#8211; 14.15 Slussens tunnelbanestation<\/strong><\/p>\n<p>Marja-Leena Sillanp\u00e4\u00e4 visar &#8221;B\u00f6cker ur ett v\u00e4xande arkiv (1968-2024)&#8221;, d\u00e4r boken som objekt och portal till nya verkligheter st\u00e5r i centrum. Med storskaliga bilder av hennes artist books kan betraktaren n\u00e4stan kliva in i boksidorna. P\u00e5 Slussen visas \u00f6ver 40 bilder.<\/p>\n<p>Marja-Leena Sillanp\u00e4\u00e4 (f\u00f6dd 1965) har under hela sin konstn\u00e4rliga verksamhet arbetat med boken som ett konstn\u00e4rligt material. Hon letar efter bortgl\u00f6mda b\u00f6cker som hon varsamt ger ny mening. Efter sitt m\u00e5ng\u00e5riga arbete har hon idag skapat \u00f6ver 2500 artist books.<\/p>\n<p><strong>Kl 14.30 -14.40 Fridhemsplans tunnelbanestation<\/strong><\/p>\n<p>Britta Marakatt-Labba ber\u00e4ttar om samisk kultur och historia genom sina detaljrika broderier i utst\u00e4llningen &#8221;R\u00f6tter&#8221;, som str\u00e4cker sig \u00f6ver Fridhemsplans v\u00e4ggar. I Marakatt-Labbas bilder finns ofta fj\u00e4llet som bakgrund, d\u00e4r boplatser, renar och fj\u00e4llbj\u00f6rkar tr\u00e4der fram. P\u00e5 Fridhemsplan har konsttavlorna anpassats f\u00f6r det vidst\u00e4ckta formatet i konstn\u00e4rens bilder.<\/p>\n<p>Britta Marakatt-Labba (f\u00f6dd 1951) har varit verksam konstn\u00e4r i \u00f6ver fyrtio \u00e5r. Hon fick sitt stora internationella genombrott 2017 p\u00e5 Documenta 14 d\u00e4r det 24 meter l\u00e5nga broderiet Historja visades. Marakatt-Labba arbetar i b\u00e5de liten och stor skala med ett s\u00e4reget ber\u00e4ttande bildspr\u00e5k.<\/p>\n<p><strong>Invigning kl 13.00 p\u00e5 plattformen p\u00e5 G\u00e4rdet<\/strong><\/p>\n<p>Kulturn\u00e4mndens ordf\u00f6rande Erik Persson (S) och trafikregionr\u00e5d och styrelseordf\u00f6rande f\u00f6r SL Anton Fendert (MP) inviger utst\u00e4llningarna innan visningen.<\/p>\n<p>Om Konstv\u00e4xlingar &#8211; samtida konst p\u00e5 fem tunnelbanestationer<\/p>\n<p>Region Stockholm forts\u00e4tter att utveckla SL:s l\u00e5nga historia av att arbeta med unga och etablerade konstn\u00e4rer. Genom \u00e5ren har vi presenterat hyllade projekt av svenska och internationella konstn\u00e4rer. Det g\u00f6r att Konstv\u00e4xlingar blivit en sj\u00e4lvklar del av offentliga rummet i Stockholms innerstad, och konsten i tunnelbanan till en av v\u00e4rldens l\u00e4ngsta konstutst\u00e4llningar.<\/p>\n<p>Varje \u00e5r presenteras nya \u00e5rsl\u00e5nga utst\u00e4llningar p\u00e5 Mariatorget, Slussen, G\u00e4rdet, Fridhemsplan och Zinkensdamms tunnelbanestationer. P\u00e5 Skanstull och Odenplan v\u00e4xlar konsten var tredje m\u00e5nad. Totalt blir det 13 utst\u00e4llningar \u00e5rligen.<\/p>\n","protected":false},"excerpt":{"rendered":"<p>Fem konstn\u00e4rer m\u00f6ter publiken i Stockholms tunnelbana h\u00f6sten 2024, ber\u00e4ttar ett pressmeddelande: Pressmeddelandet ber\u00e4ttar tyv\u00e4rr inte vilket datum det hela arrangeras. De fem utst\u00e4llande konstn\u00e4rerna i \u00e5rets Konstv\u00e4xlingar arbetar n\u00e4ra sin vardag och har samlat material fr\u00e5n olika platser och n\u00e4rmilj\u00f6er. Genom att vrida och v\u00e4nda p\u00e5 det bekanta skapas ber\u00e4ttelser som tar oss till [&hellip;]<\/p>\n","protected":false},"author":13,"featured_media":0,"comment_status":"closed","ping_status":"closed","sticky":false,"template":"","format":"standard","meta":{"_genesis_hide_title":false,"_genesis_hide_breadcrumbs":false,"_genesis_hide_singular_image":false,"_genesis_hide_footer_widgets":false,"_genesis_custom_body_class":"","_genesis_custom_post_class":"","_genesis_layout":"","footnotes":""},"categories":[3],"tags":[],"class_list":{"0":"post-185227","1":"post","2":"type-post","3":"status-publish","4":"format-standard","6":"category-litteratur","7":"entry"},"_links":{"self":[{"href":"https:\/\/kulturbloggen.com\/index.php?rest_route=\/wp\/v2\/posts\/185227","targetHints":{"allow":["GET"]}}],"collection":[{"href":"https:\/\/kulturbloggen.com\/index.php?rest_route=\/wp\/v2\/posts"}],"about":[{"href":"https:\/\/kulturbloggen.com\/index.php?rest_route=\/wp\/v2\/types\/post"}],"author":[{"embeddable":true,"href":"https:\/\/kulturbloggen.com\/index.php?rest_route=\/wp\/v2\/users\/13"}],"replies":[{"embeddable":true,"href":"https:\/\/kulturbloggen.com\/index.php?rest_route=%2Fwp%2Fv2%2Fcomments&post=185227"}],"version-history":[{"count":7,"href":"https:\/\/kulturbloggen.com\/index.php?rest_route=\/wp\/v2\/posts\/185227\/revisions"}],"predecessor-version":[{"id":185280,"href":"https:\/\/kulturbloggen.com\/index.php?rest_route=\/wp\/v2\/posts\/185227\/revisions\/185280"}],"wp:attachment":[{"href":"https:\/\/kulturbloggen.com\/index.php?rest_route=%2Fwp%2Fv2%2Fmedia&parent=185227"}],"wp:term":[{"taxonomy":"category","embeddable":true,"href":"https:\/\/kulturbloggen.com\/index.php?rest_route=%2Fwp%2Fv2%2Fcategories&post=185227"},{"taxonomy":"post_tag","embeddable":true,"href":"https:\/\/kulturbloggen.com\/index.php?rest_route=%2Fwp%2Fv2%2Ftags&post=185227"}],"curies":[{"name":"wp","href":"https:\/\/api.w.org\/{rel}","templated":true}]}}