{"id":1850,"date":"2008-09-22T19:18:09","date_gmt":"2008-09-22T19:18:09","guid":{"rendered":"http:\/\/kulturbloggen.com\/?p=1850"},"modified":"2008-09-22T19:18:09","modified_gmt":"2008-09-22T19:18:09","slug":"irriterande-en-ny-ipod-touch-redan-jag-har-inte-hunnit-lara-mig-bemastra-den-forra","status":"publish","type":"post","link":"https:\/\/kulturbloggen.com\/?p=1850","title":{"rendered":"Irriterande, en ny ipod touch redan, jag har inte hunnit l\u00e4ra mig bem\u00e4stra den f\u00f6rra"},"content":{"rendered":"<p><a href='http:\/\/sodergren.com\/kulturbloggen\/wp-content\/uploads\/2008\/09\/ipod_touch260.jpg'><img loading=\"lazy\" decoding=\"async\" src=\"http:\/\/sodergren.com\/kulturbloggen\/wp-content\/uploads\/2008\/09\/ipod_touch260.jpg\" alt=\"\" title=\"ipod_touch260\" width=\"260\" height=\"150\" class=\"aligncenter size-full wp-image-1851\" \/><\/a><\/p>\n<blockquote><p>Apples nya Ipod Touch klarar de mesta.<br \/>\nMusik, film, spel och tr\u00e5dl\u00f6st n\u00e4tverk.<br \/>\nMed priser som s\u00e4nkts cirka 20 procent blir den \u00e4n mer intressant.<\/p><\/blockquote>\n<p><a href=\"http:\/\/www.aftonbladet.se\/pryl\/article3368231.ab\">Ber\u00e4ttar Aftonbladet<\/a> om den nya ipod touch. Jag som var s\u00e5 n\u00f6jd med min nya, ink\u00f6pt i somras. Utvecklingen g\u00e5r f\u00f6r fort. Nu \u00e4r min modell pl\u00f6tsligt en gammal modell.<\/p>\n<p><a href='http:\/\/sodergren.com\/kulturbloggen\/wp-content\/uploads\/2008\/09\/ipodtouch125.jpg'><img loading=\"lazy\" decoding=\"async\" src=\"http:\/\/sodergren.com\/kulturbloggen\/wp-content\/uploads\/2008\/09\/ipodtouch125.jpg\" alt=\"\" title=\"ipodtouch125\" width=\"125\" height=\"250\" class=\"alignnone size-medium wp-image-1886\" \/><\/a><\/p>\n","protected":false},"excerpt":{"rendered":"<p>Apples nya Ipod Touch klarar de mesta. Musik, film, spel och tr\u00e5dl\u00f6st n\u00e4tverk. Med priser som s\u00e4nkts cirka 20 procent blir den \u00e4n mer intressant. Ber\u00e4ttar Aftonbladet om den nya ipod touch. Jag som var s\u00e5 n\u00f6jd med min nya, ink\u00f6pt i somras. Utvecklingen g\u00e5r f\u00f6r fort. Nu \u00e4r min modell pl\u00f6tsligt en gammal modell.<\/p>\n","protected":false},"author":2,"featured_media":0,"comment_status":"open","ping_status":"open","sticky":false,"template":"","format":"standard","meta":{"_genesis_hide_title":false,"_genesis_hide_breadcrumbs":false,"_genesis_hide_singular_image":false,"_genesis_hide_footer_widgets":false,"_genesis_custom_body_class":"","_genesis_custom_post_class":"","_genesis_layout":"","footnotes":""},"categories":[20],"tags":[2548],"class_list":{"0":"post-1850","1":"post","2":"type-post","3":"status-publish","4":"format-standard","6":"category-film","7":"tag-ipod","8":"entry"},"_links":{"self":[{"href":"https:\/\/kulturbloggen.com\/index.php?rest_route=\/wp\/v2\/posts\/1850","targetHints":{"allow":["GET"]}}],"collection":[{"href":"https:\/\/kulturbloggen.com\/index.php?rest_route=\/wp\/v2\/posts"}],"about":[{"href":"https:\/\/kulturbloggen.com\/index.php?rest_route=\/wp\/v2\/types\/post"}],"author":[{"embeddable":true,"href":"https:\/\/kulturbloggen.com\/index.php?rest_route=\/wp\/v2\/users\/2"}],"replies":[{"embeddable":true,"href":"https:\/\/kulturbloggen.com\/index.php?rest_route=%2Fwp%2Fv2%2Fcomments&post=1850"}],"version-history":[{"count":0,"href":"https:\/\/kulturbloggen.com\/index.php?rest_route=\/wp\/v2\/posts\/1850\/revisions"}],"wp:attachment":[{"href":"https:\/\/kulturbloggen.com\/index.php?rest_route=%2Fwp%2Fv2%2Fmedia&parent=1850"}],"wp:term":[{"taxonomy":"category","embeddable":true,"href":"https:\/\/kulturbloggen.com\/index.php?rest_route=%2Fwp%2Fv2%2Fcategories&post=1850"},{"taxonomy":"post_tag","embeddable":true,"href":"https:\/\/kulturbloggen.com\/index.php?rest_route=%2Fwp%2Fv2%2Ftags&post=1850"}],"curies":[{"name":"wp","href":"https:\/\/api.w.org\/{rel}","templated":true}]}}