{"id":18417,"date":"2010-03-12T10:28:29","date_gmt":"2010-03-12T09:28:29","guid":{"rendered":"http:\/\/kulturbloggen.com\/?p=18417"},"modified":"2010-03-12T10:28:29","modified_gmt":"2010-03-12T09:28:29","slug":"tyska-bandet-scooter-gor-officiella-temat-for-hockey-vm","status":"publish","type":"post","link":"https:\/\/kulturbloggen.com\/?p=18417","title":{"rendered":"Tyska bandet Scooter g\u00f6r officiella temat f\u00f6r Hockey-VM"},"content":{"rendered":"<p><a href=\"http:\/\/kulturbloggen.com\/wp-content\/uploads\/2010\/03\/scooter_hockey_vm_large.jpg\"><img loading=\"lazy\" decoding=\"async\" src=\"http:\/\/kulturbloggen.com\/wp-content\/uploads\/2010\/03\/scooter_hockey_vm_large.jpg\" alt=\"\" title=\"scooter_hockey_vm_large\" width=\"171\" height=\"270\" class=\"aligncenter size-full wp-image-18418\" \/><\/a><br \/>\nIshockey-VM n\u00e4rmar sig. Fast vi l\u00e4ngtar v\u00e4l mer efter v\u00e5r. Och efter svenska misslyckandet i OS vet jag inte om vi t\u00f6rs ens t\u00e4nka p\u00e5 Hockey-VM.<br \/>\n\u00c4r inte Hockey-VM fel ord? Det finns olika slags hockey. Ishockey-VM \u00e4r v\u00e4l det korrekta?<br \/>\nH\u00e4r ett pressmeddelande om vem som g\u00f6r den officiella l\u00e5ten f\u00f6r VM:<br \/>\nHockeyfans fr\u00e5n hela v\u00e4rlden spekulerade om vem som skulle g\u00f6ra den officiella l\u00e5ten f\u00f6r Ishockey-VM 2010. Ju l\u00e4ngre de spekulerade, desto mer pekade ryktena i en och samma riktning, n\u00e4mligen mot det tyska bandet Scooter.<\/p>\n<p>Med \u00f6ver 25 miljoner s\u00e5lda album, \u00f6ver 80 guld- och platinaalbum \u00f6ver hela v\u00e4rlden och med 23 topp tio hits \u00e4r Scooter det mest framg\u00e5ngsrika tyska bandet i topplistehistorien.<\/p>\n<p>Den officiella l\u00e5ten f\u00f6r Ishockey-VM 2010 kommer att bli &#8221;Stuck On Replay&#8221;. Den oemotst\u00e5ndliga refr\u00e4ngen &#8221;I got this feeling down deep in my soul that I just can&#8217;t lose &#8211; Guess I&#8217;m on my way&#8221; uppmuntrar inte bara fans att sjunga med utan symboliserar ocks\u00e5 attityden de 16 m\u00e4sterskapslagen kommer att ta med sig p\u00e5 isen. L\u00e5ten \u00e4r tagen fr\u00e5n Scooters senaste album &#8221;Under The Radar Over The Top&#8221; och kommer att sl\u00e4ppas som singel.<\/p>\n<p>&#8221;SCOOTERs fast, hard rhythms are perfect for ice hockey,&#8221; s\u00e4ger Henner Ziegfeld, PR-chef f\u00f6r tyska ishockeyf\u00f6rbundets VM-organisation och till\u00e4gger &#8221;With SCOOTER we will present a top act from Germany for the World Championship that is currently in and is a big name in the other countries participating in the World Championship as well. We are aware that SCOOTER can be controversial, but their style is definitely anything but boring and will give the World Championship its own unmistakable sound&#8221;.<\/p>\n<p>F\u00f6rutom &#8221;Stuck On Replay&#8221; kommer \u00e4ven andra l\u00e5tar fr\u00e5n senaste albumet att vara en del av det musikaliska programmet p\u00e5 matcherna. Flera promotionaktiviteter kommer att belysa samarbetet mellan Scooter och organisationskommitt\u00e9n. Scooter kommer t.ex. presentera v\u00e4rldsm\u00e4sterskapet under deras turn\u00e9 &#8221;Under The Radar Over The Top Tour 2010&#8221; den 11-20 mars 2010.<br \/>\nDen officiella l\u00e5ten kommer vara med i reklamfilmen f\u00f6r VM och \u00e4ven integreras p\u00e5 den officiella hemsidan f\u00f6r Ishockey-VM 2010 (www.iihfworlds2010.com). Vidare planeras nu \u00e4ven ett liveframtr\u00e4dande av Scooter p\u00e5 inledningsmatchen i Gelsenkirchen.<\/p>\n<p>F\u00f6r mer information om SCOOTER och deras kommande tour: <a href=\"http:\/\/www.scootertechno.com\">www.scootertechno.com<\/a><br \/>\n<a href=\"http:\/\/www.iihfworlds2010.com\">VM-biljetter &#038; Info: www.iihfworlds2010.com<\/a><\/p>\n<p>L\u00e4s \u00e4ven andra bloggares \u00e5sikter om <a href=\"http:\/\/bloggar.se\/om\/ishockey\" rel=\"tag\">ishockey<\/a>, <a href=\"http:\/\/bloggar.se\/om\/sport\" rel=\"tag\">sport<\/a>, <a href=\"http:\/\/bloggar.se\/om\/Scooter\" rel=\"tag\">Scooter<\/a>, <a href=\"http:\/\/bloggar.se\/om\/Tyskland\" rel=\"tag\">Tyskland<\/a>, <a href=\"http:\/\/bloggar.se\/om\/Hockey-VM\" rel=\"tag\">Hockey-VM<\/a><\/p>\n","protected":false},"excerpt":{"rendered":"<p>Ishockey-VM n\u00e4rmar sig. Fast vi l\u00e4ngtar v\u00e4l mer efter v\u00e5r. Och efter svenska misslyckandet i OS vet jag inte om vi t\u00f6rs ens t\u00e4nka p\u00e5 Hockey-VM. \u00c4r inte Hockey-VM fel ord? Det finns olika slags hockey. Ishockey-VM \u00e4r v\u00e4l det korrekta? H\u00e4r ett pressmeddelande om vem som g\u00f6r den officiella l\u00e5ten f\u00f6r VM: Hockeyfans fr\u00e5n [&hellip;]<\/p>\n","protected":false},"author":13,"featured_media":0,"comment_status":"open","ping_status":"open","sticky":false,"template":"","format":"standard","meta":{"_genesis_hide_title":false,"_genesis_hide_breadcrumbs":false,"_genesis_hide_singular_image":false,"_genesis_hide_footer_widgets":false,"_genesis_custom_body_class":"","_genesis_custom_post_class":"","_genesis_layout":"","footnotes":""},"categories":[20],"tags":[2567,27],"class_list":{"0":"post-18417","1":"post","2":"type-post","3":"status-publish","4":"format-standard","6":"category-film","7":"tag-ishockey","8":"tag-sport","9":"entry"},"_links":{"self":[{"href":"https:\/\/kulturbloggen.com\/index.php?rest_route=\/wp\/v2\/posts\/18417","targetHints":{"allow":["GET"]}}],"collection":[{"href":"https:\/\/kulturbloggen.com\/index.php?rest_route=\/wp\/v2\/posts"}],"about":[{"href":"https:\/\/kulturbloggen.com\/index.php?rest_route=\/wp\/v2\/types\/post"}],"author":[{"embeddable":true,"href":"https:\/\/kulturbloggen.com\/index.php?rest_route=\/wp\/v2\/users\/13"}],"replies":[{"embeddable":true,"href":"https:\/\/kulturbloggen.com\/index.php?rest_route=%2Fwp%2Fv2%2Fcomments&post=18417"}],"version-history":[{"count":0,"href":"https:\/\/kulturbloggen.com\/index.php?rest_route=\/wp\/v2\/posts\/18417\/revisions"}],"wp:attachment":[{"href":"https:\/\/kulturbloggen.com\/index.php?rest_route=%2Fwp%2Fv2%2Fmedia&parent=18417"}],"wp:term":[{"taxonomy":"category","embeddable":true,"href":"https:\/\/kulturbloggen.com\/index.php?rest_route=%2Fwp%2Fv2%2Fcategories&post=18417"},{"taxonomy":"post_tag","embeddable":true,"href":"https:\/\/kulturbloggen.com\/index.php?rest_route=%2Fwp%2Fv2%2Ftags&post=18417"}],"curies":[{"name":"wp","href":"https:\/\/api.w.org\/{rel}","templated":true}]}}