{"id":1839,"date":"2008-09-22T14:12:01","date_gmt":"2008-09-22T14:12:01","guid":{"rendered":"http:\/\/kulturbloggen.com\/?p=1839"},"modified":"2008-09-22T14:12:01","modified_gmt":"2008-09-22T14:12:01","slug":"peter-birros-den-omhet-jag-ar-vard-ar-ett-morkt-och-poetiskt-drama-om-manniskor-som-natt-sin-botten","status":"publish","type":"post","link":"https:\/\/kulturbloggen.com\/?p=1839","title":{"rendered":"Peter Birros &quot;Den \u00f6mhet jag \u00e4r v\u00e4rd&quot; \u00e4r ett m\u00f6rkt och poetiskt drama om m\u00e4nniskor som n\u00e5tt sin botten"},"content":{"rendered":"<p><a href='http:\/\/sodergren.com\/kulturbloggen\/wp-content\/uploads\/2008\/09\/thomashanzon2601.jpg'><img loading=\"lazy\" decoding=\"async\" src=\"http:\/\/sodergren.com\/kulturbloggen\/wp-content\/uploads\/2008\/09\/thomashanzon2601.jpg\" alt=\"\" title=\"thomashanzon2601\" width=\"260\" height=\"150\" class=\"aligncenter size-full wp-image-1841\" \/><\/a><\/p>\n<p>Efter succ\u00e9erna Neil Armstrong var aldrig p\u00e5 m\u00e5nen och Arbetarklassens sista hj\u00e4ltar \u00e4r Peter Birro tillbaka med en nyskriven pj\u00e4s p\u00e5 Elverket. Den \u00f6mhet jag \u00e4r v\u00e4rd \u00e4r ett r\u00e5tt, m\u00f6rkt och poetiskt drama om m\u00e4nniskor som n\u00e5tt sin botten.<br \/>\nPrecis som i Birros tidigare pj\u00e4ser finns en stark politisk dimension. Den \u00f6mhet jag \u00e4r v\u00e4rd skildrar ett h\u00e5rt samh\u00e4lle d\u00e4r de allra svagaste l\u00e4mnas i sticket.<br \/>\n\u2013 Dagens samh\u00e4lle har devalverat m\u00e4nniskov\u00e4rdet \u2013 allt och alla har f\u00f6rvandlats till varor som man kan k\u00f6pa och s\u00e4lja. Det finns ocks\u00e5 ett oerh\u00f6rt f\u00f6rakt f\u00f6r svaghet, s\u00e4ger Peter.<\/p>\n<p>\u2013 Pj\u00e4sen ska vara som ett stenh\u00e5rt slag i magen p\u00e5 dem som tittar. Visst \u00e4r den oerh\u00f6rt brutal, men jag hoppas samtidigt att publiken ska se det \u00f6msinta, det absurda och det komiska. Det \u00e4r en v\u00e4ldigt personlig pj\u00e4s. Just nu ber\u00e4ttar den h\u00e4r historien allt jag vill s\u00e4ga om v\u00e4rlden, m\u00e4nniskorna och mig sj\u00e4lv. I slut\u00e4ndan \u00e4r detta en pj\u00e4s om m\u00e4nniskans okr\u00e4nkbarhet, s\u00e4ger Peter Birro.<\/p>\n<p><strong>Den \u00f6mhet jag \u00e4r v\u00e4rd<\/strong> visar p\u00e5 hur sorg, sm\u00e4rta och drogmissbruk g\u00e5r i arv.<br \/>\n\u2013 Droger \u00e4r en v\u00e4ldigt stark metafor f\u00f6r att n\u00e5 botten. Att ta droger fast man vet att det h\u00e5ller p\u00e5 att ta livet av en \u00e4r ju en bild f\u00f6r det totala vansinnet. P\u00e5 det s\u00e4ttet \u00e4r pj\u00e4sen ett hallucinatoriskt mardr\u00f6msspel, s\u00e4ger Peter Birro.<\/p>\n<p>Id\u00e9n till Den \u00f6mhet jag \u00e4r v\u00e4rd v\u00e4xte fram i samtal med regiss\u00f6ren Stefan Larsson samt sk\u00e5despelaren B\u00f6rje Ahlstedt, som tidigare spelat i Birros pj\u00e4ser. Genom att anv\u00e4nda sin erfarenhet fr\u00e5n l\u00e5ngfilm och teve gav Birro pj\u00e4sen en filmisk form d\u00e4r scenerna &#8221;korsklipps&#8221; med varandra.<\/p>\n<p>F\u00f6rsta pris, premi\u00e4rbiljetter, i sms-kampanjen d\u00e4r deltagare motiverade vilken \u00f6mhet de \u00e4r v\u00e4rda, gick till \u201dDen \u00f6mhet jag \u00e4r v\u00e4rd, \u00e4r den jag aldrig fick\u201d \/Stephan. Se \u00f6vriga bidrag p\u00e5 www.dramaten.se\/Dramaten\/Forestallningar\/Den-omhet-jag-ar-vard\/<\/p>\n<blockquote><p>Den \u00f6mhet jag \u00e4r v\u00e4rd<br \/>\nAv Peter Birro<br \/>\nUrpremi\u00e4r 26 september p\u00e5 Elverket<\/p>\n<p>I rollerna B\u00f6rje Ahlstedt, Livia Millhagen, Thomas Hanzon, Ola Rapace, Rebecca Viitala*, Per Burell, Johan Lindell, Kicki Bramberg, Dennis Hansson *, Pelle Heikkil\u00e4 *<br \/>\n* Praktikanter fr\u00e5n Teaterh\u00f6gskolan i Helsingfors<\/p>\n<p>Regi Stefan Larsson<br \/>\nScenografi och ljus Jens Sethzman<br \/>\nKostym Nina Sandstr\u00f6m<br \/>\nPeruk och mask Leif Qvistr\u00f6m, Sari Nuttunen<\/p><\/blockquote>\n<p>Ett samtal mellan Stefan Larsson och Peter Birro om Den \u00f6mhet jag \u00e4r v\u00e4rd:<\/p>\n<p><object width=\"425\" height=\"344\"><param name=\"movie\" value=\"http:\/\/www.youtube.com\/v\/xcukFpAUPwM&#038;hl=en&#038;fs=1\"><\/param><param name=\"allowFullScreen\" value=\"true\"><\/param><embed src=\"http:\/\/www.youtube.com\/v\/xcukFpAUPwM&#038;hl=en&#038;fs=1\" type=\"application\/x-shockwave-flash\" allowfullscreen=\"true\" width=\"425\" height=\"344\"><\/embed><\/object><\/p>\n<p><em>PS. P\u00e5 bilden \u00f6verst: Thomas Hanzon, fotograf: Joel Persson<\/em><\/p>\n<p>Andra bloggar om: <a href=\"http:\/\/bloggar.se\/om\/teater\" rel=\"tag\">teater<\/a>, <a href=\"http:\/\/bloggar.se\/om\/Elverket\" rel=\"tag\">Elverket<\/a>, <a href=\"http:\/\/bloggar.se\/om\/Birro\" rel=\"tag\">Birro<\/a><\/p>\n<p><a href='http:\/\/sodergren.com\/kulturbloggen\/wp-content\/uploads\/2008\/09\/hanzon125.jpg'><img loading=\"lazy\" decoding=\"async\" src=\"http:\/\/sodergren.com\/kulturbloggen\/wp-content\/uploads\/2008\/09\/hanzon125.jpg\" alt=\"\" title=\"hanzon125\" width=\"125\" height=\"250\" class=\"aligncenter size-medium wp-image-1840\" \/><\/a><\/p>\n","protected":false},"excerpt":{"rendered":"<p>Efter succ\u00e9erna Neil Armstrong var aldrig p\u00e5 m\u00e5nen och Arbetarklassens sista hj\u00e4ltar \u00e4r Peter Birro tillbaka med en nyskriven pj\u00e4s p\u00e5 Elverket. Den \u00f6mhet jag \u00e4r v\u00e4rd \u00e4r ett r\u00e5tt, m\u00f6rkt och poetiskt drama om m\u00e4nniskor som n\u00e5tt sin botten. Precis som i Birros tidigare pj\u00e4ser finns en stark politisk dimension. Den \u00f6mhet jag \u00e4r [&hellip;]<\/p>\n","protected":false},"author":2,"featured_media":0,"comment_status":"open","ping_status":"open","sticky":false,"template":"","format":"standard","meta":{"_genesis_hide_title":false,"_genesis_hide_breadcrumbs":false,"_genesis_hide_singular_image":false,"_genesis_hide_footer_widgets":false,"_genesis_custom_body_class":"","_genesis_custom_post_class":"","_genesis_layout":"","footnotes":""},"categories":[30],"tags":[5400,12288],"class_list":{"0":"post-1839","1":"post","2":"type-post","3":"status-publish","4":"format-standard","6":"category-teater","7":"tag-stockholm","8":"tag-teater","9":"entry"},"_links":{"self":[{"href":"https:\/\/kulturbloggen.com\/index.php?rest_route=\/wp\/v2\/posts\/1839","targetHints":{"allow":["GET"]}}],"collection":[{"href":"https:\/\/kulturbloggen.com\/index.php?rest_route=\/wp\/v2\/posts"}],"about":[{"href":"https:\/\/kulturbloggen.com\/index.php?rest_route=\/wp\/v2\/types\/post"}],"author":[{"embeddable":true,"href":"https:\/\/kulturbloggen.com\/index.php?rest_route=\/wp\/v2\/users\/2"}],"replies":[{"embeddable":true,"href":"https:\/\/kulturbloggen.com\/index.php?rest_route=%2Fwp%2Fv2%2Fcomments&post=1839"}],"version-history":[{"count":0,"href":"https:\/\/kulturbloggen.com\/index.php?rest_route=\/wp\/v2\/posts\/1839\/revisions"}],"wp:attachment":[{"href":"https:\/\/kulturbloggen.com\/index.php?rest_route=%2Fwp%2Fv2%2Fmedia&parent=1839"}],"wp:term":[{"taxonomy":"category","embeddable":true,"href":"https:\/\/kulturbloggen.com\/index.php?rest_route=%2Fwp%2Fv2%2Fcategories&post=1839"},{"taxonomy":"post_tag","embeddable":true,"href":"https:\/\/kulturbloggen.com\/index.php?rest_route=%2Fwp%2Fv2%2Ftags&post=1839"}],"curies":[{"name":"wp","href":"https:\/\/api.w.org\/{rel}","templated":true}]}}