{"id":183877,"date":"2024-08-22T08:52:54","date_gmt":"2024-08-22T06:52:54","guid":{"rendered":"https:\/\/kulturbloggen.com\/?p=183877"},"modified":"2024-08-22T08:52:54","modified_gmt":"2024-08-22T06:52:54","slug":"luc-besson-greta-gerwig-och-sophia-loren-hojdpunkter-pa-hostens-timelessfest","status":"publish","type":"post","link":"https:\/\/kulturbloggen.com\/?p=183877","title":{"rendered":"Luc Besson, Greta Gerwig och Sophia Loren &#8211; h\u00f6jdpunkter p\u00e5 h\u00f6stens Timelessfest"},"content":{"rendered":"<p><img loading=\"lazy\" decoding=\"async\" class=\"aligncenter size-full wp-image-183882\" src=\"https:\/\/kulturbloggen.com\/wp-content\/uploads\/2024\/08\/unnamed-3-2.jpg\" alt=\"\" width=\"650\" height=\"366\" srcset=\"https:\/\/kulturbloggen.com\/wp-content\/uploads\/2024\/08\/unnamed-3-2.jpg 650w, https:\/\/kulturbloggen.com\/wp-content\/uploads\/2024\/08\/unnamed-3-2-300x169.jpg 300w\" sizes=\"auto, (max-width: 650px) 100vw, 650px\" \/><\/p>\n<p>H\u00f6jdpunkter p\u00e5 Timelessfest: Luc Besson \/ Alexandra Dahlstr\u00f6m om Greta Gerwig \/ Elis Burrau om Harmony Korine \/ Niclas Larsson om Todd Solondz \/ Olga ruin om Sophia Loren \u2013 och mycket mer ber\u00e4ttar ett pressmeddelande om h\u00f6stens Timelessfest:<\/p>\n<p>Michael Powell och Emeric Pressburger gjorde under namnet the Archers n\u00e5gra av historiens mest \u00e4lskade och egensinniga filmer \u2013 \u00e5rets Timelessfest hyllar dem och premi\u00e4rvisar den nya dokument\u00e4ren om dem, producerad av Martin Scorsese, som \u00e4ven medverkar i filmen. En annan stj\u00e4rna som hyllas p\u00e5 \u00e5rets festival \u00e4r Greta Gerwig, i rollen som b\u00e5de sk\u00e5despelare och regiss\u00f6r. Hennes Nights and Weekends ramas in av ett samtal med sk\u00e5despelaren och regiss\u00f6ren Alexandra Dahlstr\u00f6m. Programmet djupdyker \u00e4ven i Todd Solondz svarta humor (med kommentar fr\u00e5n regiss\u00f6r Niclas Larsson), poeten Elis Burrau introducerar visningen av Harmony Korines Trashumpers och Luc Bessons L\u00e9on firar 30 \u00e5r med visning i director&#8217;s cut.<\/p>\n<p><strong>H\u00f6jdpunkter p\u00e5 Timelessfest 2024 \u2013 28 august-1 september<\/strong><\/p>\n<p><em>Powell &amp; Pressburger: Made in England: The films of Powell &amp; Pressburger<\/em> \u2013 31 augusti kl 16.00 p\u00e5 Tellus \u2013 Ny dokument\u00e4r producerad av och med medverkan av Martin Scorsese, om den legendariska duon. The edge of the world och Return to the edge of the world \u2013 1 september kl 10.30 p\u00e5 Tellus. The red shoes \u2013 1 september kl 14.15 p\u00e5 Capitol.<\/p>\n<p><em>Gerwig before Barbie<\/em> \u2013 31 augusti kl 18.15 p\u00e5 Aspen \u2013 Alexandra Dahlstr\u00f6m och Wanda Bendjelloul samtalar om Greta Gerwig och rollen som sk\u00e5despelande regiss\u00f6r innan visningen av Nights and Weekends, av och med Greta Gerwig.<\/p>\n<p><em>Korine + Burrau<\/em> \u2013 30 augusti kl 18.00 p\u00e5 Grand \u2013 Poeten Elis Monteverde Burrau introducerar Harmony Korines mockument\u00e4r Trashumpers<\/p>\n<p><em>Todd Solondzs svarta humor<\/em> \u2013 30 augusti kl 19.00 p\u00e5 Tellus \u2013 Welcome to the dollhouse med specialinspelad intro av Mother, couch-regiss\u00f6ren Niclas Larsson. Dessutom visning av Palindromes 31 augusti kl 19.00 p\u00e5 Tellus.<\/p>\n<p><em>L\u00e9on 30 \u00e5r<\/em> \u2013 28 augusti kl 18.30 p\u00e5 Rigoletto \u2013 Luc Bessons m\u00e4sterverk i director&#8217;s cut. Vi lottar ut en f\u00f6r evenemanget specialgjord limited edition t-shirt i publiken (som \u00e4ven Besson sj\u00e4lv \u00e4ger ett ex!)<\/p>\n<p><em>En alldeles s\u00e4rskild visning<\/em> \u2013 29 augusti kl 18.00 p\u00e5 Kaskad \u2013 Kritikern Olga Ruin introducerar Ettore Scolas En alldeles s\u00e4rskild dag med Sophia Loren och Marcello Mastroianni \u2013 de enda tv\u00e5 personer Ruin inte \u00e4r kritisk mot.<\/p>\n<p><a href=\"https:\/\/www.nonstoptimeless.com\/timelessfest24\">Hela programmet med filmer och samtal finns att se p\u00e5 nonstoptimeless.com<\/a><\/p>\n","protected":false},"excerpt":{"rendered":"<p>H\u00f6jdpunkter p\u00e5 Timelessfest: Luc Besson \/ Alexandra Dahlstr\u00f6m om Greta Gerwig \/ Elis Burrau om Harmony Korine \/ Niclas Larsson om Todd Solondz \/ Olga ruin om Sophia Loren \u2013 och mycket mer ber\u00e4ttar ett pressmeddelande om h\u00f6stens Timelessfest: Michael Powell och Emeric Pressburger gjorde under namnet the Archers n\u00e5gra av historiens mest \u00e4lskade och [&hellip;]<\/p>\n","protected":false},"author":13,"featured_media":0,"comment_status":"closed","ping_status":"closed","sticky":false,"template":"","format":"standard","meta":{"_genesis_hide_title":false,"_genesis_hide_breadcrumbs":false,"_genesis_hide_singular_image":false,"_genesis_hide_footer_widgets":false,"_genesis_custom_body_class":"","_genesis_custom_post_class":"","_genesis_layout":"","footnotes":""},"categories":[50,13624],"tags":[1723,15012],"class_list":{"0":"post-183877","1":"post","2":"type-post","3":"status-publish","4":"format-standard","6":"category-filmfilm","7":"category-toppnytt","8":"tag-filmfestival","9":"tag-timelessfest","10":"entry"},"_links":{"self":[{"href":"https:\/\/kulturbloggen.com\/index.php?rest_route=\/wp\/v2\/posts\/183877","targetHints":{"allow":["GET"]}}],"collection":[{"href":"https:\/\/kulturbloggen.com\/index.php?rest_route=\/wp\/v2\/posts"}],"about":[{"href":"https:\/\/kulturbloggen.com\/index.php?rest_route=\/wp\/v2\/types\/post"}],"author":[{"embeddable":true,"href":"https:\/\/kulturbloggen.com\/index.php?rest_route=\/wp\/v2\/users\/13"}],"replies":[{"embeddable":true,"href":"https:\/\/kulturbloggen.com\/index.php?rest_route=%2Fwp%2Fv2%2Fcomments&post=183877"}],"version-history":[{"count":4,"href":"https:\/\/kulturbloggen.com\/index.php?rest_route=\/wp\/v2\/posts\/183877\/revisions"}],"predecessor-version":[{"id":183884,"href":"https:\/\/kulturbloggen.com\/index.php?rest_route=\/wp\/v2\/posts\/183877\/revisions\/183884"}],"wp:attachment":[{"href":"https:\/\/kulturbloggen.com\/index.php?rest_route=%2Fwp%2Fv2%2Fmedia&parent=183877"}],"wp:term":[{"taxonomy":"category","embeddable":true,"href":"https:\/\/kulturbloggen.com\/index.php?rest_route=%2Fwp%2Fv2%2Fcategories&post=183877"},{"taxonomy":"post_tag","embeddable":true,"href":"https:\/\/kulturbloggen.com\/index.php?rest_route=%2Fwp%2Fv2%2Ftags&post=183877"}],"curies":[{"name":"wp","href":"https:\/\/api.w.org\/{rel}","templated":true}]}}