{"id":18333,"date":"2010-03-10T08:41:51","date_gmt":"2010-03-10T07:41:51","guid":{"rendered":"http:\/\/kulturbloggen.com\/?p=18333"},"modified":"2010-03-10T08:41:51","modified_gmt":"2010-03-10T07:41:51","slug":"gammelmedierna-vagar-inte-slappa-igenom-blogglankar-pa-texter-om-hot-mot-lars-vilks-endast-svd-vagar","status":"publish","type":"post","link":"https:\/\/kulturbloggen.com\/?p=18333","title":{"rendered":"Gammelmedierna v\u00e5gar inte sl\u00e4ppa igenom bloggl\u00e4nkar p\u00e5 texter om hot mot Lars Vilks &#8211; endast SVD v\u00e5gar"},"content":{"rendered":"<p><a href=\"http:\/\/kulturbloggen.com\/wp-content\/uploads\/2010\/03\/blogglankar.jpg\"><img loading=\"lazy\" decoding=\"async\" src=\"http:\/\/kulturbloggen.com\/wp-content\/uploads\/2010\/03\/blogglankar-300x160.jpg\" alt=\"\" title=\"blogglankar\" width=\"300\" height=\"160\" class=\"aligncenter size-medium wp-image-18334\" \/><\/a><br \/>\nDet \u00e4r inte ofta Kulturbloggen h\u00e5ller med vad som skrivs p\u00e5 DN:s ledarsida. Men idag har det h\u00e4nt:<br \/>\n<a href=\"http:\/\/www.dn.se\/opinion\/ett-hot-mot-alla-1.1058764\">Fr\u00e5n Dagens Nyheters ledare:<\/a><\/p>\n<blockquote><p>Den svenska r\u00e4ttsstaten m\u00e5ste d\u00e4rf\u00f6r ge Lars Vilks allt skydd han beh\u00f6ver. Det f\u00e5r inte r\u00e5da n\u00e5got tvivel om att S\u00e4po st\u00e4ller upp med adekvat bevakning.<\/p>\n<p>Lars Vilks st\u00e5r inte ensam i denna konflikt. Ett hot mot honom \u00e4r i f\u00f6rl\u00e4ngningen ett hot mot alla svenskar.<\/p><\/blockquote>\n<p>Med ordet svenskar menas f\u00f6r mig inte bara alla medborgare i Sverige, eller alla inv\u00e5nare i Sverige, utan alla m\u00e4nniskor i hela v\u00e4rlden som tror p\u00e5 demokrati. En grundf\u00f6ruts\u00e4ttning f\u00f6r demokrati \u00e4r yttrandefrihet. I yttrandefrihet  ing\u00e5r r\u00e4tten att vara kritisk mot vilken religion som helst.<\/p>\n<p>Men tyv\u00e4rr verkar gammelmedier som DN och Aftonbladet slira lite p\u00e5 det d\u00e4r med yttrandefrihet. Det verkar som om inga bloggl\u00e4nkar visas i samband med n\u00e5gon artikel som handlar om hoten mot Lars Vilks. Uppenbarligen \u00e4r gammelmedierna r\u00e4dda f\u00f6r rasistiska inl\u00e4gg. Men det finns en ofantlig m\u00e4ngd andra bloggar &#8211; och som kan tillf\u00f6ra saker i debatten och ge st\u00f6d f\u00f6r yttrandefriheten. Men n\u00e4r det g\u00e4ller: d\u00e5 vill gammelmedierna inte ha med bloggarna att g\u00f6ra. Eller?<\/p>\n<p>Endast Svenska Dagbladet verkar lita p\u00e5 andra \u00e4n gammelmedier. <a href=\"http:\/\/www.svd.se\/nyheter\/inrikes\/vilks-har-inte-fatt-nagon-information_4401455.svd\">Denna artikel har till exempel bloggl\u00e4nkar.<\/a><\/p>\n<p>Uppdatering: G\u00f6teborgsposten g\u00e5r inte heller p\u00e5 censurlinjen. <a href=\"http:\/\/www.gp.se\/nyheter\/sverige\/1.328204-mordkomplott-mot-vilks-avslojad\">H\u00e4r till\u00e5ts bloggl\u00e4nkar.<\/a><br \/>\n<a href=\"http:\/\/sydsvenskan.se\/sverige\/article262865\/Reinfeldt-manar-om-yttrandefrihet.html\">Sydsvenskan verkar g\u00e5 p\u00e5 traditionella gammelmedielinjen och har st\u00e4ngt av bloggl\u00e4nkar i samband med Vilkshoten.<\/a><\/p>\n<p>Kolla sj\u00e4lv h\u00e4r: finns det n\u00e5gon bloggl\u00e4nk?<br \/>\n<a href=\"http:\/\/www.aftonbladet.se\/nyheter\/article6748888.ab\">Aftonbladet<\/a><br \/>\n<a href=\"http:\/\/www.dn.se\/nyheter\/varlden\/sju-gripna-for-mordplaner-mot-lars-vilks-1.1058541\">Dagens Nyheter<\/a><br \/>\n<a href=\"http:\/\/www.svd.se\/nyheter\/utrikes\/sju-gripna-for-vilkskomplott_4401115.svd\">Svenska Dagbladet 1 <\/a>och <a href=\"http:\/\/www.svd.se\/nyheter\/inrikes\/atalad-i-usa-for-mordplan-mot-vilks_4402203.svd\">Svenska Dagbladet 2<\/a>.<\/p>\n<p>L\u00e4s \u00e4ven andra bloggares \u00e5sikter om <a href=\"http:\/\/bloggar.se\/om\/yttrandefrihet\" rel=\"tag\">yttrandefrihet<\/a>, <a href=\"http:\/\/bloggar.se\/om\/medier\" rel=\"tag\">medier<\/a>, <a href=\"http:\/\/bloggar.se\/om\/G%F6teborgsposten\" rel=\"tag\">G\u00f6teborgsposten<\/a>, <a href=\"http:\/\/bloggar.se\/om\/Svenska+Dagbladet\" rel=\"tag\">Svenska Dagbladet<\/a>, <a href=\"http:\/\/bloggar.se\/om\/Vilks\" rel=\"tag\">Vilks<\/a>, <a href=\"http:\/\/bloggar.se\/om\/demokrati\" rel=\"tag\">demokrati<\/a>, <a href=\"http:\/\/bloggar.se\/om\/hot\" rel=\"tag\">hot<\/a><\/p>\n","protected":false},"excerpt":{"rendered":"<p>Det \u00e4r inte ofta Kulturbloggen h\u00e5ller med vad som skrivs p\u00e5 DN:s ledarsida. Men idag har det h\u00e4nt: Fr\u00e5n Dagens Nyheters ledare: Den svenska r\u00e4ttsstaten m\u00e5ste d\u00e4rf\u00f6r ge Lars Vilks allt skydd han beh\u00f6ver. Det f\u00e5r inte r\u00e5da n\u00e5got tvivel om att S\u00e4po st\u00e4ller upp med adekvat bevakning. Lars Vilks st\u00e5r inte ensam i denna [&hellip;]<\/p>\n","protected":false},"author":2,"featured_media":0,"comment_status":"open","ping_status":"open","sticky":false,"template":"","format":"standard","meta":{"_genesis_hide_title":false,"_genesis_hide_breadcrumbs":false,"_genesis_hide_singular_image":false,"_genesis_hide_footer_widgets":false,"_genesis_custom_body_class":"","_genesis_custom_post_class":"","_genesis_layout":"","footnotes":""},"categories":[62],"tags":[3582],"class_list":{"0":"post-18333","1":"post","2":"type-post","3":"status-publish","4":"format-standard","6":"category-medie-och-kulturpolitik","7":"tag-medier","8":"entry"},"_links":{"self":[{"href":"https:\/\/kulturbloggen.com\/index.php?rest_route=\/wp\/v2\/posts\/18333","targetHints":{"allow":["GET"]}}],"collection":[{"href":"https:\/\/kulturbloggen.com\/index.php?rest_route=\/wp\/v2\/posts"}],"about":[{"href":"https:\/\/kulturbloggen.com\/index.php?rest_route=\/wp\/v2\/types\/post"}],"author":[{"embeddable":true,"href":"https:\/\/kulturbloggen.com\/index.php?rest_route=\/wp\/v2\/users\/2"}],"replies":[{"embeddable":true,"href":"https:\/\/kulturbloggen.com\/index.php?rest_route=%2Fwp%2Fv2%2Fcomments&post=18333"}],"version-history":[{"count":0,"href":"https:\/\/kulturbloggen.com\/index.php?rest_route=\/wp\/v2\/posts\/18333\/revisions"}],"wp:attachment":[{"href":"https:\/\/kulturbloggen.com\/index.php?rest_route=%2Fwp%2Fv2%2Fmedia&parent=18333"}],"wp:term":[{"taxonomy":"category","embeddable":true,"href":"https:\/\/kulturbloggen.com\/index.php?rest_route=%2Fwp%2Fv2%2Fcategories&post=18333"},{"taxonomy":"post_tag","embeddable":true,"href":"https:\/\/kulturbloggen.com\/index.php?rest_route=%2Fwp%2Fv2%2Ftags&post=18333"}],"curies":[{"name":"wp","href":"https:\/\/api.w.org\/{rel}","templated":true}]}}