{"id":18322,"date":"2010-03-09T19:34:41","date_gmt":"2010-03-09T18:34:41","guid":{"rendered":"http:\/\/kulturbloggen.com\/?p=18322"},"modified":"2010-03-09T19:34:41","modified_gmt":"2010-03-09T18:34:41","slug":"har-vi-de-medier-vi-fortjanar","status":"publish","type":"post","link":"https:\/\/kulturbloggen.com\/?p=18322","title":{"rendered":"Har vi de medier vi f\u00f6rtj\u00e4nar?"},"content":{"rendered":"<p><a href=\"http:\/\/kulturbloggen.com\/wp-content\/uploads\/2010\/03\/larsvilks_screen.jpg\"><img loading=\"lazy\" decoding=\"async\" src=\"http:\/\/kulturbloggen.com\/wp-content\/uploads\/2010\/03\/larsvilks_screen-300x210.jpg\" alt=\"\" title=\"larsvilks_screen\" width=\"300\" height=\"210\" class=\"aligncenter size-medium wp-image-18324\" \/><\/a><br \/>\nLaila Bagge Wahlgren, 37, och Niclas Wahlgren, 44, tj\u00e4nade pengar p\u00e5 sitt br\u00f6llop.  De s\u00e5lde fotor\u00e4ttigheterna till Expressen. Dessutom fick Lailas kl\u00e4dm\u00e4rke gratisreklam i tidningen. Totalt ber\u00e4knas uppg\u00f6relsen vara v\u00e4rd runt en halv miljon kronor. <a href=\"http:\/\/www.aftonbladet.se\/nojesbladet\/article6744203.ab\">Ber\u00e4ttar Aftonbladet<\/a>, som sj\u00e4lvklart \u00e4r sura f\u00f6r att de inte kunde bjuda \u00f6ver, s\u00e5 klart.<br \/>\nDet \u00e4r v\u00e4l bara att konstatera att medierna har de f\u00f6ruts\u00e4ttningar som f\u00f6rtj\u00e4nar.<br \/>\nHar de valt att konkurrera med bilder fr\u00e5n en s\u00e5dan pseudoh\u00e4ndelse som ett br\u00f6llop mellan Laila Bagge och Niclas Wahlgren. Jag skulle vilja se den ekonomiska redovisningen f\u00f6r hur m\u00e5nga fler tidningar som Expressen s\u00e5lt f\u00f6r att de har ensamr\u00e4tt p\u00e5 br\u00f6llopsbilderna. jag har sv\u00e5rt att t\u00e4nka mig att det verkligen \u00e4r l\u00f6nsamt.<br \/>\nIdag n\u00e4r bilder kan spridas p\u00e5 n\u00e4tet hur l\u00e4tt som helst: hur kan n\u00e5gon vara beredd att betala f\u00f6r en tidning f\u00f6r att f\u00e5 se en bild d\u00e4r p\u00e5 Niclas och Laila?<\/p>\n<p>\u00c4r det verkligen s\u00e5 ekonomiskt l\u00f6nsamt?<\/p>\n<p>Jag \u00f6nskar att medierna hade \u00e4gnat mer energi \u00e5t yttrandefrihetsfr\u00e5gorna. Som det d\u00e4r att svenska medier teg om Muhammedteckningarna och inte stod upp f\u00f6r Lars Vilks. Det spelar ingen roll fr\u00e5n vilket h\u00e5ll attackerna mot yttrandefriheten sker, det \u00e4r mediers ansvara att f\u00f6rsvara den.<\/p>\n<p>Nu har tydligen ett antal personer gripits med l\u00e5ngt g\u00e5ngna planer p\u00e5 att m\u00f6rda Lars Vilks. <a href=\"http:\/\/www.aftonbladet.se\/nyheter\/article6748888.ab\">Ur Aftonbladet:<\/a><\/p>\n<blockquote><p>Sju personer har gripits misst\u00e4nkta f\u00f6r att ha planerat att m\u00f6rda den svenske konstn\u00e4ren Lars Vilks.<br \/>\nDe fyra m\u00e4nnen och de tre kvinnorna greps i irl\u00e4ndska Waterford och Cork.<br \/>\n\u2013 Skallet efter rondellhunden tystnar aldrig, s\u00e4ger Lars Vilks till Aftonbladet.<\/p><\/blockquote>\n<p>F\u00f6r mig \u00e4r det tydligt att bloggar har \u00f6ppnat upp f\u00f6r att fler r\u00f6ster kan g\u00f6ra sig h\u00f6rda. Den st\u00f6rsta kampen f\u00f6r yttrandefrihet drivs idag av bloggare. Det \u00e4r d\u00e4r st\u00f6det f\u00f6r r\u00e4tten att yttra sig \u00e4r starkast.<br \/>\nGenom att vi \u00e4r m\u00e5nga kan de krafter som med v\u00e5ld vill tysta m\u00e4nniskor aldrig vinna.<\/p>\n<p><a href=\"http:\/\/www.dn.se\/nyheter\/sverige\/lars-vilks-jag-har-en-yxa-1.1058684\">DN har talat med Lars Vilks som inte verkar ha blivit skr\u00e4md<\/a>:<\/p>\n<blockquote><p>\u2013 ?Jag darrar inte precis av r\u00e4dsla. Jag har f\u00f6rberett mig p\u00e5 olika vis och jag har en yxa h\u00e4r om n\u00e5gon skulle ta sig in genom f\u00f6nstret, s\u00e4ger Vilks till TT sedan gripandena blivit k\u00e4nda.<\/p><\/blockquote>\n<p>Fast det \u00e4r klart han m\u00e5ste vara p\u00e5verkad av det som h\u00e4nt. <a href=\"http:\/\/www.vilks.net\/\">Han har en blogg: Vilks.net<\/a>. Han har inte n\u00e4mnd n\u00e5got om mordplanerna d\u00e4r, vad jag kan se. Det kanske kommer. Eller s\u00e5 v\u00e4ljer han att inte kommentera det i sin blogg.<\/p>\n<p>Jag tycker attackerna mot yttrandefriheten \u00e4r sammanfl\u00e4tade med och har att g\u00f6ra med att de traditionella medier mer och mer sviker sin roll d\u00e4r och ist\u00e4llet satsar mer och mer p\u00e5 att konkurrera om bilder p\u00e5 k\u00e4ndisars br\u00f6llop. Den kamp som Lars Vilks nu f\u00e5r ta borde medierna tagit.<\/p>\n<p>Mer om mordplanerna p\u00e5 Lars Vilks.<br \/>\n<a href=\"http:\/\/www.vg.no\/nyheter\/utenriks\/artikkel.php?artid=579756\">Verdens Gang<\/a>, <a href=\"http:\/\/www.dn.se\/nyheter\/varlden\/sju-gripna-for-mordplaner-mot-lars-vilks-1.1058541\">Dagens Nyheter<\/a>, <a href=\"http:\/\/www.svd.se\/nyheter\/utrikes\/sju-gripna-for-vilkskomplott_4401115.svd\">Svenska Dagbladet 1<\/a>, <a href=\"http:\/\/www.svd.se\/nyheter\/inrikes\/sapo-kande-till-gripande_4401371.svd\">Svenska Dagbladet 2<\/a>, <a href=\"http:\/\/www.gp.se\/nyheter\/varlden\/1.328058-sju-gripna-for-vilkskomplott\">G\u00f6teborgsposten<\/a>, <a href=\"http:\/\/sydsvenskan.se\/sverige\/article636398\/Sju-gripna-for-Vilkskomplott.html\">Sydsvenskan.<\/a><\/p>\n<p>L\u00e4s \u00e4ven andra bloggares \u00e5sikter om <a href=\"http:\/\/bloggar.se\/om\/yttrandefrihet\" rel=\"tag\">yttrandefrihet<\/a>, <a href=\"http:\/\/bloggar.se\/om\/medier\" rel=\"tag\">medier<\/a>, <a href=\"http:\/\/bloggar.se\/om\/k%E4ndisar\" rel=\"tag\">k\u00e4ndisar<\/a>, <a href=\"http:\/\/bloggar.se\/om\/kv%E4llstidningar\" rel=\"tag\">kv\u00e4llstidningar<\/a>, <a href=\"http:\/\/bloggar.se\/om\/Lars+Vilks\" rel=\"tag\">Lars Vilks<\/a>, <a href=\"http:\/\/bloggar.se\/om\/Laila+Bagge\" rel=\"tag\">Laila Bagge<\/a>, <a href=\"http:\/\/bloggar.se\/om\/Niclas+Wahlgren\" rel=\"tag\">Niclas Wahlgren<\/a>, <a href=\"http:\/\/bloggar.se\/om\/mediekritik\" rel=\"tag\">mediekritik<\/a><\/p>\n","protected":false},"excerpt":{"rendered":"<p>Laila Bagge Wahlgren, 37, och Niclas Wahlgren, 44, tj\u00e4nade pengar p\u00e5 sitt br\u00f6llop. De s\u00e5lde fotor\u00e4ttigheterna till Expressen. Dessutom fick Lailas kl\u00e4dm\u00e4rke gratisreklam i tidningen. Totalt ber\u00e4knas uppg\u00f6relsen vara v\u00e4rd runt en halv miljon kronor. Ber\u00e4ttar Aftonbladet, som sj\u00e4lvklart \u00e4r sura f\u00f6r att de inte kunde bjuda \u00f6ver, s\u00e5 klart. Det \u00e4r v\u00e4l bara att [&hellip;]<\/p>\n","protected":false},"author":2,"featured_media":0,"comment_status":"open","ping_status":"open","sticky":false,"template":"","format":"standard","meta":{"_genesis_hide_title":false,"_genesis_hide_breadcrumbs":false,"_genesis_hide_singular_image":false,"_genesis_hide_footer_widgets":false,"_genesis_custom_body_class":"","_genesis_custom_post_class":"","_genesis_layout":"","footnotes":""},"categories":[62],"tags":[3171,3159,3582],"class_list":{"0":"post-18322","1":"post","2":"type-post","3":"status-publish","4":"format-standard","6":"category-medie-och-kulturpolitik","7":"tag-kandisar","8":"tag-kvallstidningar","9":"tag-medier","10":"entry"},"_links":{"self":[{"href":"https:\/\/kulturbloggen.com\/index.php?rest_route=\/wp\/v2\/posts\/18322","targetHints":{"allow":["GET"]}}],"collection":[{"href":"https:\/\/kulturbloggen.com\/index.php?rest_route=\/wp\/v2\/posts"}],"about":[{"href":"https:\/\/kulturbloggen.com\/index.php?rest_route=\/wp\/v2\/types\/post"}],"author":[{"embeddable":true,"href":"https:\/\/kulturbloggen.com\/index.php?rest_route=\/wp\/v2\/users\/2"}],"replies":[{"embeddable":true,"href":"https:\/\/kulturbloggen.com\/index.php?rest_route=%2Fwp%2Fv2%2Fcomments&post=18322"}],"version-history":[{"count":0,"href":"https:\/\/kulturbloggen.com\/index.php?rest_route=\/wp\/v2\/posts\/18322\/revisions"}],"wp:attachment":[{"href":"https:\/\/kulturbloggen.com\/index.php?rest_route=%2Fwp%2Fv2%2Fmedia&parent=18322"}],"wp:term":[{"taxonomy":"category","embeddable":true,"href":"https:\/\/kulturbloggen.com\/index.php?rest_route=%2Fwp%2Fv2%2Fcategories&post=18322"},{"taxonomy":"post_tag","embeddable":true,"href":"https:\/\/kulturbloggen.com\/index.php?rest_route=%2Fwp%2Fv2%2Ftags&post=18322"}],"curies":[{"name":"wp","href":"https:\/\/api.w.org\/{rel}","templated":true}]}}