{"id":1832,"date":"2008-09-22T13:10:20","date_gmt":"2008-09-22T13:10:20","guid":{"rendered":"http:\/\/kulturbloggen.com\/?p=1832"},"modified":"2008-09-22T13:10:20","modified_gmt":"2008-09-22T13:10:20","slug":"gamla-byggnader-viktigare-an-levande-kultur-for-hogern","status":"publish","type":"post","link":"https:\/\/kulturbloggen.com\/?p=1832","title":{"rendered":"Gamla byggnader viktigare \u00e4n levande kultur f\u00f6r h\u00f6gern"},"content":{"rendered":"<p><a href='http:\/\/sodergren.com\/kulturbloggen\/wp-content\/uploads\/2008\/09\/kyrka260.jpg'><img loading=\"lazy\" decoding=\"async\" src=\"http:\/\/sodergren.com\/kulturbloggen\/wp-content\/uploads\/2008\/09\/kyrka260.jpg\" alt=\"\" title=\"kyrka260\" width=\"260\" height=\"150\" class=\"aligncenter size-full wp-image-1833\" \/><\/a><\/p>\n<p>Att bevara gamla byggnader, det \u00e4r viktigare f\u00f6r h\u00f6gerregeringen n\u00e4r de pratar om att satsa p\u00e5 kultur.<\/p>\n<p>I morse n\u00e4r jag h\u00f6rde de f\u00f6rsta delarna ur h\u00f6gerregeringens finansminister Borgs h\u00f6stbudget talades det om att det skulle satsas p\u00e5 kultur, <a href=\"http:\/\/kulturbloggen.com\/?p=1825\">att st\u00f6dja fler kulturarbetare<\/a>.<\/p>\n<p>Hmm, det var inte riktigt s\u00e5.<\/p>\n<blockquote><p>\nDen st\u00f6rsta \u00f6kningen av anslagen ligger p\u00e5 den kyrkoantikvariska ers\u00e4ttningen som slukar mest pengar varje \u00e5r. N\u00e4sta \u00e5r blir \u00f6kningen 70 miljoner kronor. <a href=\"http:\/\/www.dn.se\/DNet\/jsp\/polopoly.jsp?d=2374&#038;a=831302\">K\u00e4lla DN<\/a>. <\/p><\/blockquote>\n<p>Jag har inget emot att v\u00e5rda arvet av gamla byggnader. Tv\u00e4rtom. Jag hatar n\u00e4r l\u00e4nder river sina gamla hus &#8211; och tyv\u00e4rr alltf\u00f6r ofta bygger trista nya hus. Varf\u00f6r \u00e4r s\u00e5 lite av den nya arkitekturen sp\u00e4nnande? Men den viktigaste kulturen \u00e4r trots allt den levande kulturen, att skaparkraften i m\u00e4nniskor sl\u00e4pps loss. Att fler hittar skaparlusten i sig och f\u00e5r utveckla den.<\/p>\n<p>Idag var jag f\u00f6rresten p\u00e5 ett seminarium med milj\u00f6debatt\u00f6ren Stefan Edman och Svenskt N\u00e4ringslivs chefekonom Stefan F\u00f6lster (mer om det i kommande inl\u00e4gg) och d\u00e4r talades det bland annat om hur viktig kultur \u00e4r &#8211; och i ett klimatperspektiv med hot om att den v\u00e4xande medelklassen v\u00e4rlden \u00f6ver v\u00e4ljer att \u00f6verkonsumera. Kultur \u00e4r v\u00e4lf\u00e4rd som inte hotar klimatet.<\/p>\n<p>Fler r\u00f6ster om h\u00f6stbudgeten:<br \/>\n<a href=\"http:\/\/arvidfalk.se\/2008\/09\/anders-borg-och-dystra-tider\/\">Arvid Falk<\/a>,<br \/>\n<a href=\"http:\/\/hbt-sossen.blogspot.com\/2008\/09\/nya-orttvisor-del-ii.html\">HBT-sossen<\/a>, <a href=\"http:\/\/claeskrantz.se\/arkivet\/2694\"><br \/>\nClaes Krantz: Anders Borgs budet 2008 &#8211; Skattes\u00e4nkningar utan arbetslinje<\/a>,<a href=\"http:\/\/ilsemarie.wordpress.com\/2008\/09\/22\/samma-hjarnor-nya-tankar\/\"><br \/>\nEtt hj\u00e4rta r\u00f6tt: Samma hj\u00e4rnor, nya tankar<\/a>,<br \/>\n<a href=\"http:\/\/jahhollis.blogspot.com\/2008\/09\/hstdagjmningen-r-redan-ver-oss.html\">Jah Hollis: H\u00f6stdagsj\u00e4mningen redan \u00f6ver \u00f6ver,<\/a><br \/>\n<a href=\"http:\/\/www2.unt.se\/avd\/1,,MC=25-TYPE=blogg-bi=33,00.html?bin=5400\">Ledarloggen: \u00d6stros m\u00e5ste \u00f6va p\u00e5 pokerfejset,<\/a><br \/>\n<a href=\"http:\/\/alliansfrittsverige.blogspot.com\/2008\/09\/september-22-2008-regeringen-har.html\">Alliansfritt Sverige: Regeringen har underminerat a-kassan.<\/a><\/p>\n<p>Relaterade artiklar:<br \/>\n<a href=\"http:\/\/www.svd.se\/nyheter\/inrikes\/artikel_1762777.svd\">&#8221;Ov\u00e4rdig och oansvarig&#8221;<\/a>, <a href=\"http:\/\/www.svd.se\/nyheter\/inrikes\/artikel_1761199.svd\">Budgetdebatt i riksdagen<\/a>, <a href=\"http:\/\/www.svd.se\/nyheter\/inrikes\/artikel_1763395.svd\">Studenter m\u00e5r bra av att arbeta<\/a>, <a href=\"http:\/\/www.dn.se\/DNet\/jsp\/polopoly.jsp?d=2374&#038;a=831364\">Regeringen satsar p\u00e5 museerna<\/a>,  <a href=\"http:\/\/www.aftonbladet.se\/ekonomi\/article3362811.ab\">Aftonbladet<\/a>, <a href=\"http:\/\/sydsvenskan.se\/ekonomi\/article370524\/Skattesankningar-och-nya-vagar.html\">S\u00e4nkt skatt och nya v\u00e4gar<\/a>, <a href=\"http:\/\/www.aftonbladet.se\/ledare\/article3364252.ab\">En budget i kristider<\/a>.<\/p>\n<p>Andra bloggar om: <a href=\"http:\/\/bloggar.se\/om\/h%F6gerregeringen\" rel=\"tag\">h\u00f6gerregeringen<\/a>, <a href=\"http:\/\/bloggar.se\/om\/ekonomi\" rel=\"tag\">ekonomi<\/a>, <a href=\"http:\/\/bloggar.se\/om\/kulturpolitik\" rel=\"tag\">kulturpolitik<\/a>, <a href=\"http:\/\/bloggar.se\/om\/museum\" rel=\"tag\">museum<\/a>, <a href=\"http:\/\/bloggar.se\/om\/kulturarbetare\" rel=\"tag\">kulturarbetare<\/a>, <a href=\"http:\/\/bloggar.se\/om\/Borg\" rel=\"tag\">Borg<\/a><\/p>\n<p><a href='http:\/\/sodergren.com\/kulturbloggen\/wp-content\/uploads\/2008\/09\/kyrka125.jpg'><img loading=\"lazy\" decoding=\"async\" src=\"http:\/\/sodergren.com\/kulturbloggen\/wp-content\/uploads\/2008\/09\/kyrka125.jpg\" alt=\"\" title=\"kyrka125\" width=\"125\" height=\"250\" class=\"aligncenter size-full wp-image-1834\" \/><\/a><\/p>\n","protected":false},"excerpt":{"rendered":"<p>Att bevara gamla byggnader, det \u00e4r viktigare f\u00f6r h\u00f6gerregeringen n\u00e4r de pratar om att satsa p\u00e5 kultur. I morse n\u00e4r jag h\u00f6rde de f\u00f6rsta delarna ur h\u00f6gerregeringens finansminister Borgs h\u00f6stbudget talades det om att det skulle satsas p\u00e5 kultur, att st\u00f6dja fler kulturarbetare. Hmm, det var inte riktigt s\u00e5. Den st\u00f6rsta \u00f6kningen av anslagen ligger [&hellip;]<\/p>\n","protected":false},"author":2,"featured_media":0,"comment_status":"open","ping_status":"open","sticky":false,"template":"","format":"standard","meta":{"_genesis_hide_title":false,"_genesis_hide_breadcrumbs":false,"_genesis_hide_singular_image":false,"_genesis_hide_footer_widgets":false,"_genesis_custom_body_class":"","_genesis_custom_post_class":"","_genesis_layout":"","footnotes":""},"categories":[20],"tags":[1463,2385,3077,3109,3823],"class_list":{"0":"post-1832","1":"post","2":"type-post","3":"status-publish","4":"format-standard","6":"category-film","7":"tag-ekonomi","8":"tag-hogerregeringen","9":"tag-kulturarbetare","10":"tag-kulturpolitik","11":"tag-museum","12":"entry"},"_links":{"self":[{"href":"https:\/\/kulturbloggen.com\/index.php?rest_route=\/wp\/v2\/posts\/1832","targetHints":{"allow":["GET"]}}],"collection":[{"href":"https:\/\/kulturbloggen.com\/index.php?rest_route=\/wp\/v2\/posts"}],"about":[{"href":"https:\/\/kulturbloggen.com\/index.php?rest_route=\/wp\/v2\/types\/post"}],"author":[{"embeddable":true,"href":"https:\/\/kulturbloggen.com\/index.php?rest_route=\/wp\/v2\/users\/2"}],"replies":[{"embeddable":true,"href":"https:\/\/kulturbloggen.com\/index.php?rest_route=%2Fwp%2Fv2%2Fcomments&post=1832"}],"version-history":[{"count":0,"href":"https:\/\/kulturbloggen.com\/index.php?rest_route=\/wp\/v2\/posts\/1832\/revisions"}],"wp:attachment":[{"href":"https:\/\/kulturbloggen.com\/index.php?rest_route=%2Fwp%2Fv2%2Fmedia&parent=1832"}],"wp:term":[{"taxonomy":"category","embeddable":true,"href":"https:\/\/kulturbloggen.com\/index.php?rest_route=%2Fwp%2Fv2%2Fcategories&post=1832"},{"taxonomy":"post_tag","embeddable":true,"href":"https:\/\/kulturbloggen.com\/index.php?rest_route=%2Fwp%2Fv2%2Ftags&post=1832"}],"curies":[{"name":"wp","href":"https:\/\/api.w.org\/{rel}","templated":true}]}}