{"id":18296,"date":"2010-03-08T20:05:22","date_gmt":"2010-03-08T19:05:22","guid":{"rendered":"http:\/\/kulturbloggen.com\/?p=18296"},"modified":"2010-03-08T20:05:22","modified_gmt":"2010-03-08T19:05:22","slug":"nu-blir-deckaren-interaktiv-pa-allvar","status":"publish","type":"post","link":"https:\/\/kulturbloggen.com\/?p=18296","title":{"rendered":"Nu blir deckaren interaktiv p\u00e5 allvar"},"content":{"rendered":"<p><a href=\"http:\/\/kulturbloggen.com\/wp-content\/uploads\/2010\/03\/bryggan.jpg\"><img loading=\"lazy\" decoding=\"async\" src=\"http:\/\/kulturbloggen.com\/wp-content\/uploads\/2010\/03\/bryggan-240x300.jpg\" alt=\"\" title=\"bryggan\" width=\"240\" height=\"300\" class=\"aligncenter size-medium wp-image-18298\" \/><\/a><br \/>\nEn d\u00f6d man i en villa. Ett brutalt mord. En utom\u00e4ktenskaplig aff\u00e4r.<br \/>\nOch en l\u00e4sare som m\u00e5ste l\u00f6sa mysteriet.<\/p>\n<p><a href=\"http:\/\/www.lokaldelen.se\/\">Lokaldelen<\/a> har startat ett j\u00e4tteintressant projekt  &#8211; Bryggan &#8221; tillsammans med reklambyr\u00e5n Studio Total och deckardrottningen Karin Wahlberg.<\/p>\n<p>F\u00f6rfattaren skriver n\u00e5gra kapitel, men sedan m\u00e5ste l\u00e4sarna hj\u00e4lpa till f\u00f6r att deckarg\u00e5tan ska l\u00f6sas. N\u00e4r jag h\u00f6rde det h\u00e4r blev jag s\u00e5 intresserad. Jag har sj\u00e4lv f\u00f6rs\u00f6kt mig p\u00e5 ett liknande projekt: jag skrev n\u00e5gra kapitel i en deckare i en blogg och hoppades p\u00e5 att kommentarer skulle hj\u00e4lpa till. Det var f\u00f6r fem \u00e5r sedan och d\u00e5 var nog inte webben redo f\u00f6r ett s\u00e5dant projekt. Och jag hade inte tid att h\u00e4nga och utveckla den. Men nu tror jag att tiden \u00e4r mogen. Jag tror stenh\u00e5rt p\u00e5 &#8221;Bryggan&#8221;.<\/p>\n<p>Ur ett pressmeddelande:<\/p>\n<blockquote><p>Deckargenren \u00e4r en genre med givna ramar. Nu ger lokaldelen.se,<br \/>\nreklambyr\u00e5n Studio Total och deckardrottningen Karin Wahlberg<br \/>\ngenren en uppfr\u00e4schning. I boken &#8221;Bryggan&#8221; bjuds l\u00e4saren in i<br \/>\nber\u00e4ttelsen. Utan l\u00e4sarens medverkan g\u00e5r m\u00f6rdaren fri.<\/p>\n<p>&#8221;Bryggan&#8221; kan vara v\u00e4rldens f\u00f6rsta interaktiva deckare.<\/p>\n<p>&#8211; Det verkar som om internet g\u00f6r kulturen mer interaktiv. Detta \u00e4r<br \/>\nett experiment fr\u00e5n v\u00e5r sida f\u00f6r att se hur vi som en s\u00f6ktj\u00e4nst kan<br \/>\nfinnas med i denna utveckling, s\u00e4ger Magnus Sonnorp, VD p\u00e5 Lokaldelen-<\/p><\/blockquote>\n<p><a href=\"http:\/\/static.lokaldelen.se\/static\/sv_SE\/om-lokaldelen\/Deckarkampen.html\">H\u00e4r hittar du b\u00f6rjan p\u00e5 &#8221;Bryggan&#8221;.<\/a><\/p>\n<p><strong>Fakta om Karin Wahlberg<\/strong><br \/>\n<a href=\"http:\/\/kulturbloggen.com\/wp-content\/uploads\/2010\/03\/Karin.jpg\"><img loading=\"lazy\" decoding=\"async\" src=\"http:\/\/kulturbloggen.com\/wp-content\/uploads\/2010\/03\/Karin-150x150.jpg\" alt=\"\" title=\"Karin\" width=\"150\" height=\"150\" class=\"alignright size-thumbnail wp-image-18297\" \/><\/a>\u00c4r f\u00f6rlossningsl\u00e4karen som vid 51 \u00e5rs \u00e5lder blev en av Sveriges b\u00e4st<br \/>\ns\u00e4ljande f\u00f6rfattare. Nu senast \u00e4r Karin aktuell med boken<br \/>\nMatthandlare Olssons D\u00f6d som hittills s\u00e5lt i 100.000 exemplar.<\/p>\n<p>L\u00e4s \u00e4ven andra bloggares \u00e5sikter om <a href=\"http:\/\/bloggar.se\/om\/deckare\" rel=\"tag\">deckare<\/a>, <a href=\"http:\/\/bloggar.se\/om\/interaktivitet\" rel=\"tag\">interaktivitet<\/a>, <a href=\"http:\/\/bloggar.se\/om\/Bryggan\" rel=\"tag\">Bryggan<\/a><\/p>\n","protected":false},"excerpt":{"rendered":"<p>En d\u00f6d man i en villa. Ett brutalt mord. En utom\u00e4ktenskaplig aff\u00e4r. Och en l\u00e4sare som m\u00e5ste l\u00f6sa mysteriet. Lokaldelen har startat ett j\u00e4tteintressant projekt &#8211; Bryggan &#8221; tillsammans med reklambyr\u00e5n Studio Total och deckardrottningen Karin Wahlberg. F\u00f6rfattaren skriver n\u00e5gra kapitel, men sedan m\u00e5ste l\u00e4sarna hj\u00e4lpa till f\u00f6r att deckarg\u00e5tan ska l\u00f6sas. N\u00e4r jag h\u00f6rde [&hellip;]<\/p>\n","protected":false},"author":2,"featured_media":0,"comment_status":"open","ping_status":"open","sticky":false,"template":"","format":"standard","meta":{"_genesis_hide_title":false,"_genesis_hide_breadcrumbs":false,"_genesis_hide_singular_image":false,"_genesis_hide_footer_widgets":false,"_genesis_custom_body_class":"","_genesis_custom_post_class":"","_genesis_layout":"","footnotes":""},"categories":[3],"tags":[1197,2506],"class_list":{"0":"post-18296","1":"post","2":"type-post","3":"status-publish","4":"format-standard","6":"category-litteratur","7":"tag-deckare","8":"tag-interaktivitet","9":"entry"},"_links":{"self":[{"href":"https:\/\/kulturbloggen.com\/index.php?rest_route=\/wp\/v2\/posts\/18296","targetHints":{"allow":["GET"]}}],"collection":[{"href":"https:\/\/kulturbloggen.com\/index.php?rest_route=\/wp\/v2\/posts"}],"about":[{"href":"https:\/\/kulturbloggen.com\/index.php?rest_route=\/wp\/v2\/types\/post"}],"author":[{"embeddable":true,"href":"https:\/\/kulturbloggen.com\/index.php?rest_route=\/wp\/v2\/users\/2"}],"replies":[{"embeddable":true,"href":"https:\/\/kulturbloggen.com\/index.php?rest_route=%2Fwp%2Fv2%2Fcomments&post=18296"}],"version-history":[{"count":0,"href":"https:\/\/kulturbloggen.com\/index.php?rest_route=\/wp\/v2\/posts\/18296\/revisions"}],"wp:attachment":[{"href":"https:\/\/kulturbloggen.com\/index.php?rest_route=%2Fwp%2Fv2%2Fmedia&parent=18296"}],"wp:term":[{"taxonomy":"category","embeddable":true,"href":"https:\/\/kulturbloggen.com\/index.php?rest_route=%2Fwp%2Fv2%2Fcategories&post=18296"},{"taxonomy":"post_tag","embeddable":true,"href":"https:\/\/kulturbloggen.com\/index.php?rest_route=%2Fwp%2Fv2%2Ftags&post=18296"}],"curies":[{"name":"wp","href":"https:\/\/api.w.org\/{rel}","templated":true}]}}