{"id":182734,"date":"2024-07-19T15:13:00","date_gmt":"2024-07-19T13:13:00","guid":{"rendered":"https:\/\/kulturbloggen.com\/?p=182734"},"modified":"2024-07-19T15:13:00","modified_gmt":"2024-07-19T13:13:00","slug":"lekfullt-spirituellt-och-raffinerat-samspel-fangat-live-avant-garde-melodique-av-orjan-hulten-adam-forkelid","status":"publish","type":"post","link":"https:\/\/kulturbloggen.com\/?p=182734","title":{"rendered":"Lekfullt, spirituellt och raffinerat samspel f\u00e5ngat live &#8211; Avant-garde M\u00e9lodique av \u00d6rjan Hult\u00e9n &amp; Adam Forkelid"},"content":{"rendered":"\n<figure class=\"wp-block-image size-full is-style-default\"><img loading=\"lazy\" decoding=\"async\" width=\"650\" height=\"571\" src=\"https:\/\/kulturbloggen.com\/wp-content\/uploads\/2024\/07\/IMG_0899.jpg\" alt=\"\" class=\"wp-image-182735\" srcset=\"https:\/\/kulturbloggen.com\/wp-content\/uploads\/2024\/07\/IMG_0899.jpg 650w, https:\/\/kulturbloggen.com\/wp-content\/uploads\/2024\/07\/IMG_0899-300x264.jpg 300w\" sizes=\"auto, (max-width: 650px) 100vw, 650px\" \/><\/figure>\n\n\n\n<p>\u00d6rjan Hult\u00e9n &amp; Adam Forkelid<\/p>\n\n\n\n<p>Avant-garde M\u00e9lodique<\/p>\n\n\n\n<p>4<\/p>\n\n\n\n<p>Inspelad live 11\/1 2020 i Stockholm p\u00e5 Kungliga Musikaliska Akademin<\/p>\n\n\n\n<p>Inspelning och produktion: Leonardo Wehlander och Johan Sandback<\/p>\n\n\n\n<p>Op 111 Productions<\/p>\n\n\n\n<p>Releasedatum: 30\/5 2024<\/p>\n\n\n\n<p><\/p>\n\n\n\n<p>Jag har recenserat saxofonisten \u00d6rjan Hult\u00e9n och pianisten Adam Forkelid ett par g\u00e5nger senaste \u00e5ren, fast d\u00e5 var f\u00f6r sig. Har ocks\u00e5 h\u00f6rt dem live p\u00e5 skilda h\u00e5ll. Forkelid tr\u00e4ffade jag s\u00e5 sent som i v\u00e5ras efter str\u00e5lande releasespelning p\u00e5 Unity. Utan att vara fixstj\u00e4rnor p\u00e5 en upplyst jazzscen tillh\u00f6r de kategorin &#8221; mest etablerade och renommerade&#8221;. Har inte varit medveten om att Forkelid ing\u00e5tt i en tidig upplaga av \u00d6rjan Hult\u00e9n Orion, ej heller att de m\u00f6ttes som kolleger p\u00e5 Bolln\u00e4s Folkh\u00f6gskola. De goda v\u00e4nnerna har i perioder musicerat som duo utan att verksamheten dokumenterats. Man \u00e5terf\u00f6renades i en unik konsert strax f\u00f6re pandemin, vars arrang\u00f6r Piano Visions vanligtvis organiserar konserter med klassiskt klingande pianomusik. Enbart eget material framf\u00f6rdes, nya original mixade med alster fr\u00e5n Orion-repertoaren. Inspelningen gl\u00f6mdes bort. Lyckligtvis blev musikerna kontaktade av m\u00e4nnen ansvariga f\u00f6r inspelningen, vilket vi ska vara tacksamma f\u00f6r eftersom s\u00f6ml\u00f6sa samspelet r\u00f6rde sig p\u00e5 en exceptionellt h\u00f6g niv\u00e5. Det beskrivs med omd\u00f6men som telepatisk kommunikation, hj\u00e4rtev\u00e4rmande samt d\u00e4rtill inneh\u00e5llandes humor. <\/p>\n\n\n\n<p>Vindlande melodier dominerar. Deras b\u00f6ljande sound f\u00e4ngslar. Konserten tycks mig genomf\u00f6ras i en spirituell och p\u00e5tagligt \u00f6ppensinnad anda. Noterar perfekt balans bl\u00e5sinstrument &#8211; flygel. F\u00e5r en k\u00e4nsla av att Forkelids angen\u00e4ma stilideal och bem\u00e4strande av sitt arbetsredskap g\u00f6r att hans musikaliske partner inte okontrollerat sv\u00e4var iv\u00e4g. \u00c4ven om Hult\u00e9n p\u00e5 fr\u00e4mst ljust ljudande sopran stundom tar spj\u00e4rn och utmanar \u00e4ger de ett gemensamt tonspr\u00e5k. Man passar ihop, kompletterar varandra p\u00e5 ett f\u00f6runderligt vis.<\/p>\n\n\n\n<p>Att b\u00e5da beh\u00e4rskar hantverket att komponera r\u00e5der ingen tvekan om. Modigt av Forkelid\/ Hult\u00e9n att helt f\u00f6rlita sig p\u00e5 egna l\u00e5tar. H\u00e4pnadsv\u00e4ckande hur de f\u00f6rm\u00e5r uppr\u00e4tth\u00e5lla skivlyssnarens intresse med bara tv\u00e5 sammanfl\u00e4tade instrument i \u00f6ver 50 minuter, vilket f\u00f6rmodligen beror p\u00e5 den extra inspiration som uppstod live. Musiken p\u00e5 <em>Avant-garde M\u00e9lodique <\/em> varieras f\u00f6rtj\u00e4nstfullt. H\u00f6r \u00f6verraskande f\u00e5 inslag som vetter \u00e5t ytterl\u00e4gen, n\u00e5got som g\u00f6r titeln en aning missvisande. Vill p\u00e5st\u00e5 att soundet stundtals kan liknas vid hur det l\u00e4t i Klosterkyrkan p\u00e5 Ystad Jazzfestival 2017 n\u00e4r giganterna Lennart \u00c5berg och Bobo Stenson musicerade tillsammans. I respektives features vill jag referera till virtuoser som Marius Neset och f\u00f6r Fokelids vidkommande Jan Lundgren j\u00e4mte i somliga sekvenser Bengt Hallberg. Blir mer och mer f\u00f6rtjust i vad musikanten Adam Forkelid utr\u00e4ttat senaste \u00e5ren (senaste albumen \u00e4r \u00f6rongodis). Han har ett lika angel\u00e4get som berikande tilltal. Och \u00d6rjan Hult\u00e9n \u00e4r v\u00e4rd massor av respekt f\u00f6r sitt skickliga spel,  smidiga frasering och anm\u00e4rkningsv\u00e4rda tonalitet.<\/p>\n\n\n\n<p>Kringvirvlande, omd\u00f6mesgillt avv\u00e4gda tong\u00e5ngar konstrasteras mot en lyrisk \u00e5dra. Skiftningarna stimulerar! Bortsett fr\u00e5n en bluesig, sm\u00e5sv\u00e4ngig inledning p\u00e5 tenorsax anv\u00e4nder Hult\u00e9n genomg\u00e5ende sopransaxofon. Enda bastoner duon f\u00f6rfogar \u00f6ver \u00e4r s\u00e5ledes de Forkelid utvinner med v\u00e4nster hand. Trots v\u00e4l tilltagen speltid undviks \u00e5terv\u00e4ndsgr\u00e4nder och upprepningar. Enda g\u00e5ngen jag registrerar ett solo p\u00e5 sopran som blir n\u00e5got \u00f6verlastat, p\u00e5 gr\u00e4nsen till on\u00f6digt utdraget \u00e4r i det l\u00e5nga finalnumret <em>Radio In My Head <\/em>signerat Hult\u00e9n. Om det inte framg\u00e5tt redan ska po\u00e4ngteras att <em>Avant-garde Melodique <\/em>hamnar p\u00e5 4+, s\u00e5 lycklig blir jag av deras eminent elastiska samarbete och den v\u00e4sentliga musik duon skapat.<\/p>\n","protected":false},"excerpt":{"rendered":"<p>\u00d6rjan Hult\u00e9n &amp; Adam Forkelid Avant-garde M\u00e9lodique 4 Inspelad live 11\/1 2020 i Stockholm p\u00e5 Kungliga Musikaliska Akademin Inspelning och produktion: Leonardo Wehlander och Johan Sandback Op 111 Productions Releasedatum: 30\/5 2024 Jag har recenserat saxofonisten \u00d6rjan Hult\u00e9n och pianisten Adam Forkelid ett par g\u00e5nger senaste \u00e5ren, fast d\u00e5 var f\u00f6r sig. Har ocks\u00e5 h\u00f6rt [&hellip;]<\/p>\n","protected":false},"author":34,"featured_media":0,"comment_status":"closed","ping_status":"closed","sticky":false,"template":"","format":"standard","meta":{"_genesis_hide_title":false,"_genesis_hide_breadcrumbs":false,"_genesis_hide_singular_image":false,"_genesis_hide_footer_widgets":false,"_genesis_custom_body_class":"","_genesis_custom_post_class":"","_genesis_layout":"","footnotes":""},"categories":[22],"tags":[],"class_list":{"0":"post-182734","1":"post","2":"type-post","3":"status-publish","4":"format-standard","6":"category-skivor","7":"entry"},"_links":{"self":[{"href":"https:\/\/kulturbloggen.com\/index.php?rest_route=\/wp\/v2\/posts\/182734","targetHints":{"allow":["GET"]}}],"collection":[{"href":"https:\/\/kulturbloggen.com\/index.php?rest_route=\/wp\/v2\/posts"}],"about":[{"href":"https:\/\/kulturbloggen.com\/index.php?rest_route=\/wp\/v2\/types\/post"}],"author":[{"embeddable":true,"href":"https:\/\/kulturbloggen.com\/index.php?rest_route=\/wp\/v2\/users\/34"}],"replies":[{"embeddable":true,"href":"https:\/\/kulturbloggen.com\/index.php?rest_route=%2Fwp%2Fv2%2Fcomments&post=182734"}],"version-history":[{"count":11,"href":"https:\/\/kulturbloggen.com\/index.php?rest_route=\/wp\/v2\/posts\/182734\/revisions"}],"predecessor-version":[{"id":182802,"href":"https:\/\/kulturbloggen.com\/index.php?rest_route=\/wp\/v2\/posts\/182734\/revisions\/182802"}],"wp:attachment":[{"href":"https:\/\/kulturbloggen.com\/index.php?rest_route=%2Fwp%2Fv2%2Fmedia&parent=182734"}],"wp:term":[{"taxonomy":"category","embeddable":true,"href":"https:\/\/kulturbloggen.com\/index.php?rest_route=%2Fwp%2Fv2%2Fcategories&post=182734"},{"taxonomy":"post_tag","embeddable":true,"href":"https:\/\/kulturbloggen.com\/index.php?rest_route=%2Fwp%2Fv2%2Ftags&post=182734"}],"curies":[{"name":"wp","href":"https:\/\/api.w.org\/{rel}","templated":true}]}}