{"id":1827,"date":"2008-09-22T09:12:32","date_gmt":"2008-09-22T09:12:32","guid":{"rendered":"http:\/\/kulturbloggen.com\/?p=1827"},"modified":"2012-03-01T20:06:41","modified_gmt":"2012-03-01T19:06:41","slug":"1827","status":"publish","type":"post","link":"https:\/\/kulturbloggen.com\/?p=1827","title":{"rendered":"Tre stora filmer f\u00e5r marknadsst\u00f6d"},"content":{"rendered":"<p>Tre filmer f\u00e5r f\u00f6rsta delen av Filminstitutets marknadsst\u00f6d: ARN &#8211; Riket vid v\u00e4gens slut av Peter Flinth, GSI- Gruppen f\u00f6r s\u00e4rskilda insatser av Anders Nilsson och Vi hade i alla fall tur med v\u00e4dret \u2013 igen av Kjell-\u00c5ke Andersson f\u00e5r tillsammans dela p\u00e5 n\u00e4stan 24 miljoner kronor. Det meddelade Filminstitutet den 22 september 2008.<\/p>\n<p>Marknadsst\u00f6det \u00e4r en ny sorts produktionsst\u00f6d som riktar sig till breda filmer som f\u00f6rv\u00e4ntas locka en stor publik. Andra aspekter som v\u00e4gs in r\u00f6r hur stor del av filmens finansiering som \u00e4r s\u00e4krad och vad filmskaparna tidigare gjort.<\/p>\n<p>L\u00e4s mer om Marknadsst\u00f6det p\u00e5 www.sfi.se under Filmst\u00f6d.<\/p>\n<p>Mer om filmerna, regiss\u00f6rerna, st\u00f6dbelopp och synopsis finns p\u00e5:<br \/>\n<a href=\"http:\/\/www.sfi.se\/sfi\/smpage.fwx?page=7996&amp;NYHETER=22086\"><br \/>\n<\/a><a href=\"http:\/\/www.sfi.se\/sfi\/smpage.fwx?page=7996&amp;NYHETER=22086\">http:\/\/www.sfi.se\/sfi\/smpage.fwx?page=7996&amp;NYHETER=22086<\/a><\/p>\n<p>Trailer f\u00f6r Arn &#8211; Rikets vid v\u00e4gens slut<br \/>\n<object width=\"425\" height=\"344\" classid=\"clsid:d27cdb6e-ae6d-11cf-96b8-444553540000\" codebase=\"http:\/\/download.macromedia.com\/pub\/shockwave\/cabs\/flash\/swflash.cab#version=6,0,40,0\"><param name=\"allowFullScreen\" value=\"true\" \/><param name=\"src\" value=\"http:\/\/www.youtube.com\/v\/4X0DTj-a6wE&amp;hl=en&amp;fs=1\" \/><param name=\"allowfullscreen\" value=\"true\" \/><embed width=\"425\" height=\"344\" type=\"application\/x-shockwave-flash\" src=\"http:\/\/www.youtube.com\/v\/4X0DTj-a6wE&amp;hl=en&amp;fs=1\" allowFullScreen=\"true\" allowfullscreen=\"true\" \/><\/object><\/p>\n<p>Andra bloggar om: <a href=\"http:\/\/bloggar.se\/om\/filmst%F6d\" rel=\"tag\">filmst\u00f6d<\/a>, <a href=\"http:\/\/bloggar.se\/om\/video\" rel=\"tag\">video<\/a>, <a href=\"http:\/\/bloggar.se\/om\/Arn\" rel=\"tag\">Arn<\/a><\/p>\n<p>Uppdatering: <a href=\"http:\/\/www.dn.se\/DNet\/jsp\/polopoly.jsp?d=2374&amp;a=831389\">Nu ber\u00e4ttar DN om det ocks\u00e5.<\/a><\/p>\n<p><a href=\"http:\/\/sodergren.com\/kulturbloggen\/wp-content\/uploads\/2008\/09\/arn125.jpg\"><img loading=\"lazy\" decoding=\"async\" class=\"aligncenter size-full wp-image-1829\" title=\"arn125\" src=\"http:\/\/sodergren.com\/kulturbloggen\/wp-content\/uploads\/2008\/09\/arn125.jpg\" alt=\"\" width=\"125\" height=\"250\" \/><\/a><\/p>\n","protected":false},"excerpt":{"rendered":"<p>Tre filmer f\u00e5r f\u00f6rsta delen av Filminstitutets marknadsst\u00f6d: ARN &#8211; Riket vid v\u00e4gens slut av Peter Flinth, GSI- Gruppen f\u00f6r s\u00e4rskilda insatser av Anders Nilsson och Vi hade i alla fall tur med v\u00e4dret \u2013 igen av Kjell-\u00c5ke Andersson f\u00e5r tillsammans dela p\u00e5 n\u00e4stan 24 miljoner kronor. Det meddelade Filminstitutet den 22 september 2008. Marknadsst\u00f6det [&hellip;]<\/p>\n","protected":false},"author":13,"featured_media":0,"comment_status":"open","ping_status":"open","sticky":false,"template":"","format":"standard","meta":{"_genesis_hide_title":false,"_genesis_hide_breadcrumbs":false,"_genesis_hide_singular_image":false,"_genesis_hide_footer_widgets":false,"_genesis_custom_body_class":"","_genesis_custom_post_class":"","_genesis_layout":"","footnotes":""},"categories":[20],"tags":[413,1743,3525,12286,6224,6230],"class_list":{"0":"post-1827","1":"post","2":"type-post","3":"status-publish","4":"format-standard","6":"category-film","7":"tag-arn","8":"tag-filmstod","9":"tag-marknadsforingsstod","10":"tag-film","11":"tag-vi-hade-iallafall-tur-med-vadret-igen","12":"tag-video","13":"entry"},"_links":{"self":[{"href":"https:\/\/kulturbloggen.com\/index.php?rest_route=\/wp\/v2\/posts\/1827","targetHints":{"allow":["GET"]}}],"collection":[{"href":"https:\/\/kulturbloggen.com\/index.php?rest_route=\/wp\/v2\/posts"}],"about":[{"href":"https:\/\/kulturbloggen.com\/index.php?rest_route=\/wp\/v2\/types\/post"}],"author":[{"embeddable":true,"href":"https:\/\/kulturbloggen.com\/index.php?rest_route=\/wp\/v2\/users\/13"}],"replies":[{"embeddable":true,"href":"https:\/\/kulturbloggen.com\/index.php?rest_route=%2Fwp%2Fv2%2Fcomments&post=1827"}],"version-history":[{"count":1,"href":"https:\/\/kulturbloggen.com\/index.php?rest_route=\/wp\/v2\/posts\/1827\/revisions"}],"predecessor-version":[{"id":49869,"href":"https:\/\/kulturbloggen.com\/index.php?rest_route=\/wp\/v2\/posts\/1827\/revisions\/49869"}],"wp:attachment":[{"href":"https:\/\/kulturbloggen.com\/index.php?rest_route=%2Fwp%2Fv2%2Fmedia&parent=1827"}],"wp:term":[{"taxonomy":"category","embeddable":true,"href":"https:\/\/kulturbloggen.com\/index.php?rest_route=%2Fwp%2Fv2%2Fcategories&post=1827"},{"taxonomy":"post_tag","embeddable":true,"href":"https:\/\/kulturbloggen.com\/index.php?rest_route=%2Fwp%2Fv2%2Ftags&post=1827"}],"curies":[{"name":"wp","href":"https:\/\/api.w.org\/{rel}","templated":true}]}}