{"id":18260,"date":"2010-03-07T03:01:26","date_gmt":"2010-03-07T02:01:26","guid":{"rendered":"http:\/\/kulturbloggen.com\/?p=18260"},"modified":"2010-03-07T03:01:26","modified_gmt":"2010-03-07T02:01:26","slug":"ipad-kommer-att-oppna-vagen-for-pekskarmsdatorn","status":"publish","type":"post","link":"https:\/\/kulturbloggen.com\/?p=18260","title":{"rendered":"Ipad kommer att \u00f6ppna v\u00e4gen f\u00f6r peksk\u00e4rmsdatorn"},"content":{"rendered":"<p><a href=\"http:\/\/kulturbloggen.com\/wp-content\/uploads\/2010\/03\/apple.jpg\"><img loading=\"lazy\" decoding=\"async\" class=\"aligncenter size-full wp-image-18261\" title=\"apple\" src=\"http:\/\/kulturbloggen.com\/wp-content\/uploads\/2010\/03\/apple.jpg\" alt=\"\" width=\"254\" height=\"251\" \/><\/a><\/p>\n<p>T\u00e4nk att det skulle kr\u00e4vas att Apple lanserade en pekdator f\u00f6r att den skulle bli popul\u00e4r. Nu skall v\u00e4rldens st\u00f6rsta\u00a0<a title=\"IDG\" href=\"http:\/\/www.idg.se\/2.1085\/1.300307\/utbildningsbjasse-ser-potential-i-ipad?utm_source=feedburner&amp;utm_medium=feed&amp;utm_campaign=Feed:+idg\/vzzs+(IDG.se:+Hetaste+IT-nyheterna+fr%C3%A5n+IDG.se)&amp;utm_content=Google+Reader\">utbildningsf\u00f6retag sattsa p\u00e5 e-b\u00f6cker<\/a>.<\/p>\n<p>Visst kan det reta oss som v\u00e4ntat p\u00e5 att de h\u00e4r datorerna skall k\u00e4nnas vettiga att k\u00f6pa men alla s\u00e4tt \u00e4r bra. Om det kr\u00e4vs att Apple lanserar en f\u00f6r att PC-fabrikerna skall b\u00f6rja spotta ut billigare modeller s\u00e5 l\u00e5t g\u00e5. Sj\u00e4lv tror jag att det blir som med Asus eeePC. Populariteten och anv\u00e4ndbarheten kommer att bli \u00f6ver f\u00f6rv\u00e4ntan.<\/p>\n<p>Inte f\u00f6r att jag tror att Apples Ipad (eller motsvarande PC-grej) kommer att ers\u00e4tta min netbook. F\u00f6r att skriva mycket beh\u00f6vs ett fysiskt tangentbord. Det kanske \u00e4r en generationsgrej men jag tror inte det. Men f\u00f6r soff- eller s\u00e4ngsurfande, l\u00e4sa p\u00e5 t\u00e5g och s\u00e5 vidare \u00e4r Ipad-liknande datorer ett givet alternativ.<\/p>\n<p><a href=\"http:\/\/intressant.se\/intressant\">Intressant?<\/a> L\u00e4s \u00e4ven andra bloggares \u00e5sikter om <a rel=\"tag\" href=\"http:\/\/bloggar.se\/om\/Ipad\">Ipad<\/a>, <a rel=\"tag\" href=\"http:\/\/bloggar.se\/om\/Apple\">Apple<\/a>, <a rel=\"tag\" href=\"http:\/\/bloggar.se\/om\/peksk%E4rm\">peksk\u00e4rm<\/a>, <a rel=\"tag\" href=\"http:\/\/bloggar.se\/om\/datorer\">datorer<\/a>, <a rel=\"tag\" href=\"http:\/\/bloggar.se\/om\/Asus\">Asus<\/a>, <a rel=\"tag\" href=\"http:\/\/bloggar.se\/om\/netbook\">netbook<\/a><\/p>\n","protected":false},"excerpt":{"rendered":"<p>T\u00e4nk att det skulle kr\u00e4vas att Apple lanserade en pekdator f\u00f6r att den skulle bli popul\u00e4r. Nu skall v\u00e4rldens st\u00f6rsta\u00a0utbildningsf\u00f6retag sattsa p\u00e5 e-b\u00f6cker. Visst kan det reta oss som v\u00e4ntat p\u00e5 att de h\u00e4r datorerna skall k\u00e4nnas vettiga att k\u00f6pa men alla s\u00e4tt \u00e4r bra. Om det kr\u00e4vs att Apple lanserar en f\u00f6r att PC-fabrikerna [&hellip;]<\/p>\n","protected":false},"author":13,"featured_media":0,"comment_status":"open","ping_status":"open","sticky":false,"template":"","format":"standard","meta":{"_genesis_hide_title":false,"_genesis_hide_breadcrumbs":false,"_genesis_hide_singular_image":false,"_genesis_hide_footer_widgets":false,"_genesis_custom_body_class":"","_genesis_custom_post_class":"","_genesis_layout":"","footnotes":""},"categories":[20],"tags":[362,444,1149,2537,3949,4298],"class_list":{"0":"post-18260","1":"post","2":"type-post","3":"status-publish","4":"format-standard","6":"category-film","7":"tag-apple","8":"tag-asus","9":"tag-datorer","10":"tag-ipad","11":"tag-netbook","12":"tag-pekskarm","13":"entry"},"_links":{"self":[{"href":"https:\/\/kulturbloggen.com\/index.php?rest_route=\/wp\/v2\/posts\/18260","targetHints":{"allow":["GET"]}}],"collection":[{"href":"https:\/\/kulturbloggen.com\/index.php?rest_route=\/wp\/v2\/posts"}],"about":[{"href":"https:\/\/kulturbloggen.com\/index.php?rest_route=\/wp\/v2\/types\/post"}],"author":[{"embeddable":true,"href":"https:\/\/kulturbloggen.com\/index.php?rest_route=\/wp\/v2\/users\/13"}],"replies":[{"embeddable":true,"href":"https:\/\/kulturbloggen.com\/index.php?rest_route=%2Fwp%2Fv2%2Fcomments&post=18260"}],"version-history":[{"count":0,"href":"https:\/\/kulturbloggen.com\/index.php?rest_route=\/wp\/v2\/posts\/18260\/revisions"}],"wp:attachment":[{"href":"https:\/\/kulturbloggen.com\/index.php?rest_route=%2Fwp%2Fv2%2Fmedia&parent=18260"}],"wp:term":[{"taxonomy":"category","embeddable":true,"href":"https:\/\/kulturbloggen.com\/index.php?rest_route=%2Fwp%2Fv2%2Fcategories&post=18260"},{"taxonomy":"post_tag","embeddable":true,"href":"https:\/\/kulturbloggen.com\/index.php?rest_route=%2Fwp%2Fv2%2Ftags&post=18260"}],"curies":[{"name":"wp","href":"https:\/\/api.w.org\/{rel}","templated":true}]}}