{"id":18259,"date":"2010-03-07T08:48:26","date_gmt":"2010-03-07T07:48:26","guid":{"rendered":"http:\/\/kulturbloggen.com\/?p=18259"},"modified":"2010-03-07T08:48:26","modified_gmt":"2010-03-07T07:48:26","slug":"twitter-var-val-det-roligaste-med-andra-chansen","status":"publish","type":"post","link":"https:\/\/kulturbloggen.com\/?p=18259","title":{"rendered":"Twitter var v\u00e4l det roligaste med Andra chansen"},"content":{"rendered":"<p><a href=\"http:\/\/kulturbloggen.com\/wp-content\/uploads\/2010\/03\/andrachansen.jpg\"><img loading=\"lazy\" decoding=\"async\" src=\"http:\/\/kulturbloggen.com\/wp-content\/uploads\/2010\/03\/andrachansen-300x225.jpg\" alt=\"\" title=\"andrachansen\" width=\"300\" height=\"225\" class=\"aligncenter size-medium wp-image-18266\" \/><\/a><\/p>\n<p>Nu verkar den vanliga schlagerpubliken ha b\u00e4nkat sig framf\u00f6r Melodifestivalss\u00e4ndningarna i SVT. N\u00e4r det blev dags f\u00f6r andra chansen tog skr\u00e4llarna slut. Det var de gamla s\u00e4kra namnen som gick vidare.<\/p>\n<p>Okey att det kunde vara en halvskr\u00e4ll att h\u00e5rdrockstjejerna i Crucified Barbara slog ut soultjejen Pauline, men vi f\u00e5r inte gl\u00f6mma att vi har ett enormt stort h\u00e5rdrocksintresse i Sverige. Det r\u00e4ckte dock inte till f\u00f6r att Crucified Barbara skulle ta sig till finalen i Globen. Jag tror att \u00e5rets h\u00e5rdrocksbidrag var inte tillr\u00e4ckligt bra f\u00f6r att engagera h\u00e5rdrockspubliken.<br \/>\nDet \u00e4r s\u00e4kert ett faktum att om ett riktigt, riktigt bra h\u00e5rdrockband st\u00e4llde upp i uttagningen till Melodifestivalen med en riktigt, riktigt bra l\u00e5t &#8211; d\u00e5 skulle det bandet och den l\u00e5ten sopa mattan med alla andra bidrag.<br \/>\nT\u00e4nk om Mustach hade varit med, det svenska h\u00e5rdrocksbandet som ska vara f\u00f6rband \u00e5t Kizz i sommar.<br \/>\nMustasch har f\u00f6rresten med Kalle Moraeus p\u00e5 en av l\u00e5tarna p\u00e5 sitt senaste album.<br \/>\nDet hade varit n\u00e5got: ett bra svenskt h\u00e5rdrocksband, assisterat av Kalle Moraeus p\u00e5 fiol.<\/p>\n<p>Det \u00e4r detta som saknas i \u00e5r, l\u00e5tar som sticker ut, l\u00e5tar som v\u00e5gar g\u00f6ra n\u00e5got annorlunda p\u00e5 ett bra s\u00e4tt. Mustasch tillsammans med Kalle Moraeus och Orsa Spelm\u00e4n kunde varit n\u00e5got s\u00e5dant.<\/p>\n<p>Nu gick inte Kalle och hans spelm\u00e4n vidare till Globen \u00e4ven om de vann sin f\u00f6rsta duell. Tur var v\u00e4l det, att de inte gick till Globen. Vem vet vad svenska folket kunde f\u00e5tt f\u00f6r sig d\u00e5? Visst \u00e4r deras s\u00e5ng gulligt bra och den v\u00e4xer med lyssningar. Men den hade varit chansl\u00f6s i den stora finalen i Norge. Vi skulle uppfattas som ett uselt f\u00f6rs\u00f6k till att kopiera f\u00f6rra \u00e5rets vinnare, den norske vitryske pojken med fiol.<\/p>\n<p>Nu blev det tv\u00e5 riktigt traditionella schlagerbidrag som gick vidare: Pernilla Wahlgren med en upptemp-schlager och Jessica Andersson med en ballad-schlager. Tv\u00e5 l\u00e5tar som l\u00e5ter som svenska schlagerbidrag l\u00e5tit i flera decennier. Inget nytt, inget som sticker ut, inget som kommer att ha n\u00e5gon chans i den stora finalen. Jag \u00e4r dessutom r\u00e4tt s\u00e4ker p\u00e5 att inget av dessa tv\u00e5 bidrag kommer att ens ha n\u00e5gon vinnarchans i den svenska finalen n\u00e4sta l\u00f6rdag.<\/p>\n<p>Lite f\u00f6rv\u00e5nande var det kanske att Alcazar som f\u00f6r en g\u00e5ngs skulle hade en bra l\u00e5t inte gick vidare.<br \/>\n&#8212;<br \/>\nF\u00f6r \u00f6vrigt har Twitter gjort Melodifestivalen \u00e4nnu roligare. Massor av mina Twitterkontakter skickar ut korta kommentarer under programmens lopp. Det \u00e4r som att ha f\u00e5tt ett stort g\u00e4ng till att snacka med och kommenterar bidragen med. Riktigt underh\u00e5llande stundtals.<br \/>\nNu pratar jag inte om SVT.s variant p\u00e5 Twitter, d\u00e4r de valt ut tv\u00e5 ur sin personal p\u00e5 deras webbplats och p\u00e5 SVT Text-tv f\u00f6rmedlar sina tankar. Derass Twitter \u00e4 r vanlig megafonjournalistik. Nu pratar jag om alla andra som anv\u00e4nder Twitter och skickar ut kommentarer under s\u00e4ndningen och d\u00e4r det g\u00e5r att svara p\u00e5 deras kommentarer och diskutera. Twitter som socialt medium, inte som megafon.<\/p>\n<p>Traditionella medier om andra chansen:<br \/>\n<a href=\"http:\/\/www.aftonbladet.se\/nojesbladet\/melodifestivalen2010\/article6734273.ab\">Aftonbladet 1<\/a>, <a href=\"http:\/\/www.dn.se\/kultur-noje\/nyheter\/melodifestens-forlorare-ska-bli-vinnare-1.1057013\">Dagens Nyheter<\/a> och <a href=\"http:\/\/www.svd.se\/kulturnoje\/nyheter\/schlagerveteranernas-afton-i-orebro_4388643.svd\">Svenska Dagbladet<\/a>.<\/p>\n<p>L\u00e4s \u00e4ven andra bloggares \u00e5sikter om <a href=\"http:\/\/bloggar.se\/om\/Melodifestivalen\" rel=\"tag\">Melodifestivalen<\/a>, <a href=\"http:\/\/bloggar.se\/om\/Twitter\" rel=\"tag\">Twitter<\/a>, <a href=\"http:\/\/bloggar.se\/om\/h%E5rdrock\" rel=\"tag\">h\u00e5rdrock<\/a>, <a href=\"http:\/\/bloggar.se\/om\/Crucified+Barbara\" rel=\"tag\">Crucified Barbara<\/a>, <a href=\"http:\/\/bloggar.se\/om\/Pernilla+Wahlgren\" rel=\"tag\">Pernilla Wahlgren<\/a><\/p>\n","protected":false},"excerpt":{"rendered":"<p>Nu verkar den vanliga schlagerpubliken ha b\u00e4nkat sig framf\u00f6r Melodifestivalss\u00e4ndningarna i SVT. N\u00e4r det blev dags f\u00f6r andra chansen tog skr\u00e4llarna slut. Det var de gamla s\u00e4kra namnen som gick vidare. Okey att det kunde vara en halvskr\u00e4ll att h\u00e5rdrockstjejerna i Crucified Barbara slog ut soultjejen Pauline, men vi f\u00e5r inte gl\u00f6mma att vi har [&hellip;]<\/p>\n","protected":false},"author":2,"featured_media":0,"comment_status":"open","ping_status":"open","sticky":false,"template":"","format":"standard","meta":{"_genesis_hide_title":false,"_genesis_hide_breadcrumbs":false,"_genesis_hide_singular_image":false,"_genesis_hide_footer_widgets":false,"_genesis_custom_body_class":"","_genesis_custom_post_class":"","_genesis_layout":"","footnotes":""},"categories":[20],"tags":[3605,6045],"class_list":{"0":"post-18259","1":"post","2":"type-post","3":"status-publish","4":"format-standard","6":"category-film","7":"tag-melodifestivalen","8":"tag-twitter","9":"entry"},"_links":{"self":[{"href":"https:\/\/kulturbloggen.com\/index.php?rest_route=\/wp\/v2\/posts\/18259","targetHints":{"allow":["GET"]}}],"collection":[{"href":"https:\/\/kulturbloggen.com\/index.php?rest_route=\/wp\/v2\/posts"}],"about":[{"href":"https:\/\/kulturbloggen.com\/index.php?rest_route=\/wp\/v2\/types\/post"}],"author":[{"embeddable":true,"href":"https:\/\/kulturbloggen.com\/index.php?rest_route=\/wp\/v2\/users\/2"}],"replies":[{"embeddable":true,"href":"https:\/\/kulturbloggen.com\/index.php?rest_route=%2Fwp%2Fv2%2Fcomments&post=18259"}],"version-history":[{"count":0,"href":"https:\/\/kulturbloggen.com\/index.php?rest_route=\/wp\/v2\/posts\/18259\/revisions"}],"wp:attachment":[{"href":"https:\/\/kulturbloggen.com\/index.php?rest_route=%2Fwp%2Fv2%2Fmedia&parent=18259"}],"wp:term":[{"taxonomy":"category","embeddable":true,"href":"https:\/\/kulturbloggen.com\/index.php?rest_route=%2Fwp%2Fv2%2Fcategories&post=18259"},{"taxonomy":"post_tag","embeddable":true,"href":"https:\/\/kulturbloggen.com\/index.php?rest_route=%2Fwp%2Fv2%2Ftags&post=18259"}],"curies":[{"name":"wp","href":"https:\/\/api.w.org\/{rel}","templated":true}]}}