{"id":182524,"date":"2024-07-10T19:34:49","date_gmt":"2024-07-10T17:34:49","guid":{"rendered":"https:\/\/kulturbloggen.com\/?p=182524"},"modified":"2024-07-10T19:46:46","modified_gmt":"2024-07-10T17:46:46","slug":"filmrecension-sommartider-filmen-om-gyllene-tider-sommarens-stora-feelgood-film","status":"publish","type":"post","link":"https:\/\/kulturbloggen.com\/?p=182524","title":{"rendered":"Filmrecension: Sommartider &#8211; filmen om Gyllene Tider &#8211; sommarens stora feelgood-film"},"content":{"rendered":"<p><img loading=\"lazy\" decoding=\"async\" class=\"aligncenter size-full wp-image-182526\" src=\"https:\/\/kulturbloggen.com\/wp-content\/uploads\/2024\/07\/unnamed.jpg\" alt=\"\" width=\"455\" height=\"650\" srcset=\"https:\/\/kulturbloggen.com\/wp-content\/uploads\/2024\/07\/unnamed.jpg 455w, https:\/\/kulturbloggen.com\/wp-content\/uploads\/2024\/07\/unnamed-210x300.jpg 210w\" sizes=\"auto, (max-width: 455px) 100vw, 455px\" \/><\/p>\n<p>Sommartider &#8211; filmen om Gyllene Tider<br \/>\nBetyg 5<br \/>\nSvensk biopremi\u00e4r 17 juli 2024<br \/>\nRegi Per Simonsson<\/p>\n<p>En helt underbar film som d\u00e4ckade mig totalt. Jag s\u00f6gs in helt i handlingen, blir engagerad och gl\u00f6mmer omgivningen. Sommarens stora feelgoodfilm. Den \u00e4r hj\u00e4rtev\u00e4rmande och medryckande med bra musik och rolig emellan\u00e5t p\u00e5 ett sm\u00e5mysigt s\u00e4tt.<\/p>\n<p>Filmen \u00e4r den (n\u00e4stan) sanna ber\u00e4ttelsen om Per Gessle och \u00f6vriga i bandet Gyllene Tider, om hur de tr\u00e4ffades i Harplinge, n\u00e4ra Halmstad, som ton\u00e5ringar och bildade ett popband under slutet av 1970-talet, en tid d\u00e5 svenskt musikliv dominerades av progg och punk. Att fem ton\u00e5rskillar som satsade p\u00e5 popmusik skulle lyckas var det inte m\u00e5nga som trodde. Kanske inte de sj\u00e4lva heller, det vet vi inte s\u00e4kert. Filmen \u00e4r fritt baserad p\u00e5 bandets historia. Jag tycker det \u00e4r bra att det blev en dramafilm och inte en dokument\u00e4r. Sj\u00e4lvklart har dramaturgin f\u00e5tt p\u00e5verka s\u00e5 h\u00e4ndelserna kan vara tillspetsade ibland och kanske inte st\u00e4mmer tidsm\u00e4ssigt med verkligheten, men det spelar ingen roll. Det \u00e4r en enast\u00e5ende ber\u00e4ttelse som trots allt speglar n\u00e5got ur verkligheten.<\/p>\n<p>Det \u00e4r befriande med en popstj\u00e4rna som Per Gessle som inte \u00e4r v\u00e4rsta festprissen som mesta tiden \u00e4r p\u00e5t\u00e4nd. S\u00e5dana historier med helt drogf\u00f6rst\u00f6rda stj\u00e4rnor har vi g\u00f6dslats med alltf\u00f6r ofta. Per var tv\u00e4rtom ganska blyg och in\u00e5tv\u00e4nd i skol\u00e5ldern. F\u00f6rst n\u00e4r han hittade n\u00e5gra andra musik-n\u00f6rdar d\u00e5 han gick i gymnasiet och startade sitt band hittade han gemenskap och v\u00e4nner. Handlingen kretsar mest kring Per men vi f\u00e5r en inblick i livet f\u00f6r de \u00f6vriga i bandet ocks\u00e5.<\/p>\n<p>Filmen \u00e4r inte bara en engagerande ber\u00e4ttelse om ton\u00e5ringar som satsade p\u00e5 musik och blev ett av landets stora popband, det \u00e4r ett stycke svensk historia, framf\u00f6rt i dramaform. D\u00e5, i slutet av 1970-talet och i b\u00f6rjan av 1980-talet fanns ingen Spotify och ingen TikTok. Det var m\u00f6jligt f\u00f6r ett g\u00e4ng ton\u00e5ringar att skicka ett demoband till skivbolag och faktiskt f\u00e5 chansen att spela in ett album. Det spelar ingen roll om den som ser filmen var eller \u00e4r ett stort fan av Gyllene Tider som band. \u00c4ven om det \u00e4r en ber\u00e4ttelse som hyllar bandets medlemmar och deras musik \u00e4r det framf\u00f6r allt en energigivande och f\u00e4ngslande skildring av fem unga ton\u00e5ringar fr\u00e5n Harplinge i Halland och Sverige och musiklivet under 1970-talets andra h\u00e4lft och 1980-talets f\u00f6rsta h\u00e4lft.<\/p>\n<p>Sj\u00e4lvklart \u00e4r det mycket musik i filmen. Vi f\u00f6r h\u00f6ra inte bara olika versioner av Gyllene Tiders musik utan ocks\u00e5 andra band som inspirerade bandets medlemmar. Det \u00e4r nostalgiskt att se, lyssna och minnas den tiden.<\/p>\n<p>Jag \u00e4r oerh\u00f6rt imponerad av sk\u00e5despelarna Valdemar Wahlbeck (Per Gessle), Lancelot Hedman Graaf (Anders Herrlin), Phoenix Parnevik (Micke Syd Andersson), Ville L\u00f6fgren (Mats \u201dMP\u201d Persson) och Xawier Kulas (G\u00f6ran Fritzon). De \u00e4r \u00e4kta, b\u00e5de n\u00e4r det h\u00e5ller p\u00e5 med musik och n\u00e4r de gestaltar killarna i \u00f6vriga livet och de har f\u00e5tt till en trov\u00e4rdig hall\u00e4ndsk dialekt. Vilka beg\u00e5vningar. Vi kommer att f\u00e5 se dem i flera filmer fram\u00f6ver, helt klart.<\/p>\n<p>Den f\u00f6rsta singeln som Gyllene Tider gick upp p\u00e5 f\u00f6rsta plats p\u00e5 Sverigetopplistan med var Flickorna p\u00e5 TV 2. Fr\u00e5n b\u00f6rjan var den B-sidan till singeln Himmel no. 7, som sl\u00e4pptes 10 december 1979. Men s\u00e5 p\u00e5 djupet g\u00e5r inte filmen in p\u00e5 detaljer. Det g\u00f6r ingenting f\u00f6rst\u00e5s. Dramaturgin fungerar perfekt i denna ber\u00e4ttelse som \u00e4nd\u00e5 \u00e4r ett s\u00e4tt att ber\u00e4tta n\u00e5got som verkligen h\u00e4nt.<\/p>\n<p>Jag tror att Sommartider kommer att ta biopubliken med storm, precis som singeln Sommartider som sl\u00e4pptes 18 juni 1982 gjorde. Sommartiden \u00e4r utan tvekan bandets allra mest k\u00e4nda l\u00e5t. Filmen ger gl\u00e4dje och gav mig energi &#8211; och \u00e4nd\u00e5 \u00e4r denna musikstil inte min favorit-stil.<\/p>\n<p><iframe loading=\"lazy\" title=\"YouTube video player\" src=\"https:\/\/www.youtube.com\/embed\/nIxf-_u0m88?si=aZ7MFDev6ORKg97g\" width=\"560\" height=\"315\" frameborder=\"0\" allowfullscreen=\"allowfullscreen\"><\/iframe><\/p>\n","protected":false},"excerpt":{"rendered":"<p>Sommartider &#8211; filmen om Gyllene Tider Betyg 5 Svensk biopremi\u00e4r 17 juli 2024 Regi Per Simonsson En helt underbar film som d\u00e4ckade mig totalt. Jag s\u00f6gs in helt i handlingen, blir engagerad och gl\u00f6mmer omgivningen. Sommarens stora feelgoodfilm. Den \u00e4r hj\u00e4rtev\u00e4rmande och medryckande med bra musik och rolig emellan\u00e5t p\u00e5 ett sm\u00e5mysigt s\u00e4tt. Filmen \u00e4r [&hellip;]<\/p>\n","protected":false},"author":2,"featured_media":0,"comment_status":"closed","ping_status":"closed","sticky":false,"template":"","format":"standard","meta":{"_genesis_hide_title":false,"_genesis_hide_breadcrumbs":false,"_genesis_hide_singular_image":false,"_genesis_hide_footer_widgets":false,"_genesis_custom_body_class":"","_genesis_custom_post_class":"","_genesis_layout":"","footnotes":""},"categories":[50,51,16,20,13624],"tags":[1728,1738,14960,3850,14959,4436],"class_list":{"0":"post-182524","1":"post","2":"type-post","3":"status-publish","4":"format-standard","6":"category-filmfilm","7":"category-filmer","8":"category-recension","9":"category-film","10":"category-toppnytt","11":"tag-filmkritik","12":"tag-filmrecension","13":"tag-gyllene-tider","14":"tag-musikfilm","15":"tag-per-gessle","16":"tag-popmusik","17":"entry"},"_links":{"self":[{"href":"https:\/\/kulturbloggen.com\/index.php?rest_route=\/wp\/v2\/posts\/182524","targetHints":{"allow":["GET"]}}],"collection":[{"href":"https:\/\/kulturbloggen.com\/index.php?rest_route=\/wp\/v2\/posts"}],"about":[{"href":"https:\/\/kulturbloggen.com\/index.php?rest_route=\/wp\/v2\/types\/post"}],"author":[{"embeddable":true,"href":"https:\/\/kulturbloggen.com\/index.php?rest_route=\/wp\/v2\/users\/2"}],"replies":[{"embeddable":true,"href":"https:\/\/kulturbloggen.com\/index.php?rest_route=%2Fwp%2Fv2%2Fcomments&post=182524"}],"version-history":[{"count":48,"href":"https:\/\/kulturbloggen.com\/index.php?rest_route=\/wp\/v2\/posts\/182524\/revisions"}],"predecessor-version":[{"id":182580,"href":"https:\/\/kulturbloggen.com\/index.php?rest_route=\/wp\/v2\/posts\/182524\/revisions\/182580"}],"wp:attachment":[{"href":"https:\/\/kulturbloggen.com\/index.php?rest_route=%2Fwp%2Fv2%2Fmedia&parent=182524"}],"wp:term":[{"taxonomy":"category","embeddable":true,"href":"https:\/\/kulturbloggen.com\/index.php?rest_route=%2Fwp%2Fv2%2Fcategories&post=182524"},{"taxonomy":"post_tag","embeddable":true,"href":"https:\/\/kulturbloggen.com\/index.php?rest_route=%2Fwp%2Fv2%2Ftags&post=182524"}],"curies":[{"name":"wp","href":"https:\/\/api.w.org\/{rel}","templated":true}]}}