{"id":1817,"date":"2008-09-21T19:13:25","date_gmt":"2008-09-21T19:13:25","guid":{"rendered":"http:\/\/kulturbloggen.com\/?p=1817"},"modified":"2008-09-21T19:13:25","modified_gmt":"2008-09-21T19:13:25","slug":"blavitt-satte-stopp-for-kalmars-dubbel","status":"publish","type":"post","link":"https:\/\/kulturbloggen.com\/?p=1817","title":{"rendered":"Bl\u00e5vitt satte stopp f\u00f6r Kalmars dubbel"},"content":{"rendered":"<p><a href='http:\/\/sodergren.com\/kulturbloggen\/wp-content\/uploads\/2008\/09\/ifkgoteborg125.jpg'><img loading=\"lazy\" decoding=\"async\" src=\"http:\/\/sodergren.com\/kulturbloggen\/wp-content\/uploads\/2008\/09\/ifkgoteborg125.jpg\" alt=\"\" title=\"ifkgoteborg125\" width=\"125\" height=\"250\" class=\"alignright size-full wp-image-1816\" \/><\/a>Kalmar har varit ett lag som imponerat, b\u00e5de i allsvenskan och i Svenska Cupen och <a href=\"http:\/\/www.eurosport.se\/fotboll\/uefa-cup\/2008-2009\/hur-gar-det-for-kalmar_sto1703068\/story.shtml\">i Uefa-cupen<\/a>.<\/p>\n<p>Men n\u00e5gon svensk dubbel blev det inte f\u00f6r Kalmar FF. Straffdramatik avgjorde finalen i Svenska cupen och f\u00f6r en g\u00f6teborgare slutade det bra: <a href=\"http:\/\/www.ifkgoteborg.se\/\">Heja Bl\u00e5vitt<\/a> som blev cupvinnare igen f\u00f6r f\u00f6rsta g\u00e5ngen p\u00e5 17 \u00e5r. Kalmar f\u00e5r sikta p\u00e5 att vinna allsvenskan nu och n\u00f6ja dig med en seger i s\u00e5 fall.<\/p>\n<p>F\u00f6r G\u00f6teborgs-fotbollen \u00e4r det en trevlig s\u00f6ndagskv\u00e4ll:<\/p>\n<p>Som det st\u00e5r p\u00e5 Bl\u00e5vitts hemsida:<\/p>\n<blockquote><p>Det kan kr\u00e4vas tv\u00e5 halvlekar, en f\u00f6rl\u00e4ngning och fem straffm\u00e5l f\u00f6rst. IFK G\u00f6teborg \u00e4r \u00e5ter m\u00e4stare i svenska cupen.<br \/>\nEn stor matchhj\u00e4lte heter Kim Christensen.<\/p><\/blockquote>\n<p><a href=\"http:\/\/www.aftonbladet.se\/sportbladet\/fotboll\/article3361954.ab\">Aftonbladet<\/a>:<\/p>\n<blockquote><p>Matchen kunde ha slutat hur som helst och en bl\u00e5vit seger under ordinarie tid eller under f\u00f6rl\u00e4ngningen hade varit lika r\u00e4ttvis som en Kalmar-dito. De riktigt heta m\u00e5lchanserna l\u00f6s saknades under de f\u00f6rsta 90 minuterna och i halvtid var Rasmus Elm rej\u00e4lt missn\u00f6jd med hur serieledarna upptr\u00e4dde.<\/p>\n<p>\u2013 Vi \u00e4r inte riktigt vakna. Vi blir alldeles f\u00f6r passiva, vi m\u00e5ste upp p\u00e5 t\u00e5rna, sa han till TV4.<\/p><\/blockquote>\n<p>Relaterat:<br \/>\n<a href=\"http:\/\/www.dn.se\/DNet\/jsp\/polopoly.jsp?d=647&#038;a=830984\">Dagens Nyheter<\/a>, <a href=\"http:\/\/www.svd.se\/sportspel\/nyheter\/artikel_1759059.svd\">Svenska Dagbladet<\/a>.<\/p>\n<p>Andra bloggar om: <a href=\"http:\/\/bloggar.se\/om\/fotboll\" rel=\"tag\">fotboll<\/a>, <a href=\"http:\/\/bloggar.se\/om\/Bl%E5vitt\" rel=\"tag\">Bl\u00e5vitt<\/a>, <a href=\"http:\/\/bloggar.se\/om\/G%F6teborg\" rel=\"tag\">G\u00f6teborg<\/a>, <a href=\"http:\/\/bloggar.se\/om\/Christensson\" rel=\"tag\">Christensson<\/a>, <a href=\"http:\/\/bloggar.se\/om\/Svenska+Cupen\" rel=\"tag\">Svenska Cupen<\/a>, <a href=\"http:\/\/bloggar.se\/om\/Kalmar\" rel=\"tag\">Kalmar<\/a><\/p>\n","protected":false},"excerpt":{"rendered":"<p>Kalmar har varit ett lag som imponerat, b\u00e5de i allsvenskan och i Svenska Cupen och i Uefa-cupen. Men n\u00e5gon svensk dubbel blev det inte f\u00f6r Kalmar FF. Straffdramatik avgjorde finalen i Svenska cupen och f\u00f6r en g\u00f6teborgare slutade det bra: Heja Bl\u00e5vitt som blev cupvinnare igen f\u00f6r f\u00f6rsta g\u00e5ngen p\u00e5 17 \u00e5r. Kalmar f\u00e5r sikta [&hellip;]<\/p>\n","protected":false},"author":2,"featured_media":0,"comment_status":"open","ping_status":"open","sticky":false,"template":"","format":"standard","meta":{"_genesis_hide_title":false,"_genesis_hide_breadcrumbs":false,"_genesis_hide_singular_image":false,"_genesis_hide_footer_widgets":false,"_genesis_custom_body_class":"","_genesis_custom_post_class":"","_genesis_layout":"","footnotes":""},"categories":[20],"tags":[758,12292,2159],"class_list":{"0":"post-1817","1":"post","2":"type-post","3":"status-publish","4":"format-standard","6":"category-film","7":"tag-blavitt","8":"tag-fotboll-sport-nyheter","9":"tag-goteborg","10":"entry"},"_links":{"self":[{"href":"https:\/\/kulturbloggen.com\/index.php?rest_route=\/wp\/v2\/posts\/1817","targetHints":{"allow":["GET"]}}],"collection":[{"href":"https:\/\/kulturbloggen.com\/index.php?rest_route=\/wp\/v2\/posts"}],"about":[{"href":"https:\/\/kulturbloggen.com\/index.php?rest_route=\/wp\/v2\/types\/post"}],"author":[{"embeddable":true,"href":"https:\/\/kulturbloggen.com\/index.php?rest_route=\/wp\/v2\/users\/2"}],"replies":[{"embeddable":true,"href":"https:\/\/kulturbloggen.com\/index.php?rest_route=%2Fwp%2Fv2%2Fcomments&post=1817"}],"version-history":[{"count":0,"href":"https:\/\/kulturbloggen.com\/index.php?rest_route=\/wp\/v2\/posts\/1817\/revisions"}],"wp:attachment":[{"href":"https:\/\/kulturbloggen.com\/index.php?rest_route=%2Fwp%2Fv2%2Fmedia&parent=1817"}],"wp:term":[{"taxonomy":"category","embeddable":true,"href":"https:\/\/kulturbloggen.com\/index.php?rest_route=%2Fwp%2Fv2%2Fcategories&post=1817"},{"taxonomy":"post_tag","embeddable":true,"href":"https:\/\/kulturbloggen.com\/index.php?rest_route=%2Fwp%2Fv2%2Ftags&post=1817"}],"curies":[{"name":"wp","href":"https:\/\/api.w.org\/{rel}","templated":true}]}}