{"id":181338,"date":"2024-05-17T15:56:52","date_gmt":"2024-05-17T13:56:52","guid":{"rendered":"https:\/\/kulturbloggen.com\/?p=181338"},"modified":"2024-05-17T16:07:43","modified_gmt":"2024-05-17T14:07:43","slug":"inte-forsta-gangen-kalla-fakta-ar-osaklig-myndigheten-for-psykologiskt-forsvar-anmaler-kalla-fakta","status":"publish","type":"post","link":"https:\/\/kulturbloggen.com\/?p=181338","title":{"rendered":"Inte f\u00f6rsta g\u00e5ngen Kalla fakta \u00e4r osaklig &#8211; Myndigheten f\u00f6r psykologiskt f\u00f6rsvar anm\u00e4ler Kalla fakta"},"content":{"rendered":"<p><img loading=\"lazy\" decoding=\"async\" class=\"aligncenter size-full wp-image-181350\" src=\"https:\/\/kulturbloggen.com\/wp-content\/uploads\/2024\/05\/myndigheten.jpg\" alt=\"\" width=\"650\" height=\"359\" srcset=\"https:\/\/kulturbloggen.com\/wp-content\/uploads\/2024\/05\/myndigheten.jpg 650w, https:\/\/kulturbloggen.com\/wp-content\/uploads\/2024\/05\/myndigheten-300x166.jpg 300w\" sizes=\"auto, (max-width: 650px) 100vw, 650px\" \/><\/p>\n<p>Myndigheten f\u00f6r psykologiskt f\u00f6rsvar anm\u00e4ler Kalla faktas SD-granskning \u201dUndercover i trollfabriken\u201d.<br \/>\nDet rapporterar flera nyhetskanaler, bland annat <a href=\"https:\/\/www.svt.se\/nyheter\/inrikes\/myndigheten-anmaler-tv4s-kalla-fakta-till-granskningsnamnden\">SVT<\/a> och <a href=\"https:\/\/www.aftonbladet.se\/nyheter\/a\/qPLgrE\/myndighet-anmaler-tv4-s-kalla-fakta-till-granskningsnamnden\">Aftonbladet<\/a>.<\/p>\n<p>Myndigheten p\u00e5pekar att intervjuer som anv\u00e4nts med deras f\u00f6retr\u00e4dare har gjorts i helt andra sammanhang. Myndigheter kallar det \u201danm\u00e4rkningsv\u00e4rt och osakligt\u201d.<\/p>\n<p>Det \u00e4r inte alls ovanligt att Kalla fakta g\u00f6r p\u00e5 detta vis. Kalla faktas reporter gjorde likadant i en s\u00e5 kallad granskande serie i tv\u00e5 avsnitt tidigare i v\u00e5ras d\u00e4r Kalla fakta beskyllde Tarot-tolkare eller spiritualistiska medium f\u00f6r att vara orsak till en ung kvinnas sj\u00e4lvmord. Det enda &#8221;bevis&#8221; Kalla fakta hade var ett Youtube-klipp fr\u00e5n en kvinna som representerar sekten\/kultur Starseed som inte har n\u00e5got med Tarotl\u00e4ggare eller svenska medium att g\u00f6ra. Kalla faktas beteende g\u00e5r att j\u00e4mf\u00f6ra med om de skulle granskande kritisera Svenska kyrkan genom att anv\u00e4nda klipp fr\u00e5n en amerikansk mormonkyrka eller rysk f\u00f6rsamling av Jehovas vittnen. Det s\u00e4ger sig sj\u00e4lvt att s\u00e5dant s\u00e4tt att klippa ihop intervjuer \u00e4r h\u00f6gst oetiskt.<\/p>\n<p>Kalla faktas f\u00f6rf\u00f6relse av andliga r\u00f6relsen i Sverige inneh\u00f6ll ett h\u00f6gst oetiskt reportage om en ung kvinna som hade gjort sj\u00e4lvmord. De sista fem \u00e5ren hade denna unga kvinna inte haft n\u00e5gon kontakt med vare sig sin mamma eller sina syskon, enligt Kalla fakta. \u00c4nd\u00e5 kunde d\u00e5 Kalla fakta sl\u00e5 fast att ett medium fem \u00e5r tidigare hade sagt att hon inte skulle v\u00e4nda sig till svensk psykiatri f\u00f6r sin depression &#8211; och detta skulle d\u00e5 vara sk\u00e4let till att hon fem \u00e5r senare dog i sj\u00e4vmord. Mycket tragiskt. Men s\u00e5 oetiskt av Kalla fakta. Det finns inga bevis f\u00f6r att det n\u00e5gon eventuellt hade sagt fem \u00e5r tidigare skulle vara orsaken. F\u00f6r min del \u00e4r det programmet av Kalla fakta s\u00e5 oetiskt och vidrigt att jag aldrig kan f\u00e5 n\u00e5got f\u00f6rtroende f\u00f6r Kalla fakta igen, tror jag.<\/p>\n<p>Huruvida SD har trollfabriker eller inte och om det \u00e4r trov\u00e4rdigt granskat i \u00f6vrigt uttalar myndigheten inte om. Och det handlar inte detta debattinl\u00e4gg heller om. D\u00e4remot \u00e4r det h\u00f6gst anm\u00e4rkningsv\u00e4rt och beklagligt att tv-kanaler som tv4 utger sig f\u00f6r att ha journalister som granskar p\u00e5 etiskt s\u00e4tt n\u00e4r Kalla Fakta flera g\u00e5nger klippt ihop intervjuer som inte alls \u00e4r gjorda i sammanhanget som tas upp. Svensk journalistik f\u00f6rlorar sin trov\u00e4rdighet genom Kalla Faktas beteende.<\/p>\n<p>F\u00f6r \u00f6vrigt kan jag noter att Liberalernas partiledare Johan Pehrson (L) \u00e4r ute och cyklar och tangerar den svenska lagskyddade r\u00e4tten att r\u00f6sta utan att n\u00e5gon f\u00e5r se vad man r\u00f6star p\u00e5. Pehrson vill a partier fr\u00e5n att sprida budskap och g\u00f6ra reklam anonymt efter TV4:s granskning av SD. (<a href=\"https:\/\/www.svt.se\/nyheter\/inrikes\/svt-erfar-liberalerna-vill-forbjuda-anonyma-konton-for-partier\">SVT<\/a>)<\/p>\n<p>Socialdemokraternas ledare Magdalena Andersson \u00e4r beredd att bort s\u00e4tten att ha konto p\u00e5 sociala medier d\u00e4r man inte visar sin r\u00e4tta identitet. Det skulle betyda att exempelvis kvinnor som lever under skyddad identitet inte ska ha tillg\u00e5ng till sociala medier.<br \/>\nHur det rent praktiskt skulle g\u00e5 till n\u00e4r ett amerikanskt f\u00f6retag som Meta\/Facebook eller X\/f\u00f6d Twitter skulle kontrollera svenska identiteter \u00e4r ocks\u00e5 en v\u00e4rt att fundera kring. Ska m\u00e4nniskor med skyddad identitet tvingas l\u00e4mna sin identitet till amerikanska f\u00f6retag?<\/p>\n<p>Man kan ha vilken \u00e5sikt som helt om trollfarbirek och huruvida SD har trollfabriker som g\u00e5r att j\u00e4mf\u00f6ra med hur det ser ut i Iran, Saudiarabien och Ryssland. Jag \u00e4r inte tillr\u00e4ckligt insatt i SD:s ageranden h\u00e4r. Men det m\u00e5ste vara m\u00f6jligt att kritisera reaktioner kring avsl\u00f6jandet oavsett inst\u00e4llning till SD.<\/p>\n","protected":false},"excerpt":{"rendered":"<p>Myndigheten f\u00f6r psykologiskt f\u00f6rsvar anm\u00e4ler Kalla faktas SD-granskning \u201dUndercover i trollfabriken\u201d. Det rapporterar flera nyhetskanaler, bland annat SVT och Aftonbladet. Myndigheten p\u00e5pekar att intervjuer som anv\u00e4nts med deras f\u00f6retr\u00e4dare har gjorts i helt andra sammanhang. Myndigheter kallar det \u201danm\u00e4rkningsv\u00e4rt och osakligt\u201d. Det \u00e4r inte alls ovanligt att Kalla fakta g\u00f6r p\u00e5 detta vis. Kalla faktas [&hellip;]<\/p>\n","protected":false},"author":2,"featured_media":0,"comment_status":"closed","ping_status":"closed","sticky":false,"template":"","format":"standard","meta":{"_genesis_hide_title":false,"_genesis_hide_breadcrumbs":false,"_genesis_hide_singular_image":false,"_genesis_hide_footer_widgets":false,"_genesis_custom_body_class":"","_genesis_custom_post_class":"","_genesis_layout":"","footnotes":""},"categories":[44,62,20],"tags":[2765,14912,13301,14914,4978,5534,14913],"class_list":{"0":"post-181338","1":"post","2":"type-post","3":"status-publish","4":"format-standard","6":"category-chadie","7":"category-medie-och-kulturpolitik","8":"category-film","9":"tag-journalistik","10":"tag-kalla-fakta","11":"tag-liberalerna","12":"tag-myndigheten-for-psykologiskt-forsvar","13":"tag-sd","14":"tag-sverigedemokraterna","15":"tag-trollfabrik","16":"entry"},"_links":{"self":[{"href":"https:\/\/kulturbloggen.com\/index.php?rest_route=\/wp\/v2\/posts\/181338","targetHints":{"allow":["GET"]}}],"collection":[{"href":"https:\/\/kulturbloggen.com\/index.php?rest_route=\/wp\/v2\/posts"}],"about":[{"href":"https:\/\/kulturbloggen.com\/index.php?rest_route=\/wp\/v2\/types\/post"}],"author":[{"embeddable":true,"href":"https:\/\/kulturbloggen.com\/index.php?rest_route=\/wp\/v2\/users\/2"}],"replies":[{"embeddable":true,"href":"https:\/\/kulturbloggen.com\/index.php?rest_route=%2Fwp%2Fv2%2Fcomments&post=181338"}],"version-history":[{"count":18,"href":"https:\/\/kulturbloggen.com\/index.php?rest_route=\/wp\/v2\/posts\/181338\/revisions"}],"predecessor-version":[{"id":181359,"href":"https:\/\/kulturbloggen.com\/index.php?rest_route=\/wp\/v2\/posts\/181338\/revisions\/181359"}],"wp:attachment":[{"href":"https:\/\/kulturbloggen.com\/index.php?rest_route=%2Fwp%2Fv2%2Fmedia&parent=181338"}],"wp:term":[{"taxonomy":"category","embeddable":true,"href":"https:\/\/kulturbloggen.com\/index.php?rest_route=%2Fwp%2Fv2%2Fcategories&post=181338"},{"taxonomy":"post_tag","embeddable":true,"href":"https:\/\/kulturbloggen.com\/index.php?rest_route=%2Fwp%2Fv2%2Ftags&post=181338"}],"curies":[{"name":"wp","href":"https:\/\/api.w.org\/{rel}","templated":true}]}}