{"id":181189,"date":"2024-05-13T17:13:35","date_gmt":"2024-05-13T15:13:35","guid":{"rendered":"https:\/\/kulturbloggen.com\/?p=181189"},"modified":"2024-05-13T17:13:36","modified_gmt":"2024-05-13T15:13:36","slug":"11-blivande-textilhantverkare-och-textilkonstnarer-visar-upp-examensutstallningen-parallelle","status":"publish","type":"post","link":"https:\/\/kulturbloggen.com\/?p=181189","title":{"rendered":"11 blivande textilhantverkare och textilkonstn\u00e4rer visar upp examensutst\u00e4llningen Parallelle"},"content":{"rendered":"<p><img loading=\"lazy\" decoding=\"async\" class=\"aligncenter size-full wp-image-181192\" src=\"https:\/\/kulturbloggen.com\/wp-content\/uploads\/2024\/05\/unnamed-3-1.jpg\" alt=\"\" width=\"650\" height=\"488\" srcset=\"https:\/\/kulturbloggen.com\/wp-content\/uploads\/2024\/05\/unnamed-3-1.jpg 650w, https:\/\/kulturbloggen.com\/wp-content\/uploads\/2024\/05\/unnamed-3-1-300x225.jpg 300w\" sizes=\"auto, (max-width: 650px) 100vw, 650px\" \/><em>Processbilder av studenternas verk. Foto: Ellinor Hall<\/em><\/p>\n<p>11 blivande textilhantverkare och textilkonstn\u00e4rer visar upp examensutst\u00e4llningen Paralleller.<br \/>\nEtt pressmeddelande ber\u00e4ttar:<br \/>\n11 blivande textilhantverkare och textilkonstn\u00e4rer. Olika, men som alla drivs av en nyfikenhet p\u00e5 garnets, v\u00e4vens, f\u00e4rgens, textilens m\u00f6jligheter. Kan man dubbelexponera en v\u00e4v? F\u00e5r ett sk\u00e5p vara fluffigt? Kan man v\u00e4va en skog? Hur m\u00e5nga lager \u00e4r f\u00f6r m\u00e5nga? M\u00e5ste det bli som man t\u00e4nkt sig? Med st\u00f6d av varandra tar vi spr\u00e5nget ut i den verkliga v\u00e4rlden. Redo att arbeta sj\u00e4lvst\u00e4ndigt, men alltid parallellt.<\/p>\n<p>Varje \u00e5r utexamineras vid Handarbetets V\u00e4nners skola ett tiotal elever inom textilt hantverk. Utrustade med spetskompetens inom hantverket och med en f\u00f6rm\u00e5ga till konstn\u00e4rlig h\u00f6jd \u00e4r m\u00e5nga idag verksamma som textilhantverkare och textilkonstn\u00e4rer.<br \/>\nMedverkande<br \/>\nFredrika Engberg Paulsrud<br \/>\nCarin Enhager<br \/>\nNickis Fischer Kask<br \/>\nFreja Hallin<br \/>\nJessika H\u00f6glund<br \/>\nEva Lalander<br \/>\nEbba Lundahl<br \/>\nLinnea Norberg<br \/>\n\u00c5sa Portnoff Sundstr\u00f6m<br \/>\nKristina P\u00e5hlman Himmelsj\u00f6<br \/>\nMyrna af Wetterstedt<\/p>\n<p>Examensutst\u00e4llning 2024 \u2013 Paralleller<br \/>\nOnsdag 16 maj kl. 16\u201318 p\u00e5 Handarbetets V\u00e4nner Galleri. Utst\u00e4llningen p\u00e5g\u00e5r till l\u00f6rdag 1 juni.<\/p>\n","protected":false},"excerpt":{"rendered":"<p>Processbilder av studenternas verk. Foto: Ellinor Hall 11 blivande textilhantverkare och textilkonstn\u00e4rer visar upp examensutst\u00e4llningen Paralleller. Ett pressmeddelande ber\u00e4ttar: 11 blivande textilhantverkare och textilkonstn\u00e4rer. Olika, men som alla drivs av en nyfikenhet p\u00e5 garnets, v\u00e4vens, f\u00e4rgens, textilens m\u00f6jligheter. Kan man dubbelexponera en v\u00e4v? F\u00e5r ett sk\u00e5p vara fluffigt? Kan man v\u00e4va en skog? Hur m\u00e5nga [&hellip;]<\/p>\n","protected":false},"author":13,"featured_media":0,"comment_status":"closed","ping_status":"closed","sticky":false,"template":"","format":"standard","meta":{"_genesis_hide_title":false,"_genesis_hide_breadcrumbs":false,"_genesis_hide_singular_image":false,"_genesis_hide_footer_widgets":false,"_genesis_custom_body_class":"","_genesis_custom_post_class":"","_genesis_layout":"","footnotes":""},"categories":[3],"tags":[],"class_list":{"0":"post-181189","1":"post","2":"type-post","3":"status-publish","4":"format-standard","6":"category-litteratur","7":"entry"},"_links":{"self":[{"href":"https:\/\/kulturbloggen.com\/index.php?rest_route=\/wp\/v2\/posts\/181189","targetHints":{"allow":["GET"]}}],"collection":[{"href":"https:\/\/kulturbloggen.com\/index.php?rest_route=\/wp\/v2\/posts"}],"about":[{"href":"https:\/\/kulturbloggen.com\/index.php?rest_route=\/wp\/v2\/types\/post"}],"author":[{"embeddable":true,"href":"https:\/\/kulturbloggen.com\/index.php?rest_route=\/wp\/v2\/users\/13"}],"replies":[{"embeddable":true,"href":"https:\/\/kulturbloggen.com\/index.php?rest_route=%2Fwp%2Fv2%2Fcomments&post=181189"}],"version-history":[{"count":7,"href":"https:\/\/kulturbloggen.com\/index.php?rest_route=\/wp\/v2\/posts\/181189\/revisions"}],"predecessor-version":[{"id":181197,"href":"https:\/\/kulturbloggen.com\/index.php?rest_route=\/wp\/v2\/posts\/181189\/revisions\/181197"}],"wp:attachment":[{"href":"https:\/\/kulturbloggen.com\/index.php?rest_route=%2Fwp%2Fv2%2Fmedia&parent=181189"}],"wp:term":[{"taxonomy":"category","embeddable":true,"href":"https:\/\/kulturbloggen.com\/index.php?rest_route=%2Fwp%2Fv2%2Fcategories&post=181189"},{"taxonomy":"post_tag","embeddable":true,"href":"https:\/\/kulturbloggen.com\/index.php?rest_route=%2Fwp%2Fv2%2Ftags&post=181189"}],"curies":[{"name":"wp","href":"https:\/\/api.w.org\/{rel}","templated":true}]}}