{"id":1809,"date":"2008-09-21T15:08:56","date_gmt":"2008-09-21T15:08:56","guid":{"rendered":"http:\/\/kulturbloggen.com\/?p=1809"},"modified":"2008-09-21T15:08:56","modified_gmt":"2008-09-21T15:08:56","slug":"att-jobba-utomlands-tar-pa-krafterna","status":"publish","type":"post","link":"https:\/\/kulturbloggen.com\/?p=1809","title":{"rendered":"Att jobba utomlands tar p\u00e5 krafterna"},"content":{"rendered":"<p><a href='http:\/\/sodergren.com\/kulturbloggen\/wp-content\/uploads\/2008\/09\/europaparlamentet125.jpg'><img loading=\"lazy\" decoding=\"async\" src=\"http:\/\/sodergren.com\/kulturbloggen\/wp-content\/uploads\/2008\/09\/europaparlamentet125.jpg\" alt=\"\" title=\"europaparlamentet125\" width=\"125\" height=\"250\" class=\"alignnone size-full wp-image-1810\" \/><\/a><\/p>\n<blockquote><p>Sveriges EU-parlamentariker f\u00e5r kraftigt h\u00f6jd l\u00f6n efter valet n\u00e4sta \u00e5r &#8211; omkring 17.000 kronor mer i m\u00e5naden.<\/p><\/blockquote>\n<p>Ber\u00e4ttar svenska medier idag.<\/p>\n<p>En del retar sig och s\u00e4ger att det \u00e4r typiskt politiker att hugga f\u00f6r sig.<br \/>\nFast i det h\u00e4r fallet kan jag inte uppr\u00f6ras. Klyftorna i samh\u00e4llet \u00e4r stora, men det \u00e5tg\u00e4rdas inte genom att Europapolitiker h\u00e5ller tillbaka sin l\u00f6neutveckling. F\u00f6r att resa st\u00e4ndigt, att jobba hemifr\u00e5n, det tar p\u00e5 krafter. Europaparlamentariker f\u00e5r efter l\u00f6neh\u00f6jningen h\u00f6gre l\u00f6n \u00e4n svenska riksdagspolitiker. Men jag kan inte heller uppr\u00f6ras \u00f6ver det. F\u00f6r det \u00e4r slitigt att jobba utomlands, att kanske ha familjen kvar i Sverige.<\/p>\n<p>Dessutom ska de svenska Europapolitikerna betala svensk skatt. S\u00e5 det blir inte s\u00e5 mycket kvar av h\u00f6jningen d\u00e4refter.<\/p>\n<p>Nej, jag kan inte uppr\u00f6ras \u00f6ver den h\u00f6jningen, f\u00f6r jag vet hur slitigt m\u00e5nga politiker som jobbar p\u00e5 det s\u00e4ttet har. L\u00f6neklyftorna i samh\u00e4llet ska j\u00e4mnas ut genom att de l\u00e4gre betalda grupperna f\u00e5r det b\u00e4ttre.<\/p>\n<p>Andra som bloggar om detta: <a href=\"http:\/\/janadam.blogg.se\/2008\/september\/om-karriarer.html\">Jan Adam Johansson<\/a> och <a href=\"http:\/\/creativedirector.se\/blog\/index.php\/2008\/09\/21\/svensk-avundsjuka-hade-vi-inte-kommit-overens-om-att-vi-skulle-sluta-med-det\/\">Creative Director<\/a>.<\/p>\n<p>By the way: H\u00e4r kan man tala om bra betalt. Kylie Minogue f\u00e5r 24 miljoner kronor f\u00f6r tv\u00e5 konserter. <a href=\"http:\/\/www.aftonbladet.se\/nojesliv\/musik\/article3354809.ab\">K\u00e4lla Aftonbladet<\/a>:<\/p>\n<blockquote><p>S\u00e5ngerskan f\u00e5r drygt 24 miljoner kronor f\u00f6r tv\u00e5 upptr\u00e4danden i Dubai, skriver magasinet Now.<\/p>\n<p>40-\u00e5ringen ska dels sjunga inf\u00f6r 2.000 g\u00e4ster i samband med invigningen av femstj\u00e4rniga Atlantis Hotel, dels inf\u00f6r 20 000 fans under en konsert i Dubai Festival City. <\/p><\/blockquote>\n<p>Det l\u00e5ter ju extremt mycket. Men allt hamnar nog inte i Minogues kassakista. En hel del g\u00e5r s\u00e4kert \u00e5t till att betala musiker, agenter och resor dit och att forsla instrumenten dit, med mera.<\/p>\n<p>Det \u00e4r l\u00e4tt att skrika p\u00e5 att det \u00e4r or\u00e4ttvist n\u00e4r en del f\u00e5r h\u00f6ga inkomster. Men jag tycker det \u00e4r v\u00e4rre n\u00e4r det handlar om direkt\u00f6rer och vd:ar som motarbetar l\u00f6neh\u00f6jningar f\u00f6r sina f\u00f6retags anst\u00e4llda, k\u00f6r f\u00f6retag d\u00e5ligt och \u00e4nd\u00e5 roffar \u00e5t sig bonus.<\/p>\n<p>En artist repeterar, tr\u00e4nar, satsar &#8230; och en och annan av dem har tur och skicklighet att bli v\u00e4rldsstj\u00e4rna och kan under n\u00e5gra \u00e5r f\u00e5 h\u00f6ga inkomster. Men de har ingen trygghet och m\u00e5ste f\u00f6rs\u00f6rja sig hela livet sedan p\u00e5 det de f\u00e5r in under n\u00e5gra \u00e5r. En del lyckas s\u00e5 bra att det blir multum, men det \u00e4r fortfarande inte det som \u00e4r problemet med stora klyftor i samh\u00e4llet.<\/p>\n<p>Och Europaparlamentariker f\u00e5r h\u00f6gre l\u00f6ner \u00e4n en del andra grupper, men jag tror inte alla vill byta och leva p\u00e5 det s\u00e4ttet.<\/p>\n<p>S\u00e5 h\u00e4r l\u00e5ter i alla fall en v\u00e4lbetald artist:<\/p>\n<p><object width=\"425\" height=\"344\"><param name=\"movie\" value=\"http:\/\/www.youtube.com\/v\/RE8EAqneUbM&#038;hl=en&#038;fs=1\"><\/param><param name=\"allowFullScreen\" value=\"true\"><\/param><embed src=\"http:\/\/www.youtube.com\/v\/RE8EAqneUbM&#038;hl=en&#038;fs=1\" type=\"application\/x-shockwave-flash\" allowfullscreen=\"true\" width=\"425\" height=\"344\"><\/embed><\/object><\/p>\n<p>Relaterade artiklar:<br \/>\n<a href=\"http:\/\/www.dn.se\/DNet\/jsp\/polopoly.jsp?d=1042&#038;a=830928\">Dagens Nyheter<\/a>, <a href=\"http:\/\/www.svd.se\/nyheter\/inrikes\/artikel_1758183.svd\">Svenska Dagbladet 1<\/a>, <a href=\"http:\/\/www.aftonbladet.se\/nyheter\/article3360898.ab\">Aftonbladet<\/a> och <a href=\"http:\/\/www.svd.se\/nyheter\/inrikes\/artikel_1757877.svd\">Svenska Dagbladet 2<\/a> och <a href=\"http:\/\/sydsvenskan.se\/sverige\/article370427\/Rejalt-lonelyft-for-EU-politiker.html\">Sydsvenskan<\/a>.<\/p>\n<p>Andra bloggar om: <a href=\"http:\/\/bloggar.se\/om\/ekonomi\" rel=\"tag\">ekonomi<\/a>, <a href=\"http:\/\/bloggar.se\/om\/EU\" rel=\"tag\">EU<\/a>, <a href=\"http:\/\/bloggar.se\/om\/musikvideo\" rel=\"tag\">musikvideo<\/a>, <a href=\"http:\/\/bloggar.se\/om\/l%F6nelyft\" rel=\"tag\">l\u00f6nelyft<\/a>, <a href=\"http:\/\/bloggar.se\/om\/l%F6ner\" rel=\"tag\">l\u00f6ner<\/a>, <a href=\"http:\/\/bloggar.se\/om\/jobb\" rel=\"tag\">jobb<\/a>, <a href=\"http:\/\/bloggar.se\/om\/Kylie+Minogue\" rel=\"tag\">Kylie Minogue<\/a>, <a href=\"http:\/\/bloggar.se\/om\/Dubai\" rel=\"tag\">Dubai<\/a><\/p>\n<p><a href='http:\/\/sodergren.com\/kulturbloggen\/wp-content\/uploads\/2008\/09\/europaparlamentet260.jpg'><img loading=\"lazy\" decoding=\"async\" src=\"http:\/\/sodergren.com\/kulturbloggen\/wp-content\/uploads\/2008\/09\/europaparlamentet260.jpg\" alt=\"\" title=\"europaparlamentet260\" width=\"260\" height=\"150\" class=\"alignnone size-medium wp-image-1811\" \/><\/a><\/p>\n","protected":false},"excerpt":{"rendered":"<p>Sveriges EU-parlamentariker f\u00e5r kraftigt h\u00f6jd l\u00f6n efter valet n\u00e4sta \u00e5r &#8211; omkring 17.000 kronor mer i m\u00e5naden. Ber\u00e4ttar svenska medier idag. En del retar sig och s\u00e4ger att det \u00e4r typiskt politiker att hugga f\u00f6r sig. Fast i det h\u00e4r fallet kan jag inte uppr\u00f6ras. Klyftorna i samh\u00e4llet \u00e4r stora, men det \u00e5tg\u00e4rdas inte genom [&hellip;]<\/p>\n","protected":false},"author":2,"featured_media":0,"comment_status":"open","ping_status":"open","sticky":false,"template":"","format":"standard","meta":{"_genesis_hide_title":false,"_genesis_hide_breadcrumbs":false,"_genesis_hide_singular_image":false,"_genesis_hide_footer_widgets":false,"_genesis_custom_body_class":"","_genesis_custom_post_class":"","_genesis_layout":"","footnotes":""},"categories":[20],"tags":[1463,1581,3868],"class_list":{"0":"post-1809","1":"post","2":"type-post","3":"status-publish","4":"format-standard","6":"category-film","7":"tag-ekonomi","8":"tag-eu","9":"tag-musikvideo","10":"entry"},"_links":{"self":[{"href":"https:\/\/kulturbloggen.com\/index.php?rest_route=\/wp\/v2\/posts\/1809","targetHints":{"allow":["GET"]}}],"collection":[{"href":"https:\/\/kulturbloggen.com\/index.php?rest_route=\/wp\/v2\/posts"}],"about":[{"href":"https:\/\/kulturbloggen.com\/index.php?rest_route=\/wp\/v2\/types\/post"}],"author":[{"embeddable":true,"href":"https:\/\/kulturbloggen.com\/index.php?rest_route=\/wp\/v2\/users\/2"}],"replies":[{"embeddable":true,"href":"https:\/\/kulturbloggen.com\/index.php?rest_route=%2Fwp%2Fv2%2Fcomments&post=1809"}],"version-history":[{"count":0,"href":"https:\/\/kulturbloggen.com\/index.php?rest_route=\/wp\/v2\/posts\/1809\/revisions"}],"wp:attachment":[{"href":"https:\/\/kulturbloggen.com\/index.php?rest_route=%2Fwp%2Fv2%2Fmedia&parent=1809"}],"wp:term":[{"taxonomy":"category","embeddable":true,"href":"https:\/\/kulturbloggen.com\/index.php?rest_route=%2Fwp%2Fv2%2Fcategories&post=1809"},{"taxonomy":"post_tag","embeddable":true,"href":"https:\/\/kulturbloggen.com\/index.php?rest_route=%2Fwp%2Fv2%2Ftags&post=1809"}],"curies":[{"name":"wp","href":"https:\/\/api.w.org\/{rel}","templated":true}]}}