{"id":180475,"date":"2024-04-24T18:39:59","date_gmt":"2024-04-24T16:39:59","guid":{"rendered":"https:\/\/kulturbloggen.com\/?p=180475"},"modified":"2024-04-24T18:39:59","modified_gmt":"2024-04-24T16:39:59","slug":"maxim-oppnar-i-stockholm-i-host-igen","status":"publish","type":"post","link":"https:\/\/kulturbloggen.com\/?p=180475","title":{"rendered":"Maxim \u00f6ppnar i Stockholm i h\u00f6st igen"},"content":{"rendered":"<p><img loading=\"lazy\" decoding=\"async\" class=\"aligncenter size-full wp-image-180481\" src=\"https:\/\/kulturbloggen.com\/wp-content\/uploads\/2024\/04\/maximstockholm.jpg\" alt=\"\" width=\"650\" height=\"389\" srcset=\"https:\/\/kulturbloggen.com\/wp-content\/uploads\/2024\/04\/maximstockholm.jpg 650w, https:\/\/kulturbloggen.com\/wp-content\/uploads\/2024\/04\/maximstockholm-300x180.jpg 300w\" sizes=\"auto, (max-width: 650px) 100vw, 650px\" \/><\/p>\n<p>Efter att ha varit st\u00e4ngt i n\u00e4stan tv\u00e5 \u00e5r \u00f6ppnar Maxim i Stockholm i h\u00f6st upp sin anrika scen igen, renoverad och under ny ledning. Det nya kulturhuset kommer att fyllas med r\u00f6ster, musik och ber\u00e4ttelser fr\u00e5n olika delar av v\u00e4rlden med m\u00e5let att bli hela Stockholms nya hemmascen, ber\u00e4ttar ett pressmeddelande:<\/p>\n<p>Redan nu \u00e4r 100 programpunkter klara och idag presenteras ett urval av vad publiken kommer f\u00e5 uppleva n\u00e4r portarna sl\u00e5s upp. Det blir bland annat konserter med Sarah Klang, afghansk-persiska popstj\u00e4rnan Valy och amerikanska soulgospel-legenderna Staples Jr. Singers, nyskrivna pj\u00e4ser av iranska dramatikern Amir Reza Koohestanis och Sissela Kyle och standup med brittiska komikern Shazia Mirza, Petrina Solange &amp; Ina Lundstr\u00f6m och Ahmed Behran. Dessutom en helt ny talkshow d\u00e4r n\u00e4ringsliv och kultur m\u00f6ts, ledd av n\u00e4ringslivsprofilen Shori Zand, som ocks\u00e5 \u00e4r en av Maxims nya del\u00e4gare. Maxim blir \u00e4ven f\u00f6rsta konsertlokalen i Europa att erbjuda sina artister att spela in konserter p\u00e5 vinyl.<\/p>\n<p>Efter nedl\u00e4ggningshot r\u00e4ddades anrika Maxim vid Karlaplan i Stockholm f\u00f6rra \u00e5ret av en grupp engagerade och erfarna akt\u00f6rer inom scenkonst, musik, bio, restaurang och h\u00e5llbarhet. En ny \u00e4garkonstellation bildades som skrev kontrakt med fastighetsbolaget Green Property.<\/p>\n<p>Bakom den stora nysatsningen finns bland andra n\u00e4ringslivsprofilen Shori Zand, sk\u00e5despelaren Lia Boysen, musikern och komposit\u00f6ren Markus J\u00e4gerstedt, kr\u00f6garna Andrew Jones och Tim Alton fr\u00e5n Bistro Barbro, h\u00e5llbarhetsprofilen Mikael Salo och kulturproducenten Ellen Tejle.<\/p>\n<p>Maxim genomg\u00e5r just nu en omfattande och n\u00f6dv\u00e4ndig renovering f\u00f6r att bli en toppmodern scen i v\u00e4rldsklass vid ny\u00f6ppnandet i h\u00f6st. Hos Maxim ska publiken b\u00e5de kunna f\u00e5 en k\u00e4nslofylld verklighetsflykt och underh\u00e5llning genom konst, musik, teater och dans, men ocks\u00e5 utmaningar och samtal om samtidens avg\u00f6rande fr\u00e5gor. Det nya kulturhuset kommer att fyllas med kreat\u00f6rer fr\u00e5n olika delar av v\u00e4rlden med m\u00e5let att bli hela Stockholms nya hemmascen.<\/p>\n<p>\u2013 Vi \u00e4r en unik samling akt\u00f6rer som g\u00f6r en enorm satsning f\u00f6r att bevara och utveckla Maxim till ett h\u00f6gkvalitativt kulturpalats f\u00f6r hela Stockholm och Sverige. V\u00e5r ambition \u00e4r ocks\u00e5 att Maxim ska bli en oas som sl\u00e5r vakt om m\u00e4nskliga r\u00e4ttigheter, j\u00e4mst\u00e4lldhet, demokrati och milj\u00f6, med kultur som f\u00f6renade kraft, s\u00e4ger Ellen Tejle, vd f\u00f6r Maxim.<\/p>\n<p>Ellen, som \u00e4r den stora drivkraften bakom nya Maxim, har tidigare bland annat startat upp och drivit Bio Rio, initierat internationella kampanjen A-m\u00e4rkt f\u00f6r j\u00e4mst\u00e4lldhet i film, och varit vd f\u00f6r mediehuset Fanzingo.<\/p>\n","protected":false},"excerpt":{"rendered":"<p>Efter att ha varit st\u00e4ngt i n\u00e4stan tv\u00e5 \u00e5r \u00f6ppnar Maxim i Stockholm i h\u00f6st upp sin anrika scen igen, renoverad och under ny ledning. Det nya kulturhuset kommer att fyllas med r\u00f6ster, musik och ber\u00e4ttelser fr\u00e5n olika delar av v\u00e4rlden med m\u00e5let att bli hela Stockholms nya hemmascen, ber\u00e4ttar ett pressmeddelande: Redan nu \u00e4r [&hellip;]<\/p>\n","protected":false},"author":13,"featured_media":0,"comment_status":"closed","ping_status":"closed","sticky":false,"template":"","format":"standard","meta":{"_genesis_hide_title":false,"_genesis_hide_breadcrumbs":false,"_genesis_hide_singular_image":false,"_genesis_hide_footer_widgets":false,"_genesis_custom_body_class":"","_genesis_custom_post_class":"","_genesis_layout":"","footnotes":""},"categories":[30,13624],"tags":[7454],"class_list":{"0":"post-180475","1":"post","2":"type-post","3":"status-publish","4":"format-standard","6":"category-teater","7":"category-toppnytt","8":"tag-maxim","9":"entry"},"_links":{"self":[{"href":"https:\/\/kulturbloggen.com\/index.php?rest_route=\/wp\/v2\/posts\/180475","targetHints":{"allow":["GET"]}}],"collection":[{"href":"https:\/\/kulturbloggen.com\/index.php?rest_route=\/wp\/v2\/posts"}],"about":[{"href":"https:\/\/kulturbloggen.com\/index.php?rest_route=\/wp\/v2\/types\/post"}],"author":[{"embeddable":true,"href":"https:\/\/kulturbloggen.com\/index.php?rest_route=\/wp\/v2\/users\/13"}],"replies":[{"embeddable":true,"href":"https:\/\/kulturbloggen.com\/index.php?rest_route=%2Fwp%2Fv2%2Fcomments&post=180475"}],"version-history":[{"count":6,"href":"https:\/\/kulturbloggen.com\/index.php?rest_route=\/wp\/v2\/posts\/180475\/revisions"}],"predecessor-version":[{"id":180482,"href":"https:\/\/kulturbloggen.com\/index.php?rest_route=\/wp\/v2\/posts\/180475\/revisions\/180482"}],"wp:attachment":[{"href":"https:\/\/kulturbloggen.com\/index.php?rest_route=%2Fwp%2Fv2%2Fmedia&parent=180475"}],"wp:term":[{"taxonomy":"category","embeddable":true,"href":"https:\/\/kulturbloggen.com\/index.php?rest_route=%2Fwp%2Fv2%2Fcategories&post=180475"},{"taxonomy":"post_tag","embeddable":true,"href":"https:\/\/kulturbloggen.com\/index.php?rest_route=%2Fwp%2Fv2%2Ftags&post=180475"}],"curies":[{"name":"wp","href":"https:\/\/api.w.org\/{rel}","templated":true}]}}