{"id":1801,"date":"2008-09-21T06:23:04","date_gmt":"2008-09-21T06:23:04","guid":{"rendered":"http:\/\/kulturbloggen.com\/?p=1801"},"modified":"2008-09-21T06:23:04","modified_gmt":"2008-09-21T06:23:04","slug":"kulturbloggen-intervjuar-mannen-som-ar-pa-flykt-fran-sverige","status":"publish","type":"post","link":"https:\/\/kulturbloggen.com\/?p=1801","title":{"rendered":"Kulturbloggen intervjuar mannen som \u00e4r p\u00e5 flykt fr\u00e5n Sverige"},"content":{"rendered":"<p><a href='http:\/\/sodergren.com\/kulturbloggen\/wp-content\/uploads\/2008\/09\/wanted260.jpg'><img loading=\"lazy\" decoding=\"async\" src=\"http:\/\/sodergren.com\/kulturbloggen\/wp-content\/uploads\/2008\/09\/wanted260.jpg\" alt=\"\" title=\"wanted260\" width=\"260\" height=\"150\" class=\"aligncenter size-full wp-image-1802\" \/><\/a><\/p>\n<p>En del kanske har h\u00f6rt talas om <a href=\"http:\/\/wanted.bloggsite.se\/\">bloggen Wanted<\/a>. En man som lever n\u00e5gonstans i v\u00e4rlden, l\u00e5ngt fr\u00e5n Sverige, f\u00f6r att han \u00e4r jagad. \u00c4r han \u00e4kta? \u00c4r han en fejk?<br \/>\nP\u00e5 Facebook ifr\u00e5gas\u00e4tts om det verkligen \u00e4r sant, att han bloggar och lever g\u00f6md.<br \/>\nKulturbloggen blev nyfiken och gjorde en intervju.<\/p>\n<p><strong>1. Du \u00e4r p\u00e5 flykt fr\u00e5n Sverige. Varf\u00f6r? Vad \u00e4r du efterlyst f\u00f6r?<\/strong><br \/>\nDet finns tv\u00e5 stora faktorer till att jag \u00e4r p\u00e5 flykt. En \u00e4r Polisen. \u00c4r efterlyst f\u00f6r bokf\u00f6ringsbrott och grova bedr\u00e4gerier vad jag vet. (F\u00f6retags plundringar) Det tv\u00e5 olika brotten har inte med varandra att g\u00f6ra. Den andra faktorn \u00e4r att jag har hamnat i krig, eller vad man ska s\u00e4ga med folk i den undre v\u00e4rlden. Ett krig d\u00e4r jag \u00e4r d\u00f6md att f\u00f6rlora.<\/p>\n<p><strong>2. Du har b\u00f6rjat blogga. Varf\u00f6r?<\/strong><br \/>\nMin son som \u00e4r i mitten av ton\u00e5ren, som jag har daglig kontakt med via MSN sa &#8221;Pappa ska inte du \u00f6ppna en blogg? Du som gillar att skriva.&#8221; \u00d6ppnade en blogg utan hans vetskap.<\/p>\n<p>Jag hade faktiskt ingen aning om vad blogg var innan dess. P\u00e5 den v\u00e4gen \u00e4r det. Har alltid haft ett intresse att skriva men aldrig f\u00e5tt ett utrymme f\u00f6r det. . Lite \u00e4r det som ett brev till min son. Men hans mamma och jag har sagt att vi inte ska ber\u00e4tta n\u00e5got om bloggen, \u00e4n hon vill v\u00e4nta ett tag. Det kan vara k\u00e4nsligt att l\u00e4sa. Sj\u00e4lv s\u00e5 tror jag att ju mer fr\u00e5getecken som r\u00e4tas ut ju b\u00e4ttre. Han \u00e4r inte alls ute p\u00e5 hal is men mycket av bloggen \u00e4r ord till han. Men jag litar p\u00e5 hans mors omd\u00f6mme.<\/p>\n<p><strong>3. Vilken \u00e5lder \u00e4r du i?<\/strong><br \/>\nJag kan s\u00e4ga att jag \u00e4r n\u00e5gonstanns mellan 32 och 37 \u00e5r, vill inte s\u00e4ga exakt. Fick min son i tidig \u00e5lder kan jag till\u00e4gga.<\/p>\n<p><strong>4. Tror du att du kan p\u00e5verka n\u00e5gon att inte bli kriminell? Vill du p\u00e5verka n\u00e5gon?<\/strong><br \/>\nJag tror att det finns vilsna som kanske l\u00e4ser men att bloggen kan vara en faktor bland m\u00e5nga om n\u00e5gon st\u00e5r vid branten. Jag vill p\u00e5verka inte bara unga utan kanske p\u00e5verka l\u00e4sare, i att f\u00e5 ta del av ett annat perspektiv.<\/p>\n<p><strong> 5. M\u00e5r du d\u00e5ligt n\u00e5gon g\u00e5ng n\u00e4r du t\u00e4nker p\u00e5 din kriminella bakgrund?<\/strong><br \/>\nB\u00e5de ja och nej. Det \u00e4r en stor fr\u00e5ga som tagits upp p\u00e5 bloggen, \u00e5ngest. Vill hellre svara med att l\u00e4saren f\u00e5r v\u00e4nda sig till bloggen d\u00e5 det \u00e4r s\u00e5dan sv\u00e5r och stor fr\u00e5ga.<\/p>\n<p><strong> 6. Hur g\u00f6r du n\u00e4r du bloggar f\u00f6r att inte bli hittad?<\/strong><br \/>\nInternet cafer och ipadress som inte \u00e4r skrivna p\u00e5 mig. Flyttar ocks\u00e5 runt lite d\u00e5 och d\u00e5. Bangkok \u00e4r stort. Jag har ingen identitet h\u00e4r utan \u00e4r beroende av att andra singerar l\u00e4genheter m.m. \u00e5t mig. Har inget namn. S\u00e5 det blir sv\u00e5rt att hitta mig.<\/p>\n<p> <strong>7. Hur \u00e4r din vardag och vad lever du p\u00e5?<\/strong><br \/>\nJag kan tyv\u00e4rr inte g\u00e5 in p\u00e5 vad jag lever p\u00e5, s\u00e5 svaret kan sl\u00e5 tillbaks till mig negativt.<\/p>\n<p>Men jag lever knapert och min vadag \u00e4r ingen vardag alls. \u00c4ter sover och skriver. Tar ibland promenader. Men r\u00f6r mig v\u00e4ldigt berg\u00e4nsat.<\/p>\n<p><strong> 8. Har du n\u00e5gon f\u00f6rkl\u00e4dnad?<\/strong><br \/>\nJa, det vill jag s\u00e4ga att jag har. S\u00e5 l\u00e4nge inte n\u00e5gon vet vem som de ska leta efter om man utg\u00e5r fr\u00e5n min blogg s\u00e5 har jag ett ess i skjort\u00e4rmen som jag inte kan avsl\u00f6ja. De skulle aldrig kunna hitta mig utan mitt namn om man s\u00e4ger s\u00e5.<\/p>\n<p><strong> 9  Hur l\u00e4nge har du varit p\u00e5 flykt?<\/strong><br \/>\nJag har varit i Thailand nu ca nio m\u00e5nader men n\u00e4r jag \u00e5kte \u00f6ver gr\u00e4nsen var jag inte lyst. Tror att jag blev lyst f\u00f6r ca ett halv\u00e5r sedan. I b\u00f6rjan bes\u00f6kte jag grannl\u00e4der f\u00f6r att f\u00e5 en st\u00e4mpel i passet och vara h\u00e4r lagligt. Men jag tog mig till mindre omr\u00e5den d\u00e4r passkontrollen knappt hade elektricitet. N\u00e4r jag blev lyst la jag passet p\u00e5 hyllan.<\/p>\n<p><strong> 10. Hur kommer det sig att du kontaktade just Kulturbloggen? F\u00f6rs\u00f6ker du lura mig?<\/strong><br \/>\nSom alla bloggare gillar vi ju n\u00e4r r\u00e4knaren p\u00e5 antal tr\u00e4ffar \u00f6kar. Jag \u00e4r inget undantag. Googlade p\u00e5 &#8221;blogg diskussioner&#8221; och hamnade hos er. Surfade runt p\u00e5 eran sida och l\u00e4ste mycket intressanta texter. D\u00e4rav tog jag kontakt mer er.<\/p>\n<p>Nej, jag f\u00f6rs\u00f6ker inte lura dig. \u00d6nskar jag kunde styrka men jag kan inte. Hoppas att mina ord r\u00e4cker. Vet att detta har ifr\u00e5gasatts. Om min \u00e4kthet. Talade med min sons mamma h\u00e4romdagen vi msn. Hon sa, &#8221;Du vet ju att du \u00e4r du, r\u00e4cker inte det&#8221;. Jag svarade &#8221;Jo, jag tar inte \u00e5t mig, men det k\u00e4nns lite lustigt, eftersom jag \u00e4r jag.&#8221;<\/p>\n<p>&#8212;<br \/>\nN\u00e4r jag l\u00e4ser den h\u00e4r intervjun kan jag inte l\u00e5ta bli att t\u00e4nka p\u00e5 mannen som <a href=\"http:\/\/www.svd.se\/opinion\/brannpunkt\/artikel_1756909.svd\">idag skriver i SVD Br\u00e4nnpunkt<\/a>, och som \u00e5kte fast f\u00f6r att han fick en av v\u00e4rldens stora banker p\u00e5 fall.<\/p>\n<p>Andra bloggar om: <a href=\"http:\/\/bloggar.se\/om\/intervju\" rel=\"tag\">intervju<\/a>, <a href=\"http:\/\/bloggar.se\/om\/brott\" rel=\"tag\">brott<\/a>, <a href=\"http:\/\/bloggar.se\/om\/Thailand\" rel=\"tag\">Thailand<\/a>, <a href=\"http:\/\/bloggar.se\/om\/MSN\" rel=\"tag\">MSN<\/a><\/p>\n","protected":false},"excerpt":{"rendered":"<p>En del kanske har h\u00f6rt talas om bloggen Wanted. En man som lever n\u00e5gonstans i v\u00e4rlden, l\u00e5ngt fr\u00e5n Sverige, f\u00f6r att han \u00e4r jagad. \u00c4r han \u00e4kta? \u00c4r han en fejk? P\u00e5 Facebook ifr\u00e5gas\u00e4tts om det verkligen \u00e4r sant, att han bloggar och lever g\u00f6md. Kulturbloggen blev nyfiken och gjorde en intervju. 1. Du \u00e4r [&hellip;]<\/p>\n","protected":false},"author":2,"featured_media":0,"comment_status":"open","ping_status":"open","sticky":false,"template":"","format":"standard","meta":{"_genesis_hide_title":false,"_genesis_hide_breadcrumbs":false,"_genesis_hide_singular_image":false,"_genesis_hide_footer_widgets":false,"_genesis_custom_body_class":"","_genesis_custom_post_class":"","_genesis_layout":"","footnotes":""},"categories":[5],"tags":[861,2520],"class_list":{"0":"post-1801","1":"post","2":"type-post","3":"status-publish","4":"format-standard","6":"category-intervju","7":"tag-brott","8":"tag-intervvju","9":"entry"},"_links":{"self":[{"href":"https:\/\/kulturbloggen.com\/index.php?rest_route=\/wp\/v2\/posts\/1801","targetHints":{"allow":["GET"]}}],"collection":[{"href":"https:\/\/kulturbloggen.com\/index.php?rest_route=\/wp\/v2\/posts"}],"about":[{"href":"https:\/\/kulturbloggen.com\/index.php?rest_route=\/wp\/v2\/types\/post"}],"author":[{"embeddable":true,"href":"https:\/\/kulturbloggen.com\/index.php?rest_route=\/wp\/v2\/users\/2"}],"replies":[{"embeddable":true,"href":"https:\/\/kulturbloggen.com\/index.php?rest_route=%2Fwp%2Fv2%2Fcomments&post=1801"}],"version-history":[{"count":0,"href":"https:\/\/kulturbloggen.com\/index.php?rest_route=\/wp\/v2\/posts\/1801\/revisions"}],"wp:attachment":[{"href":"https:\/\/kulturbloggen.com\/index.php?rest_route=%2Fwp%2Fv2%2Fmedia&parent=1801"}],"wp:term":[{"taxonomy":"category","embeddable":true,"href":"https:\/\/kulturbloggen.com\/index.php?rest_route=%2Fwp%2Fv2%2Fcategories&post=1801"},{"taxonomy":"post_tag","embeddable":true,"href":"https:\/\/kulturbloggen.com\/index.php?rest_route=%2Fwp%2Fv2%2Ftags&post=1801"}],"curies":[{"name":"wp","href":"https:\/\/api.w.org\/{rel}","templated":true}]}}