{"id":179772,"date":"2024-04-05T21:31:51","date_gmt":"2024-04-05T19:31:51","guid":{"rendered":"https:\/\/kulturbloggen.com\/?p=179772"},"modified":"2024-04-05T21:31:52","modified_gmt":"2024-04-05T19:31:52","slug":"aguelimuseet-visar-den-enklaste-vagen-ar-inte-alltid-rakt-fram","status":"publish","type":"post","link":"https:\/\/kulturbloggen.com\/?p=179772","title":{"rendered":"Agu\u00e9limuseet visar Den enklaste v\u00e4gen \u00e4r inte alltid rakt fram"},"content":{"rendered":"<p><img loading=\"lazy\" decoding=\"async\" class=\"aligncenter size-full wp-image-179778\" src=\"https:\/\/kulturbloggen.com\/wp-content\/uploads\/2024\/04\/Ida-Lindgren-pressbild.jpg\" alt=\"\" width=\"650\" height=\"366\" srcset=\"https:\/\/kulturbloggen.com\/wp-content\/uploads\/2024\/04\/Ida-Lindgren-pressbild.jpg 650w, https:\/\/kulturbloggen.com\/wp-content\/uploads\/2024\/04\/Ida-Lindgren-pressbild-300x169.jpg 300w\" sizes=\"auto, (max-width: 650px) 100vw, 650px\" \/><\/p>\n<p>AGUELIMUSEET presenterar:<br \/>\nDen enklaste v\u00e4gen \u00e4r inte alltid rakt fram, 2023<br \/>\nEn utst\u00e4llning av Ida Lindgren och Isabelle Engman Bredvik<br \/>\n13 april &#8211; 4 maj 2024<br \/>\nVernissage l\u00f6rdag 13 april kl 13.00<\/p>\n<p>Ett pressmeddelande ber\u00e4ttar:<br \/>\nKonstn\u00e4rerna och Konstfr\u00e4mjandet V\u00e4stmanland finns p\u00e5 plats under vernissagen och ber\u00e4ttar om sitt arbete.<\/p>\n<p>Isabelle Engman Bredvik och Ida Lindgren har samarbetat med filmens best\u00e5ndsdelar i relation till det underjordiska rummet och Sala Silvergruva. Utst\u00e4llningen utg\u00e5r fr\u00e5n gruvans kropp och den mytiska historien. Videoverket Den enklaste v\u00e4gen \u00e4r inte alltid rakt fram \u00e4r skapat utifr\u00e5n erosionsprocessernas r\u00f6relser i, och f\u00f6rflyttning av, landskapet. Vattnet har en lyh\u00f6rdhet gentemot andra material som ger uttryck f\u00f6r motst\u00e5nd. En lyh\u00f6rdhet som \u00e4ven de tidiga gruvarbetarna hade, som byggde p\u00e5 en intuitiv praktisk kunskap om mineralernas r\u00f6relse och bergets sprickbildning utifr\u00e5n \u00e5dringen. N\u00e4r Gustav Vasa effektiviserade silverbrytning i Sala f\u00f6r att \u00f6ka l\u00f6nsamheten, var den praktiska kunskapen inte v\u00e4rd n\u00e5got och stora ras uppstod. Med en kroppsmonterad kamera har Ida Lindgren filmat r\u00f6relserna genom gruvg\u00e5ngarna. Det dolda och det synliga blir aktivt genom ficklampans\/pannlampans s\u00f6kande. I ljudet finns vattnets konstanta porlande, droppande.<\/p>\n<p>Ida Lindgren, konstn\u00e4r och filmare, utforskar hur makt manifesterar sig i olika rum i samh\u00e4llet och hur detta tar sig uttryck i v\u00e5ra kroppar. Med utg\u00e5ngspunkt i relationen mellan omsorg och kontroll, st\u00e4ller hon fr\u00e5gor om strukturers inflytande \u00f6ver s\u00e5v\u00e4l m\u00e4nniskans som materialens agens.<\/p>\n<p>Isabelle Engman Bredvik, uppvuxen i Norberg och verksam i LA, \u00e4r komposit\u00f6r till film men sl\u00e4ppte ocks\u00e5 en soloskiva 2023 med hemstaden Norberg som fr\u00e4msta inspirationsk\u00e4lla. Isabelle \u00e4r ocks\u00e5 initiativtagare till samarbetet med Sala Silvergruva d\u00e4r de planerar en utst\u00e4llning sommaren 2025.<\/p>\n","protected":false},"excerpt":{"rendered":"<p>AGUELIMUSEET presenterar: Den enklaste v\u00e4gen \u00e4r inte alltid rakt fram, 2023 En utst\u00e4llning av Ida Lindgren och Isabelle Engman Bredvik 13 april &#8211; 4 maj 2024 Vernissage l\u00f6rdag 13 april kl 13.00 Ett pressmeddelande ber\u00e4ttar: Konstn\u00e4rerna och Konstfr\u00e4mjandet V\u00e4stmanland finns p\u00e5 plats under vernissagen och ber\u00e4ttar om sitt arbete. Isabelle Engman Bredvik och Ida Lindgren [&hellip;]<\/p>\n","protected":false},"author":13,"featured_media":0,"comment_status":"closed","ping_status":"closed","sticky":false,"template":"","format":"standard","meta":{"_genesis_hide_title":false,"_genesis_hide_breadcrumbs":false,"_genesis_hide_singular_image":false,"_genesis_hide_footer_widgets":false,"_genesis_custom_body_class":"","_genesis_custom_post_class":"","_genesis_layout":"","footnotes":""},"categories":[3,13624],"tags":[],"class_list":{"0":"post-179772","1":"post","2":"type-post","3":"status-publish","4":"format-standard","6":"category-litteratur","7":"category-toppnytt","8":"entry"},"_links":{"self":[{"href":"https:\/\/kulturbloggen.com\/index.php?rest_route=\/wp\/v2\/posts\/179772","targetHints":{"allow":["GET"]}}],"collection":[{"href":"https:\/\/kulturbloggen.com\/index.php?rest_route=\/wp\/v2\/posts"}],"about":[{"href":"https:\/\/kulturbloggen.com\/index.php?rest_route=\/wp\/v2\/types\/post"}],"author":[{"embeddable":true,"href":"https:\/\/kulturbloggen.com\/index.php?rest_route=\/wp\/v2\/users\/13"}],"replies":[{"embeddable":true,"href":"https:\/\/kulturbloggen.com\/index.php?rest_route=%2Fwp%2Fv2%2Fcomments&post=179772"}],"version-history":[{"count":5,"href":"https:\/\/kulturbloggen.com\/index.php?rest_route=\/wp\/v2\/posts\/179772\/revisions"}],"predecessor-version":[{"id":179780,"href":"https:\/\/kulturbloggen.com\/index.php?rest_route=\/wp\/v2\/posts\/179772\/revisions\/179780"}],"wp:attachment":[{"href":"https:\/\/kulturbloggen.com\/index.php?rest_route=%2Fwp%2Fv2%2Fmedia&parent=179772"}],"wp:term":[{"taxonomy":"category","embeddable":true,"href":"https:\/\/kulturbloggen.com\/index.php?rest_route=%2Fwp%2Fv2%2Fcategories&post=179772"},{"taxonomy":"post_tag","embeddable":true,"href":"https:\/\/kulturbloggen.com\/index.php?rest_route=%2Fwp%2Fv2%2Ftags&post=179772"}],"curies":[{"name":"wp","href":"https:\/\/api.w.org\/{rel}","templated":true}]}}