{"id":17964,"date":"2010-02-27T13:36:28","date_gmt":"2010-02-27T12:36:28","guid":{"rendered":"http:\/\/kulturbloggen.com\/?p=17964"},"modified":"2010-02-27T13:36:28","modified_gmt":"2010-02-27T12:36:28","slug":"cosi-fan-tutte-mozart-pa-parkett","status":"publish","type":"post","link":"https:\/\/kulturbloggen.com\/?p=17964","title":{"rendered":"Cosi fan tutte &#8211; Mozart p\u00e5 parkett"},"content":{"rendered":"<p><img loading=\"lazy\" decoding=\"async\" src=\"http:\/\/kulturbloggen.com\/wp-content\/uploads\/2010\/02\/cosifantuttesthm1-200x300.jpg\" alt=\"cosifantuttesthm\" title=\"cosifantuttesthm\" width=\"200\" height=\"300\" class=\"alignleft size-medium wp-image-17966\" \/><br \/>\nI g\u00e5r var det s\u00e5 dags f\u00f6r \u00e5rets andra operaresa till Stockholm. In i det sista var det oklart om jag med SJ:s hj\u00e4lp skulle kunna ta mig till Kungliga huvudstaden.<\/p>\n<p>En stor del av veckan tvingades jag att sitta i telefonk\u00f6 f\u00f6r att f\u00e5 m\u00f6jlighet att byta biljetten. Rekordet slogs i onsdags d\u00e5 jag fick byta biljett tv\u00e5 g\u00e5nger. Lugnet \u00e5terst\u00e4lldes n\u00e4r jag f\u00f6r ovanlighetens skull inte fick n\u00e5got automatiskt uppringt samtal fr\u00e5n SJ.<\/p>\n<p>Hoppet att resan \u00e4nd\u00e5 skulle bli av steg, minut f\u00f6r minut. Den egentliga anledningen till resan var dels att jag skulle h\u00e4mta ut priset, Specialpriset, som jag fick n\u00e4r jag blev vald till \u00c5rets kulturbloggare i musik dels att jag ville se Silversj\u00f6n p\u00e5 Folkoperan som ju hade haft premi\u00e4r tidigare i veckan. I det h\u00e4r sammanhanget kan n\u00e4mnas att jag fick ett brev som ber\u00e4ttade att jag kunde se Silversj\u00f6n i Vara 6-7 mars, men d\u00e5 var ju allt redan klart och best\u00e4mt.<\/p>\n<p>V\u00e4l nere p\u00e5 Malm\u00f6 C kunde jag konstatera att t\u00e5get, ett av de f\u00e5 som gick till Stockholm denna dag redan i starten blev fem minuter sena, men det skulle bli v\u00e4rre. V\u00e4l framme i Lund fick vi besked om att det hade uppst\u00e5tt ett fel p\u00e5 loket. Sm\u00e5ningom fick vi besked om att detta t\u00e5g inte kunde k\u00f6ra vidare varf\u00f6r vi fick som alternativ att antingen v\u00e4nta och \u00e5ka med n\u00e4sta t\u00e5g, som f\u00f6r \u00f6vrigt var fullsatt eller avbryta resan och f\u00e5 v\u00e5ra pengar tillbaka.<\/p>\n<p>Egentligen var det ju inget alternativ s\u00e5 jag och min medpassagerare besl\u00f6t oss f\u00f6r att sitta kvar och avvakta utvecklingen. Efter ytterligare en kvart tjugo minuter fick vi s\u00e5 besked om att t\u00e5get nu var klart f\u00f6r avg\u00e5ng.<\/p>\n<p>Vi anl\u00e4nde till Stockholm tv\u00e5 och en halvtimme senare \u00e4n tidtabellen. Det \u00e4r den l\u00e4ngsta f\u00f6rseningen som jag har r\u00e5kat ut f\u00f6r under min tid som operaresen\u00e4r.<\/p>\n<p>Vi kastade i oss lite skr\u00e4pmat och begav oss sedan till Operans biljettlucka, d\u00e4r n\u00e4sta \u00f6verraskning m\u00f6tte oss. Det fanns inga undanlagda biljetter och ett tag s\u00e5g det ut som det trots allt inte skulle bli n\u00e5got operabes\u00f6k denna afton, men tack vare en handlingskraftig dam bakom biljettluckan l\u00f6ste situationen p\u00e5 b\u00e4sta s\u00e4tt.<\/p>\n<p>Vi hade f\u00e5tt pressbiljetter och det innebar att vi hade f\u00e5tt alldeles utm\u00e4rkta platser p\u00e5 parketten och d\u00e4r har jag nog inte suttit sedan jag s\u00e5g Hoffmanns \u00e4ventyr i b\u00f6rjan av 90-talet. Det var en helt fantastisk upplevelse att sitta s\u00e5 n\u00e4ra scen, det gav faktiskt en helt annan upplevelse \u00e4n att sitta p\u00e5 tredje parkett f\u00f6rsta raden f\u00f6r att inte tala om de b\u00e4sta lyssnarplatserna. Lyssnarplatserna p\u00e5 sidorna skall vi inte ens tala om i detta sammanhang.<\/p>\n<p>Mozart \u00e4r en av mina favoritkomposit\u00f6rer men om jag skall vara helt \u00e4rlig s\u00e5 \u00e4r jag inte s\u00e4rskilt f\u00f6rtjust i just Cosi fan tutte och jag s\u00e5g en av de f\u00f6rsta f\u00f6rest\u00e4llningarna i den h\u00e4r upps\u00e4ttningen och minns mycket klart att jag satt funderade p\u00e5 n\u00e4r f\u00f6rest\u00e4llningen skulle ta slut och det \u00e4r ju inget bra utg\u00e5ngsl\u00e4ge f\u00f6r ett operabes\u00f6k.<\/p>\n<p>F\u00f6rest\u00e4llningen i g\u00e5r kv\u00e4ll gjorde mig bara glad och lite lycklig. De fyra \u00e4lskande paren gjorde mycket bra ifr\u00e5n sig och l\u00e4mnade inte mycket i \u00f6vrigt att \u00f6nska. Dessutom var de skickligt omg\u00e4rdade av Don Alfonso och Despina som gjorde det till en mycket bra f\u00f6rest\u00e4llning.<\/p>\n<p>Till detta skall jag ocks\u00e5 l\u00e4gga den skickliga orkestern, Kungliga Hovkapellet som vanligt sk\u00f6tte sig ypperligt. Denna g\u00e5ng under ledning av dirigenten Stefan Klingele, vars bekantskap jag nog inte ha gjort tidigare. Speciellt trevligt var det att h\u00f6ra honom spela p\u00e5 hammarklaveret, men hela hans s\u00e4tt att leda musiken gav mig mersmak.<\/p>\n<p>F\u00f6rsta akten var mycket bra, men kanske tyckte jag att andra akten var \u00e4nnu mycket b\u00e4ttre om det nu \u00e4r m\u00f6jligt. Det \u00e4r i alla fall min uppfattning. Som vanligt sk\u00f6tte sig ju k\u00f6ren ocks\u00e5 bra och det enda negativa som jag kan skriva om f\u00f6rest\u00e4llningen \u00e4r att jag som vanligt har sv\u00e5rt att f\u00f6rst\u00e5 regiss\u00f6ren och scenografen Ole Anders Tandbergs tankar bakom uppl\u00e4gget. Som ett irriterande exempel kan jag n\u00e4mna ljusr\u00f6rsupps\u00e4ttningen som gick upp och ned vid olika tillf\u00e4llen. Vad syftet var med detta f\u00f6rstod jag aldrig annat \u00e4n att n\u00e5got skulle lysas upp, men vad?<\/p>\n<p>Sammanfattningsvis var det \u00e4nd\u00e5 en fin operaupplevelse som helhet precis som det skall vara vid ett bes\u00f6k  p\u00e5 ett operahus.<\/p>\n","protected":false},"excerpt":{"rendered":"<p>I g\u00e5r var det s\u00e5 dags f\u00f6r \u00e5rets andra operaresa till Stockholm. In i det sista var det oklart om jag med SJ:s hj\u00e4lp skulle kunna ta mig till Kungliga huvudstaden. En stor del av veckan tvingades jag att sitta i telefonk\u00f6 f\u00f6r att f\u00e5 m\u00f6jlighet att byta biljetten. Rekordet slogs i onsdags d\u00e5 jag [&hellip;]<\/p>\n","protected":false},"author":13,"featured_media":0,"comment_status":"open","ping_status":"open","sticky":false,"template":"","format":"standard","meta":{"_genesis_hide_title":false,"_genesis_hide_breadcrumbs":false,"_genesis_hide_singular_image":false,"_genesis_hide_footer_widgets":false,"_genesis_custom_body_class":"","_genesis_custom_post_class":"","_genesis_layout":"","footnotes":""},"categories":[7],"tags":[1061,3134],"class_list":{"0":"post-17964","1":"post","2":"type-post","3":"status-publish","4":"format-standard","6":"category-musik","7":"tag-cosi-fan-tutte","8":"tag-kungliga-operan","9":"entry"},"_links":{"self":[{"href":"https:\/\/kulturbloggen.com\/index.php?rest_route=\/wp\/v2\/posts\/17964","targetHints":{"allow":["GET"]}}],"collection":[{"href":"https:\/\/kulturbloggen.com\/index.php?rest_route=\/wp\/v2\/posts"}],"about":[{"href":"https:\/\/kulturbloggen.com\/index.php?rest_route=\/wp\/v2\/types\/post"}],"author":[{"embeddable":true,"href":"https:\/\/kulturbloggen.com\/index.php?rest_route=\/wp\/v2\/users\/13"}],"replies":[{"embeddable":true,"href":"https:\/\/kulturbloggen.com\/index.php?rest_route=%2Fwp%2Fv2%2Fcomments&post=17964"}],"version-history":[{"count":0,"href":"https:\/\/kulturbloggen.com\/index.php?rest_route=\/wp\/v2\/posts\/17964\/revisions"}],"wp:attachment":[{"href":"https:\/\/kulturbloggen.com\/index.php?rest_route=%2Fwp%2Fv2%2Fmedia&parent=17964"}],"wp:term":[{"taxonomy":"category","embeddable":true,"href":"https:\/\/kulturbloggen.com\/index.php?rest_route=%2Fwp%2Fv2%2Fcategories&post=17964"},{"taxonomy":"post_tag","embeddable":true,"href":"https:\/\/kulturbloggen.com\/index.php?rest_route=%2Fwp%2Fv2%2Ftags&post=17964"}],"curies":[{"name":"wp","href":"https:\/\/api.w.org\/{rel}","templated":true}]}}