{"id":179263,"date":"2024-04-03T13:06:17","date_gmt":"2024-04-03T12:06:17","guid":{"rendered":"https:\/\/kulturbloggen.com\/?p=179263"},"modified":"2024-04-03T13:06:18","modified_gmt":"2024-04-03T12:06:18","slug":"filmrecension-kaptenen-stark-djupt-berorande-magisk","status":"publish","type":"post","link":"https:\/\/kulturbloggen.com\/?p=179263","title":{"rendered":"Filmrecension: Kaptenen &#8211; stark, djupt ber\u00f6rande, magisk"},"content":{"rendered":"<p><img loading=\"lazy\" decoding=\"async\" class=\"aligncenter size-full wp-image-179267\" src=\"https:\/\/kulturbloggen.com\/wp-content\/uploads\/2024\/03\/io-capitano-1.jpg\" alt=\"\" width=\"455\" height=\"650\" srcset=\"https:\/\/kulturbloggen.com\/wp-content\/uploads\/2024\/03\/io-capitano-1.jpg 455w, https:\/\/kulturbloggen.com\/wp-content\/uploads\/2024\/03\/io-capitano-1-210x300.jpg 210w\" sizes=\"auto, (max-width: 455px) 100vw, 455px\" \/><\/p>\n<p>Kaptenen<br \/>\nBetyg 4<br \/>\nSvensk biopremi\u00e4r 5 april 2024<br \/>\nRegi Matteo Garrone<\/p>\n<p>En oerh\u00f6rt vacker film med fantastiskt filmfoto. En unik annorlunda ber\u00e4ttelse, magiskt om mod och lojalitet men samtidigt s\u00e5 sorglig och skr\u00e4mmande d\u00e5 den skildrar m\u00e4nniskors grymhet. Filmen visar vad m\u00e4nniskor \u00e4r kapabla att g\u00f6ra f\u00f6r att tj\u00e4na n\u00e5gra dollar extra. Det \u00e4r en s\u00e5dan film som jag inte kan se utan att bli fylld av \u00f6nskan att f\u00f6r\u00e4ndra v\u00e4rlden. Fast det \u00e4r f\u00f6rst\u00e5s inte en l\u00e4tt uppgift.<\/p>\n<p>Seydou och Moussa \u00e4r tv\u00e5 ton\u00e5rspojkar, 16 \u00e5r gamla och de \u00e4r kusiner. De bor i Senegal och \u00e4lskar musik och d\u00e4r duktiga p\u00e5 det. De spelar olika instrument, sjunger och g\u00f6r inga l\u00e5tar. De har en dr\u00f6m. De vill komma till Europa och sl\u00e5 igenom och bli k\u00e4nda. Som Moussa s\u00e4ger:<br \/>\n<em>T\u00e4nk, en dag, kommer vita m\u00e4nniskor st\u00e5 i k\u00f6 f\u00f6r att f\u00e5 v\u00e5r autograf.<\/em><\/p>\n<p>I smyg har de sparat pengar och tagit reda p\u00e5 hur de ska b\u00e4ra sig \u00e5t f\u00f6r att ta sig fr\u00e5n Senegal till Italien. De har kollat upp hur de skaffar falska pass, hur de tar sig \u00f6ver \u00f6knen och \u00f6ver Medelhavet. Seydou f\u00f6rs\u00f6ker prata med sin mamma om att han vill ge sig av till Europa. Mamman blir j\u00e4ttearg. Eftersom pappan har d\u00f6tt \u00e4r mamman beroende av hj\u00e4lp av Seydou f\u00f6r att f\u00e5 allt att fungera med barnen.<\/p>\n<p>\u00d6nskan att skaffa sig en fantastisk framtid \u00e4r dock f\u00f6r stor. De ger sig av, trots att de blir varnade av en \u00e4ldre klok man som s\u00e4ger att allt inte alls \u00e4r l\u00e4tt i Europa. Den \u00e4ldre mannen s\u00e4ger att det finns heml\u00f6sa p\u00e5 gatorna i Europa och att v\u00e4gen dit \u00e4r farlig.<\/p>\n<p>Det visar sig att den \u00e4ldre mannen visste en hel del. De tv\u00e5 unga pojkarna blir lurade flera g\u00e5nger och de r\u00e5kar ut f\u00f6r faror. Passen kostar mycket mer \u00e4n de f\u00e5tt information om, m\u00e4nniskosmugglarna s\u00e4tter av dem i br\u00e4nnhet \u00f6ken. Att komma in i Libyen \u00e4r inte l\u00e4tt. De f\u00e5r r\u00e5d att g\u00f6mma sina pengar i rumpan f\u00f6r att inte bli r\u00e5nade. V\u00e4gen \u00f6ver Medelhavet i en liten b\u00e5t \u00e4r inte heller trygg och s\u00e4ker.<\/p>\n<p>Jag blir \u00e4nnu en g\u00e5ng p\u00e5mind om att v\u00e4rldens l\u00e4nder m\u00e5ste hitta ett system d\u00e4r m\u00e4nniskor som beh\u00f6ver fly kan g\u00f6ra det utan att hamna i h\u00e4nderna p\u00e5 giriga och kriminella flyktingsmugglare som lurar de flyende. \u00c4mnet kompliceras av att dessa tv\u00e5 unga pojkar inte ens \u00e4r flyktingar. De flyr inte fr\u00e5n n\u00e5got, det \u00e4r inte f\u00f6rf\u00f6ljda eller utsatta i sitt hemland utan de vill s\u00f6ka sig en framtid som musiker i Europa.<\/p>\n<p>V\u00e4rldens l\u00e4nder m\u00e5ste f\u00e5 slut p\u00e5 dessa fruktansv\u00e4rt farliga flyktv\u00e4garna som dessutom kostar massor f\u00f6r varje enskild flyende. Som filmen visar flyr inte alls alla f\u00f6r sina liv. De s\u00f6ker en b\u00e4ttre framtid. Det \u00e4r en sv\u00e5r fr\u00e5ga: ska det vara helt fritt att bege sig vart som helst eller \u00e4r det en b\u00e4ttre l\u00f6sning att bygga upp fattiga l\u00e4nder? Fr\u00e5gan \u00e4r komplicerad. Dess tv\u00e5 unga pojkar fr\u00e5n Senegal har inga d\u00e5liga liv i Senegal. De skulle f\u00f6rmodligen kunna ta sig fram med sin musik i hemlandet. Jag funderar p\u00e5 varf\u00f6r filmens skapare valt att l\u00e5ta oss f\u00f6lja just tv\u00e5 unga ton\u00e5ringar som egentligen inte alls \u00e4r flyktingar. <\/p>\n<p>Filmen \u00e4r djupt rotad i de levda erfarenheterna av m\u00e4nniskor p\u00e5 flykt. Hur kan v\u00e4rlden stoppa dessa fruktansv\u00e4rda faror och g\u00f6ra det mindre farligt att fly &#8211; och hur kan v\u00e4rlden \u00f6ppna f\u00f6r unga m\u00e4nniskor att kunna komma till andra l\u00e4nder ett tag? Filmen s\u00e4tter ig\u00e5ng m\u00e5nga tankar och funderingar.<\/p>\n<p>Filmen var Oscarnominerad till b\u00e4sta internationella film 2024 och hade v\u00e4rldspremi\u00e4r i t\u00e4vlan p\u00e5 Venedigs filmfestival. D\u00e4r vann Garrone Silverlejonet f\u00f6r b\u00e4sta regiss\u00f6r, och nykomlingen Seydou Sarr tilldelades Marcello Mastroianni-priset f\u00f6r sin huvudroll. Seydou Sarr liksom \tMoustapha Fall som spelar Moussa \u00e4r enast\u00e5ende duktiga och filmen \u00e4r vackert fotograferad och ber\u00e4ttelsen \u00e4r stark och b\u00e5de magisk och djupt ber\u00f6rande.<\/p>\n<p><iframe loading=\"lazy\" title=\"YouTube video player\" src=\"https:\/\/www.youtube.com\/embed\/roVzbGPSyDA?si=cbIGZaRmsNXfVHPr\" width=\"560\" height=\"315\" frameborder=\"0\" allowfullscreen=\"allowfullscreen\"><\/iframe><\/p>\n","protected":false},"excerpt":{"rendered":"<p>Kaptenen Betyg 4 Svensk biopremi\u00e4r 5 april 2024 Regi Matteo Garrone En oerh\u00f6rt vacker film med fantastiskt filmfoto. En unik annorlunda ber\u00e4ttelse, magiskt om mod och lojalitet men samtidigt s\u00e5 sorglig och skr\u00e4mmande d\u00e5 den skildrar m\u00e4nniskors grymhet. Filmen visar vad m\u00e4nniskor \u00e4r kapabla att g\u00f6ra f\u00f6r att tj\u00e4na n\u00e5gra dollar extra. Det \u00e4r en [&hellip;]<\/p>\n","protected":false},"author":2,"featured_media":0,"comment_status":"closed","ping_status":"closed","sticky":false,"template":"","format":"standard","meta":{"_genesis_hide_title":false,"_genesis_hide_breadcrumbs":false,"_genesis_hide_singular_image":false,"_genesis_hide_footer_widgets":false,"_genesis_custom_body_class":"","_genesis_custom_post_class":"","_genesis_layout":"","footnotes":""},"categories":[50,51,16,20,13624],"tags":[1728,13943,7781,14870],"class_list":{"0":"post-179263","1":"post","2":"type-post","3":"status-publish","4":"format-standard","6":"category-filmfilm","7":"category-filmer","8":"category-recension","9":"category-film","10":"category-toppnytt","11":"tag-filmkritik","12":"tag-fimrecension","13":"tag-flyktingfragor","14":"tag-kaptenen","15":"entry"},"_links":{"self":[{"href":"https:\/\/kulturbloggen.com\/index.php?rest_route=\/wp\/v2\/posts\/179263","targetHints":{"allow":["GET"]}}],"collection":[{"href":"https:\/\/kulturbloggen.com\/index.php?rest_route=\/wp\/v2\/posts"}],"about":[{"href":"https:\/\/kulturbloggen.com\/index.php?rest_route=\/wp\/v2\/types\/post"}],"author":[{"embeddable":true,"href":"https:\/\/kulturbloggen.com\/index.php?rest_route=\/wp\/v2\/users\/2"}],"replies":[{"embeddable":true,"href":"https:\/\/kulturbloggen.com\/index.php?rest_route=%2Fwp%2Fv2%2Fcomments&post=179263"}],"version-history":[{"count":28,"href":"https:\/\/kulturbloggen.com\/index.php?rest_route=\/wp\/v2\/posts\/179263\/revisions"}],"predecessor-version":[{"id":179580,"href":"https:\/\/kulturbloggen.com\/index.php?rest_route=\/wp\/v2\/posts\/179263\/revisions\/179580"}],"wp:attachment":[{"href":"https:\/\/kulturbloggen.com\/index.php?rest_route=%2Fwp%2Fv2%2Fmedia&parent=179263"}],"wp:term":[{"taxonomy":"category","embeddable":true,"href":"https:\/\/kulturbloggen.com\/index.php?rest_route=%2Fwp%2Fv2%2Fcategories&post=179263"},{"taxonomy":"post_tag","embeddable":true,"href":"https:\/\/kulturbloggen.com\/index.php?rest_route=%2Fwp%2Fv2%2Ftags&post=179263"}],"curies":[{"name":"wp","href":"https:\/\/api.w.org\/{rel}","templated":true}]}}