{"id":1791,"date":"2008-09-20T17:20:32","date_gmt":"2008-09-20T17:20:32","guid":{"rendered":"http:\/\/kulturbloggen.com\/?p=1791"},"modified":"2008-09-20T17:20:32","modified_gmt":"2008-09-20T17:20:32","slug":"aftonbladet-fick-tji-men-vi-i-publiken-fick-filma-kolla-har","status":"publish","type":"post","link":"https:\/\/kulturbloggen.com\/?p=1791","title":{"rendered":"Aftonbladet fick tji, men vi i publiken fick filma &#8211; kolla h\u00e4r"},"content":{"rendered":"<p><a href='http:\/\/sodergren.com\/kulturbloggen\/wp-content\/uploads\/2008\/09\/steviewonder260politics.jpg'><img loading=\"lazy\" decoding=\"async\" src=\"http:\/\/sodergren.com\/kulturbloggen\/wp-content\/uploads\/2008\/09\/steviewonder260politics.jpg\" alt=\"\" title=\"steviewonder260politics\" width=\"260\" height=\"150\" class=\"aligncenter size-full wp-image-1792\" \/><\/a><\/p>\n<p>Aftonbladet surar, f\u00f6r de fick inte fotografera mer \u00e4n en minut under Stevie Wonders konsert.<\/p>\n<blockquote><p>Stevie Wonders management kr\u00e4vde inf\u00f6r g\u00e5rdagens konsert att Aftonbladets fotograf endast skulle f\u00e5 fotografera under en minut. D\u00e5 Aftonbladet anser att det h\u00e4r \u00e4r helt orimligt har vi valt att inte skicka n\u00e5gon fotograf till konserten. Vi beklagar detta, och tycker att det \u00e4r trist att den h\u00e4r typen av krav st\u00e4lls f\u00f6r konsertfotografering, <a href=\"http:\/\/www.aftonbladet.se\/nojesliv\/musik\/live\/article3354804.ab\">skriver Aftonbladet<\/a> i samband med recensionen.<\/p><\/blockquote>\n<p>Men i slutet av konserten sade Stevie Wonder att &#8221;Det h\u00e4r \u00e4r viktigt och det vill jag g\u00e4rna f\u00e5 ut \u00f6ver Internet&#8221; och s\u00e5 pratade han om att USA beh\u00f6vde f\u00f6r\u00e4ndring (Change). Och s\u00e5 fick Stevie Wonder hela publiken i det fullsatta Globen att sjunga &#8221;Barack Obama, Barack Obama&#8221;.<\/p>\n<p>Jag gjorde som han sade och spelade in det. <a href=\"http:\/\/kulturbloggen.com\/?p=1766\">Jag bloggade om det tidigare idag ocks\u00e5.<\/a><\/p>\n<p>Det suger f\u00f6r Aftonbladet och gammelmedia n\u00e4r de inte f\u00e5r gr\u00e4ddfilen och n\u00e4r vi andra v\u00e4rderas mer.<\/p>\n<p>F\u00f6r \u00f6vrigt var Stevie Wonders <a href=\"http:\/\/www.dn.se\/DNet\/jsp\/polopoly.jsp?d=2198&#038;a=830456\">konsert helt enorm<\/a>. Alla utan det fina pressfolket p\u00e5 pressl\u00e4ktaren reste sig och dansade.<\/p>\n<p><object width=\"425\" height=\"344\"><param name=\"movie\" value=\"http:\/\/www.youtube.com\/v\/NIBg3v9V5Z8&#038;hl=en&#038;fs=1\"><\/param><param name=\"allowFullScreen\" value=\"true\"><\/param><embed src=\"http:\/\/www.youtube.com\/v\/NIBg3v9V5Z8&#038;hl=en&#038;fs=1\" type=\"application\/x-shockwave-flash\" allowfullscreen=\"true\" width=\"425\" height=\"344\"><\/embed><\/object><\/p>\n<p><object width=\"425\" height=\"344\"><param name=\"movie\" value=\"http:\/\/www.youtube.com\/v\/EvaI4NIHNHQ&#038;hl=en&#038;fs=1\"><\/param><param name=\"allowFullScreen\" value=\"true\"><\/param><embed src=\"http:\/\/www.youtube.com\/v\/EvaI4NIHNHQ&#038;hl=en&#038;fs=1\" type=\"application\/x-shockwave-flash\" allowfullscreen=\"true\" width=\"425\" height=\"344\"><\/embed><\/object><\/p>\n<p><object width=\"425\" height=\"344\"><param name=\"movie\" value=\"http:\/\/www.youtube.com\/v\/XBBFa8zrquA&#038;hl=en&#038;fs=1\"><\/param><param name=\"allowFullScreen\" value=\"true\"><\/param><embed src=\"http:\/\/www.youtube.com\/v\/XBBFa8zrquA&#038;hl=en&#038;fs=1\" type=\"application\/x-shockwave-flash\" allowfullscreen=\"true\" width=\"425\" height=\"344\"><\/embed><\/object><\/p>\n<p>Flera bloggare har bloggat om konserten:<br \/>\n<a href=\"http:\/\/www.loveandrespect.se\/2008\/09\/20\/konsert-stevie-the-wonder\">Love and Respect<\/a><br \/>\n<a href=\"http:\/\/saom.blogspot.com\/2008\/09\/stevie-globen-och-barack.html\">\u00c4lskade dumburk<\/a><br \/>\n<a href=\"http:\/\/maldes.blogg.se\/2008\/september\/recension-.html\">Maldes<\/a><br \/>\n<a href=\"http:\/\/martenssonsmeningar.blogspot.com\/2008\/09\/stockholm-globen-19-september.html\">M\u00e5rtensson<\/a><\/p>\n<p>Andra bloggar om: <a href=\"http:\/\/bloggar.se\/om\/video\" rel=\"tag\">video<\/a>, <a href=\"http:\/\/bloggar.se\/om\/medier\" rel=\"tag\">medier<\/a>, <a href=\"http:\/\/bloggar.se\/om\/Aftonbladet\" rel=\"tag\">Aftonbladet<\/a>, <a href=\"http:\/\/bloggar.se\/om\/Obama\" rel=\"tag\">Obama<\/a>, <a href=\"http:\/\/bloggar.se\/om\/Stevie+Wonder\" rel=\"tag\">Stevie Wonder<\/a>, <a href=\"http:\/\/bloggar.se\/om\/foto\" rel=\"tag\">foto<\/a>, <a href=\"http:\/\/bloggar.se\/om\/Globen\" rel=\"tag\">Globen<\/a><\/p>\n","protected":false},"excerpt":{"rendered":"<p>Aftonbladet surar, f\u00f6r de fick inte fotografera mer \u00e4n en minut under Stevie Wonders konsert. Stevie Wonders management kr\u00e4vde inf\u00f6r g\u00e5rdagens konsert att Aftonbladets fotograf endast skulle f\u00e5 fotografera under en minut. D\u00e5 Aftonbladet anser att det h\u00e4r \u00e4r helt orimligt har vi valt att inte skicka n\u00e5gon fotograf till konserten. Vi beklagar detta, och [&hellip;]<\/p>\n","protected":false},"author":2,"featured_media":0,"comment_status":"open","ping_status":"open","sticky":false,"template":"","format":"standard","meta":{"_genesis_hide_title":false,"_genesis_hide_breadcrumbs":false,"_genesis_hide_singular_image":false,"_genesis_hide_footer_widgets":false,"_genesis_custom_body_class":"","_genesis_custom_post_class":"","_genesis_layout":"","footnotes":""},"categories":[62],"tags":[158,3004,3582,4100,6230],"class_list":{"0":"post-1791","1":"post","2":"type-post","3":"status-publish","4":"format-standard","6":"category-medie-och-kulturpolitik","7":"tag-aftonbladet","8":"tag-konserter","9":"tag-medier","10":"tag-obama","11":"tag-video","12":"entry"},"_links":{"self":[{"href":"https:\/\/kulturbloggen.com\/index.php?rest_route=\/wp\/v2\/posts\/1791","targetHints":{"allow":["GET"]}}],"collection":[{"href":"https:\/\/kulturbloggen.com\/index.php?rest_route=\/wp\/v2\/posts"}],"about":[{"href":"https:\/\/kulturbloggen.com\/index.php?rest_route=\/wp\/v2\/types\/post"}],"author":[{"embeddable":true,"href":"https:\/\/kulturbloggen.com\/index.php?rest_route=\/wp\/v2\/users\/2"}],"replies":[{"embeddable":true,"href":"https:\/\/kulturbloggen.com\/index.php?rest_route=%2Fwp%2Fv2%2Fcomments&post=1791"}],"version-history":[{"count":0,"href":"https:\/\/kulturbloggen.com\/index.php?rest_route=\/wp\/v2\/posts\/1791\/revisions"}],"wp:attachment":[{"href":"https:\/\/kulturbloggen.com\/index.php?rest_route=%2Fwp%2Fv2%2Fmedia&parent=1791"}],"wp:term":[{"taxonomy":"category","embeddable":true,"href":"https:\/\/kulturbloggen.com\/index.php?rest_route=%2Fwp%2Fv2%2Fcategories&post=1791"},{"taxonomy":"post_tag","embeddable":true,"href":"https:\/\/kulturbloggen.com\/index.php?rest_route=%2Fwp%2Fv2%2Ftags&post=1791"}],"curies":[{"name":"wp","href":"https:\/\/api.w.org\/{rel}","templated":true}]}}