{"id":178237,"date":"2024-03-12T11:48:06","date_gmt":"2024-03-12T10:48:06","guid":{"rendered":"https:\/\/kulturbloggen.com\/?p=178237"},"modified":"2024-03-12T11:53:59","modified_gmt":"2024-03-12T10:53:59","slug":"filmrecension-som-vi-har-alskat-en-film-om-karlekens-manga-ansikten","status":"publish","type":"post","link":"https:\/\/kulturbloggen.com\/?p=178237","title":{"rendered":"Filmrecension: Som vi har \u00e4lskat &#8211; en film om k\u00e4rlekens m\u00e5nga ansikten"},"content":{"rendered":"<p><img loading=\"lazy\" decoding=\"async\" class=\"aligncenter size-full wp-image-178241\" src=\"https:\/\/kulturbloggen.com\/wp-content\/uploads\/2024\/03\/unnamed.jpg\" alt=\"\" width=\"650\" height=\"366\" srcset=\"https:\/\/kulturbloggen.com\/wp-content\/uploads\/2024\/03\/unnamed.jpg 650w, https:\/\/kulturbloggen.com\/wp-content\/uploads\/2024\/03\/unnamed-300x169.jpg 300w\" sizes=\"auto, (max-width: 650px) 100vw, 650px\" \/><\/p>\n<p>Som vi har \u00e4lskat<br \/>\nBetyg 4<br \/>\nSvensk biopremi\u00e4r 27 mars 2024<br \/>\nRegi Gustav \u00c5gerstrand<\/p>\n<p>En dokument\u00e4r som k\u00e4nns \u00e4kta och som f\u00f6rmedlar musikens kraft och samtidigt l\u00e5ter oss m\u00f6ta m\u00e4nniskan som heter Sara Parkman. En modig film som visar n\u00e5got m\u00e4nskligt som m\u00e5nga kan k\u00e4nna igen sig i: l\u00e4ngtan och s\u00f6kandet efter k\u00e4rlek.<\/p>\n<p>Sara Parkman kan utan tvekan utn\u00e4mnas till en av de mest sp\u00e4nnande svenska musikerna. Genom sitt unika uttryck har hon revolutionerat svensk folkmusik och skivan Vesper gjorde hennes k\u00e4nd och hyllad. Att se henne spela p\u00e5 scen \u00e4r att se k\u00e4rlek till musik vibrera och str\u00e5la ut till alla n\u00e4rvarande. Men bakom denna stora k\u00e4rlek till musik finns ocks\u00e5 en annan l\u00e4ngtan hos Sara Parkman. Hon \u00e4r p\u00e5 v\u00e4g att fylla trettio \u00e5r och har nyligen separerat fr\u00e5n en relation. Hon l\u00e4ngtar efter att hitta n\u00e5gon att bygga en sann och djup k\u00e4rleksrelation med och som hon kan f\u00e5 barn med. Hon l\u00e4ngtar efter barn.<\/p>\n<p>Vad \u00e4r k\u00e4rlek egentligen? Som jag ser filmen visar den p\u00e5 flera olika former k\u00e4rleken kan ta. Musik \u00e4r m\u00e4ktig och att stora musiker som Sara Parkman har ett s\u00e4rskilt extra djupt f\u00f6rh\u00e5llande till musik, det \u00e4r uppenbart. N\u00e4r hon spelar utstr\u00e5lar hon stark k\u00e4rlek. Musik \u00e4r en viktig del i livet f\u00f6r m\u00e5nga och kan ge b\u00e5de tr\u00f6st, hopp och ny energi.<\/p>\n<p>Sara Parkman har en fin v\u00e4nskap med sina medmusiker och speciellt med Hampus som nyligen blivit pappa. Hampus och Sara skapar och skriver mycket musik tillsammans och trots att han blivit pappa och vill vara med sin baby verkar de \u00e4nd\u00e5 lyckas f\u00e5 tid att skapa tillsammans. V\u00e4nskap \u00e4r ocks\u00e5 en form av k\u00e4rlek.<\/p>\n<p>En annan form av k\u00e4rlek \u00e4r den n\u00e4ra relation vi kan ha till sl\u00e4ktingar. Vi f\u00e5r se Sara Parkman tillsammans med sin farfar och med sin pappa. Dessa relationer utstr\u00e5lar ocks\u00e5 ett starkt band.<\/p>\n<p>Jag tycker filmen p\u00e5 ett finst\u00e4mt s\u00e4tt visar p\u00e5 k\u00e4rlekens m\u00e5nga ansikten utan att peka med hela handen.<\/p>\n<p>Filmen b\u00f6rjar med Sara Parkman spela musik och slutat med musik. Musiken \u00e4r den stora k\u00e4rleken som \u00e4r m\u00e4ktig och b\u00e4r genom livet. En stark film. En m\u00e4ktig film. En varm film. En film med mycket k\u00e4rlek av olika slag. Och underbar musik som g\u00f6r mig lycklig.<\/p>\n<p><strong>Bakgrundsfakta on Sara Parkman:<\/strong><br \/>\nSara Parkman \u00e4r f\u00f6dd 1989 i V\u00e4sternorrland. Pr\u00e4stbarn i tredje generationen, folkmusiker, tons\u00e4ttare och artist. Hon arbetar \u00e5terkommande med att lyfta det undang\u00f6mda men vitala i en samtida kontext och fick 2017 sitt genombrott d\u00e5 hon med Riksteatern gjorde upps\u00e4ttningen F\u00e4boland. 2019 sl\u00e4pptes albumet Vesper- en aftonb\u00f6n f\u00f6r v\u00e5r tid med vilket Sara vill skapa ett samtal om vikten av helighet, oavsett om det handlar om kyrkor, rejv eller terapirum. Med Vesper nominerades Sara till en grammis och mottog DNs stora kulturpris. Som vi har \u00e4lskat tar avstamp i succ\u00e9n med Vesper och f\u00f6ljer sedan Saras v\u00e4g mot stj\u00e4rnorna genom den kreativa processen i skapandet av n\u00e4sta platta &#8211; Eros Agape Philia.<\/p>\n<p><strong>Om filmens regiss\u00f6r:<\/strong><br \/>\nGustav \u00c5gerstrand, f\u00f6dd i V\u00e4xj\u00f6 1985, \u00e4r regiss\u00f6r och filmfotograf. Han har en master i filmfoto vid Stockholms Konstn\u00e4rliga H\u00f6gskola 2021-2023, har studerat dokument\u00e4rfilm p\u00e5 Biskops Arn\u00f6 2011-2012 och har en kandidatexamen fr\u00e5n Stockholms Dramatiska H\u00f6gskola 2012-2015 i regi. Gustav har regisserat filmer som Tjuvgods (2013, hedersomn\u00e4mnande Tempo Dokument\u00e4rfestival), Inuti ett tr\u00e4d (2015), dokument\u00e4rserien Det goda landet som nominerades till Kristallen f\u00f6r b\u00e4sta dokument\u00e4r 2018 och dokument\u00e4rfilmen Leva tills jag d\u00f6r (2022). Han har ocks\u00e5 arbetat som fotograf och inslagsproducent med Gift vid f\u00f6rsta \u00f6gonkastet.<\/p>\n<p><iframe loading=\"lazy\" src=\"https:\/\/player.vimeo.com\/video\/911481998?h=a0816cc5aa&amp;color=e6edf0&amp;byline=0&amp;portrait=0\" width=\"640\" height=\"360\" frameborder=\"0\" allowfullscreen=\"allowfullscreen\"><\/iframe><\/p>\n<p><a href=\"https:\/\/vimeo.com\/911481998\">Som vi har \u00e4lskat &#8211; trailer<\/a> from <a href=\"https:\/\/vimeo.com\/folketsbio\">Folkets Bio<\/a> on <a href=\"https:\/\/vimeo.com\">Vimeo<\/a>.<\/p>\n","protected":false},"excerpt":{"rendered":"<p>Som vi har \u00e4lskat Betyg 4 Svensk biopremi\u00e4r 27 mars 2024 Regi Gustav \u00c5gerstrand En dokument\u00e4r som k\u00e4nns \u00e4kta och som f\u00f6rmedlar musikens kraft och samtidigt l\u00e5ter oss m\u00f6ta m\u00e4nniskan som heter Sara Parkman. En modig film som visar n\u00e5got m\u00e4nskligt som m\u00e5nga kan k\u00e4nna igen sig i: l\u00e4ngtan och s\u00f6kandet efter k\u00e4rlek. Sara Parkman [&hellip;]<\/p>\n","protected":false},"author":2,"featured_media":0,"comment_status":"closed","ping_status":"closed","sticky":false,"template":"","format":"standard","meta":{"_genesis_hide_title":false,"_genesis_hide_breadcrumbs":false,"_genesis_hide_singular_image":false,"_genesis_hide_footer_widgets":false,"_genesis_custom_body_class":"","_genesis_custom_post_class":"","_genesis_layout":"","footnotes":""},"categories":[50,51,16,20,13624],"tags":[1329,1728,1738,1809,14853,14758,14852],"class_list":{"0":"post-178237","1":"post","2":"type-post","3":"status-publish","4":"format-standard","6":"category-filmfilm","7":"category-filmer","8":"category-recension","9":"category-film","10":"category-toppnytt","11":"tag-dokumentar","12":"tag-filmkritik","13":"tag-filmrecension","14":"tag-folkmusik","15":"tag-folkmusik-fran-hela-varlden","16":"tag-sara-parkman","17":"tag-svensk-folkmusik","18":"entry"},"_links":{"self":[{"href":"https:\/\/kulturbloggen.com\/index.php?rest_route=\/wp\/v2\/posts\/178237","targetHints":{"allow":["GET"]}}],"collection":[{"href":"https:\/\/kulturbloggen.com\/index.php?rest_route=\/wp\/v2\/posts"}],"about":[{"href":"https:\/\/kulturbloggen.com\/index.php?rest_route=\/wp\/v2\/types\/post"}],"author":[{"embeddable":true,"href":"https:\/\/kulturbloggen.com\/index.php?rest_route=\/wp\/v2\/users\/2"}],"replies":[{"embeddable":true,"href":"https:\/\/kulturbloggen.com\/index.php?rest_route=%2Fwp%2Fv2%2Fcomments&post=178237"}],"version-history":[{"count":20,"href":"https:\/\/kulturbloggen.com\/index.php?rest_route=\/wp\/v2\/posts\/178237\/revisions"}],"predecessor-version":[{"id":178559,"href":"https:\/\/kulturbloggen.com\/index.php?rest_route=\/wp\/v2\/posts\/178237\/revisions\/178559"}],"wp:attachment":[{"href":"https:\/\/kulturbloggen.com\/index.php?rest_route=%2Fwp%2Fv2%2Fmedia&parent=178237"}],"wp:term":[{"taxonomy":"category","embeddable":true,"href":"https:\/\/kulturbloggen.com\/index.php?rest_route=%2Fwp%2Fv2%2Fcategories&post=178237"},{"taxonomy":"post_tag","embeddable":true,"href":"https:\/\/kulturbloggen.com\/index.php?rest_route=%2Fwp%2Fv2%2Ftags&post=178237"}],"curies":[{"name":"wp","href":"https:\/\/api.w.org\/{rel}","templated":true}]}}