{"id":177889,"date":"2024-02-29T15:00:15","date_gmt":"2024-02-29T14:00:15","guid":{"rendered":"https:\/\/kulturbloggen.com\/?p=177889"},"modified":"2024-02-29T15:00:15","modified_gmt":"2024-02-29T14:00:15","slug":"100-ungdomar-ska-sta-pa-scen-hos-unga-klara","status":"publish","type":"post","link":"https:\/\/kulturbloggen.com\/?p=177889","title":{"rendered":"100 ungdomar ska st\u00e5 p\u00e5 scen hos Unga Klara"},"content":{"rendered":"<p><img loading=\"lazy\" decoding=\"async\" class=\"aligncenter size-full wp-image-177894\" src=\"https:\/\/kulturbloggen.com\/wp-content\/uploads\/2024\/02\/unnamed-17.jpg\" alt=\"\" width=\"650\" height=\"365\" srcset=\"https:\/\/kulturbloggen.com\/wp-content\/uploads\/2024\/02\/unnamed-17.jpg 650w, https:\/\/kulturbloggen.com\/wp-content\/uploads\/2024\/02\/unnamed-17-300x168.jpg 300w\" sizes=\"auto, (max-width: 650px) 100vw, 650px\" \/><\/p>\n<p>Unga Klara v\u00e4lkomnar 100 ungdomar till att st\u00e5 p\u00e5 scen, ber\u00e4ttar ett pressmeddelande:<\/p>\n<p>Mellan den 8-10 mars 2024 tar ca 100 ungdomar \u00f6ver Unga Klara som en del av Riksteaterns L\u00e4nk-projekt 2024. I samarbete med Lava p\u00e5 Kulturhuset Stadsteatern.<\/p>\n<p>Riksteatern, som st\u00e5r bakom initiativet i Sverige, menar att syftet \u00e4r att l\u00e5ta unga ensembler f\u00e5 m\u00f6ta nyskriven dramatik. S\u00e5 h\u00e4r s\u00e4ger Farnaz Arbabi, konstn\u00e4rlig ledare p\u00e5 Unga Klara om att teatern deltar i projektet:<\/p>\n<p>&#8211; Ungas r\u00e4tt till konst och kultur handlar inte bara om att f\u00e5 uppleva den utan \u00e4ven om att ut\u00f6va den. Det \u00e4r en r\u00e4ttighet som barnkonventionen sl\u00e5r fast. Ett av Unga Klaras motton har l\u00e4nge varit \u201dom det allra viktigaste, f\u00f6r de allra viktigaste\u201d och det \u00e4r fantastiskt att vi nu \u00e4ven kan s\u00e4ga \u201dav de allra viktigaste\u201d.<\/p>\n<p>Ungdomarna \u00e4r mellan 15-24 \u00e5r och har olika mycket erfarenhet av att st\u00e5 p\u00e5 scen. Tizh-Bin, som \u00e4r en av ungdomarna som ska delta, ser fram emot att st\u00e5 p\u00e5 Unga Klaras scen under L\u00e4nk-projektet. Han \u00e4r en del av teatergruppen Scen utanf\u00f6r C, som \u00e4r en tv\u00e5\u00e5rig satsning f\u00f6r att ge fler unga i f\u00f6rorten tillg\u00e5ng till scenkonst:<\/p>\n<p>&#8211; Jag \u00e4lskar att improvisera. Det blir som att jag omedvetet hamnar i ett flow och blir j\u00e4ttekreativ. I framtiden vill jag skriva mitt eget manus och s\u00e4tta upp en egen f\u00f6rest\u00e4llning. Det h\u00e4r \u00e4r ett bra s\u00e4tt f\u00f6r mig att skapa mig ett b\u00e4ttre n\u00e4tverk med m\u00e4nniskor som \u00e4r kunniga inom scenkonst.<\/p>\n<p>L\u00e4nkfestivalen p\u00e5g\u00e5r mellan 8-10 mars p\u00e5 Unga Klara och g\u00f6rs i samarbete med Lava p\u00e5 Kulturhuset Stadsteatern. Festivalen \u00e4r st\u00e4ngd f\u00f6r allm\u00e4nheten.<\/p>\n","protected":false},"excerpt":{"rendered":"<p>Unga Klara v\u00e4lkomnar 100 ungdomar till att st\u00e5 p\u00e5 scen, ber\u00e4ttar ett pressmeddelande: Mellan den 8-10 mars 2024 tar ca 100 ungdomar \u00f6ver Unga Klara som en del av Riksteaterns L\u00e4nk-projekt 2024. I samarbete med Lava p\u00e5 Kulturhuset Stadsteatern. Riksteatern, som st\u00e5r bakom initiativet i Sverige, menar att syftet \u00e4r att l\u00e5ta unga ensembler f\u00e5 [&hellip;]<\/p>\n","protected":false},"author":13,"featured_media":0,"comment_status":"closed","ping_status":"closed","sticky":false,"template":"","format":"standard","meta":{"_genesis_hide_title":false,"_genesis_hide_breadcrumbs":false,"_genesis_hide_singular_image":false,"_genesis_hide_footer_widgets":false,"_genesis_custom_body_class":"","_genesis_custom_post_class":"","_genesis_layout":"","footnotes":""},"categories":[20,30,13624],"tags":[14624],"class_list":{"0":"post-177889","1":"post","2":"type-post","3":"status-publish","4":"format-standard","6":"category-film","7":"category-teater","8":"category-toppnytt","9":"tag-unga-klara","10":"entry"},"_links":{"self":[{"href":"https:\/\/kulturbloggen.com\/index.php?rest_route=\/wp\/v2\/posts\/177889","targetHints":{"allow":["GET"]}}],"collection":[{"href":"https:\/\/kulturbloggen.com\/index.php?rest_route=\/wp\/v2\/posts"}],"about":[{"href":"https:\/\/kulturbloggen.com\/index.php?rest_route=\/wp\/v2\/types\/post"}],"author":[{"embeddable":true,"href":"https:\/\/kulturbloggen.com\/index.php?rest_route=\/wp\/v2\/users\/13"}],"replies":[{"embeddable":true,"href":"https:\/\/kulturbloggen.com\/index.php?rest_route=%2Fwp%2Fv2%2Fcomments&post=177889"}],"version-history":[{"count":5,"href":"https:\/\/kulturbloggen.com\/index.php?rest_route=\/wp\/v2\/posts\/177889\/revisions"}],"predecessor-version":[{"id":177896,"href":"https:\/\/kulturbloggen.com\/index.php?rest_route=\/wp\/v2\/posts\/177889\/revisions\/177896"}],"wp:attachment":[{"href":"https:\/\/kulturbloggen.com\/index.php?rest_route=%2Fwp%2Fv2%2Fmedia&parent=177889"}],"wp:term":[{"taxonomy":"category","embeddable":true,"href":"https:\/\/kulturbloggen.com\/index.php?rest_route=%2Fwp%2Fv2%2Fcategories&post=177889"},{"taxonomy":"post_tag","embeddable":true,"href":"https:\/\/kulturbloggen.com\/index.php?rest_route=%2Fwp%2Fv2%2Ftags&post=177889"}],"curies":[{"name":"wp","href":"https:\/\/api.w.org\/{rel}","templated":true}]}}