{"id":17786,"date":"2010-02-17T15:12:10","date_gmt":"2010-02-17T14:12:10","guid":{"rendered":"http:\/\/kulturbloggen.com\/?p=17786"},"modified":"2010-02-17T15:12:10","modified_gmt":"2010-02-17T14:12:10","slug":"black-rebel-motorcycle-club-kommer-till-sverige","status":"publish","type":"post","link":"https:\/\/kulturbloggen.com\/?p=17786","title":{"rendered":"Black Rebel Motorcycle Club kommer till Sverige"},"content":{"rendered":"<p><a href=\"http:\/\/kulturbloggen.com\/wp-content\/uploads\/2010\/02\/blackrebelmotorcycle.jpg\"><img loading=\"lazy\" decoding=\"async\" src=\"http:\/\/kulturbloggen.com\/wp-content\/uploads\/2010\/02\/blackrebelmotorcycle-300x233.jpg\" alt=\"blackrebelmotorcycle\" title=\"blackrebelmotorcycle\" width=\"300\" height=\"233\" class=\"aligncenter size-medium wp-image-17788\" \/><\/a><br \/>\nDen 10 mars sl\u00e4pper Black Rebel Motorcycle ClubBlack Rebel Motorcycle Club det nya albumet Beat The Devil\u2019s Tattoo. Bandets svenska fans f\u00e5r dessutom chansen att se dem live: Black Rebel Motorcycle Club \u00e4r p\u00e5 v\u00e4g till Sverige f\u00f6r spelningar p\u00e5 KB i Malm\u00f6, Nalen i Stockholm och Brewhouse i G\u00f6teborg den 27, 28 och 29 maj. Biljetterna sl\u00e4pps den 19 februari.<\/p>\n<p><a href=\"http:\/\/www.mynewsdesk.com\/se\/view\/pressrelease\/black-rebel-motorcycle-club-tillbaka-paa-nalen-373613\">Ur ett pressutskick<\/a>:<\/p>\n<blockquote><p>V\u00e4ntan har varit l\u00e5ng, ja n\u00e4stan som en evighet, men nu h\u00e4nder det \u00e4ntligen. Black Rebel Motorcycle Club \u00e4r tillbaka och det p\u00e5 fler s\u00e4tt \u00e4n ett. Med Leah Shapiro, som tidigare sk\u00e5dats i Raveonettes, bakom trummorna \u00e5terv\u00e4nder Peter Hayes och Robert Levon Been med b\u00e5de ett nytt album och tre Sverigedatum.<\/p>\n<p>Full\u00e4ngdaren &#8221;Beat the Devil&#8217;s tattoo&#8221; sl\u00e4pps i Sverige 10 mars och utg\u00f6r en detaljerad karta \u00f6ver det omv\u00e4xlande ljudlandskap som blivit BRMC:s k\u00e4nnetecken, det \u00e4r m\u00f6rker och smuts, pulserande v\u00e4rme, omtumlande energi, erotik och r\u00e5 passion. Det \u00e4r, kort sagt, Black Rebel Motorcycle Club. P\u00e5 gr\u00e4nsen till ett omslutande m\u00f6rker utan att n\u00e5gonsin helt och h\u00e5llet trilla ned. P\u00e5 gr\u00e4nsen till sj\u00e4lvdestruktivitet utan att n\u00e5gonsin l\u00f6pa linan ut. Med krossade hj\u00e4rtan och extatisk k\u00e4rlek som emotionell grund.<\/p>\n<p>Den 27, 28 och 29 maj bes\u00f6ker BRMC Sverige f\u00f6r f\u00f6rsta g\u00e5ngen sedan de fantastiska spelningarna p\u00e5 Storsj\u00f6yran och KB f\u00f6r tv\u00e5 somrar sedan. Biljetterna sl\u00e4pps p\u00e5 fredag, den 19 februari. <\/p><\/blockquote>\n<p><a href=\"http:\/\/www.blackrebelmotorcycleclub.com\">Bandets hemsida: www.blackrebelmotorcycleclub.com<\/a> och <a href=\"http:\/\/www.myspace.com\/blackrebelmotorcycleclub\">Black Rebel Motorcycle Club p\u00e5 MySpace<\/a>.<\/p>\n<p>Konsertinfo:<\/p>\n<p>27.5 MALM\u00d6, KB<br \/>\n28.5 STOCKHOLM, Nalen<br \/>\n29.5 G\u00d6TEBORG, Brewhouse<\/p>\n<p><object width=\"425\" height=\"344\"><param name=\"movie\" value=\"http:\/\/www.youtube.com\/v\/abKjC7EX2Zs&#038;hl=sv_SE&#038;fs=1&#038;\"><\/param><param name=\"allowFullScreen\" value=\"true\"><\/param><param name=\"allowscriptaccess\" value=\"always\"><\/param><embed src=\"http:\/\/www.youtube.com\/v\/abKjC7EX2Zs&#038;hl=sv_SE&#038;fs=1&#038;\" type=\"application\/x-shockwave-flash\" allowscriptaccess=\"always\" allowfullscreen=\"true\" width=\"425\" height=\"344\"><\/embed><\/object><\/p>\n<p>Relaterat: <a href=\"http:\/\/www.svd.se\/kulturnoje\/nyheter\/brmc-kommer-till-sverige_4280297.svd\">Svenska Dagbladet<\/a> och <a href=\"http:\/\/hd.se\/noje\/2007\/04\/18\/black-rebel-motorcycle-club-rockar\/\">Helsingborgs Dagblad<\/a>.<\/p>\n<p>L\u00e4s \u00e4ven andra bloggares \u00e5sikter om <a href=\"http:\/\/bloggar.se\/om\/konserter\" rel=\"tag\">konserter<\/a>, <a href=\"http:\/\/bloggar.se\/om\/Stockholm\" rel=\"tag\">Stockholm<\/a>, <a href=\"http:\/\/bloggar.se\/om\/Malm%F6\" rel=\"tag\">Malm\u00f6<\/a>, <a href=\"http:\/\/bloggar.se\/om\/Nalen\" rel=\"tag\">Nalen<\/a>, <a href=\"http:\/\/bloggar.se\/om\/indie\" rel=\"tag\">indie<\/a>, <a href=\"http:\/\/bloggar.se\/om\/Black+Rebel+Motorcycle+club\" rel=\"tag\">Black Rebel Motorcycle club<\/a>, <a href=\"http:\/\/bloggar.se\/om\/BRMC\" rel=\"tag\">BRMC<\/a><\/p>\n","protected":false},"excerpt":{"rendered":"<p>Den 10 mars sl\u00e4pper Black Rebel Motorcycle ClubBlack Rebel Motorcycle Club det nya albumet Beat The Devil\u2019s Tattoo. Bandets svenska fans f\u00e5r dessutom chansen att se dem live: Black Rebel Motorcycle Club \u00e4r p\u00e5 v\u00e4g till Sverige f\u00f6r spelningar p\u00e5 KB i Malm\u00f6, Nalen i Stockholm och Brewhouse i G\u00f6teborg den 27, 28 och 29 [&hellip;]<\/p>\n","protected":false},"author":13,"featured_media":0,"comment_status":"open","ping_status":"open","sticky":false,"template":"","format":"standard","meta":{"_genesis_hide_title":false,"_genesis_hide_breadcrumbs":false,"_genesis_hide_singular_image":false,"_genesis_hide_footer_widgets":false,"_genesis_custom_body_class":"","_genesis_custom_post_class":"","_genesis_layout":"","footnotes":""},"categories":[7],"tags":[2467,3004,3469,3913,5400],"class_list":{"0":"post-17786","1":"post","2":"type-post","3":"status-publish","4":"format-standard","6":"category-musik","7":"tag-indie","8":"tag-konserter","9":"tag-malmo","10":"tag-nalen","11":"tag-stockholm","12":"entry"},"_links":{"self":[{"href":"https:\/\/kulturbloggen.com\/index.php?rest_route=\/wp\/v2\/posts\/17786","targetHints":{"allow":["GET"]}}],"collection":[{"href":"https:\/\/kulturbloggen.com\/index.php?rest_route=\/wp\/v2\/posts"}],"about":[{"href":"https:\/\/kulturbloggen.com\/index.php?rest_route=\/wp\/v2\/types\/post"}],"author":[{"embeddable":true,"href":"https:\/\/kulturbloggen.com\/index.php?rest_route=\/wp\/v2\/users\/13"}],"replies":[{"embeddable":true,"href":"https:\/\/kulturbloggen.com\/index.php?rest_route=%2Fwp%2Fv2%2Fcomments&post=17786"}],"version-history":[{"count":0,"href":"https:\/\/kulturbloggen.com\/index.php?rest_route=\/wp\/v2\/posts\/17786\/revisions"}],"wp:attachment":[{"href":"https:\/\/kulturbloggen.com\/index.php?rest_route=%2Fwp%2Fv2%2Fmedia&parent=17786"}],"wp:term":[{"taxonomy":"category","embeddable":true,"href":"https:\/\/kulturbloggen.com\/index.php?rest_route=%2Fwp%2Fv2%2Fcategories&post=17786"},{"taxonomy":"post_tag","embeddable":true,"href":"https:\/\/kulturbloggen.com\/index.php?rest_route=%2Fwp%2Fv2%2Ftags&post=17786"}],"curies":[{"name":"wp","href":"https:\/\/api.w.org\/{rel}","templated":true}]}}