{"id":1777,"date":"2008-09-20T12:01:05","date_gmt":"2008-09-20T12:01:05","guid":{"rendered":"http:\/\/kulturbloggen.com\/?p=1777"},"modified":"2008-09-20T12:01:05","modified_gmt":"2008-09-20T12:01:05","slug":"obama-toppar-svenska-medier-och-hur-det-gick-till-nar-sarah-palins-epost-hackades-med-hjalp-av-wikipedia","status":"publish","type":"post","link":"https:\/\/kulturbloggen.com\/?p=1777","title":{"rendered":"Obama toppar svenska medier &#8211; och hur det gick till n\u00e4r Sarah Palins epost hackades med hj\u00e4lp av wikipedia"},"content":{"rendered":"<p>Det amerikanska valet tar snart \u00f6ver mediebevakningen i svenska medier. USA \u00e4r en av de stora och m\u00e4ktigaste akt\u00f6rerna inom internationell politik s\u00e5 det \u00e4r inte ov\u00e4ntat.<\/p>\n<p>Dagens ena stora nyhet kring det amerikanska<\/p>\n<blockquote><p>Finanskrisen har f\u00e5tt valvinden att v\u00e4nda f\u00f6r presidentkandidat Barack Obama som nu \u00e5ter leder i opinionsm\u00e4tningarna.<\/p>\n<p>John McCain har beg\u00e5tt flera avg\u00f6rande misstag n\u00e4r finaskrisen kulminerat, skriver Daily Telegraph. <a href=\"http:\/\/www.aftonbladet.se\/nyheter\/usavalet\/article3355863.ab\">K\u00e4lla Aftonbladet.<\/a><\/p><\/blockquote>\n<p>Om det \u00e4r Barack Obama som satt ig\u00e5ng den accelerande f\u00f6r\u00e4ndringen, eller om det \u00e4r globaliseringen som g\u00f6r att USA tar \u00e4nnu st\u00f6rre plats i Sverige \u00e4n n\u00e5gonsin f\u00f6rr, det m\u00e5 vara outsagt. Ig\u00e5r var jag p\u00e5 konsert med Stevie Wonder och han fick hela publiken i det fullsatta Globen att sjunga   &#8221;Barack Obama, Barack Obama&#8221;. <a href=\"http:\/\/kulturbloggen.com\/?p=1766\">H\u00e4r bloggar jag om det och d\u00e4r kan du se filmklippet d\u00e4rifr\u00e5n.<\/a><\/p>\n<p>Om du \u00e4r intresserad av amerikansk politik vill jag tipsa dig om <a href=\"http:\/\/arvidfalk.se\/2008\/09\/usa-har-inga-vanner-usa-har-bara-intressen\/\">en debattartikel p\u00e5 Arvid Falk<\/a> som jag  sj\u00e4lv l\u00e4ste med stort intresse:<\/p>\n<blockquote><p>N\u00e4rvaron i framf\u00f6rallt oljeproducerande regioner har nu f\u00f6rsatt USA i s\u00e5v\u00e4l ekonomiskt som handels- och s\u00e4kerhetspolitiskt tr\u00e5ngm\u00e5l. USA har en krigsmakt som \u00e4r f\u00f6r stor f\u00f6r att f\u00f6rsvara sitt territorium, men samtidigt har den visat sig f\u00f6r liten f\u00f6r att f\u00f6rsvara dollarn som v\u00e4rldsvaluta.<\/p>\n<p>Konsekvenserna av Carter-doktrinens mer handfasta inneh\u00e5ll kommer nu med en accelererad finanskris att p\u00e5verka Europa f\u00f6r l\u00e5ng tid fram\u00e5t. Den del av Europa som \u00e4r allierad med Nato.<\/p><\/blockquote>\n<p>P\u00e5 republikanska sidan har Sarah Palin, vicepresidentkandidat blivit hackad. Hackare kunde ta sig in i hennes epost. <a href=\"http:\/\/www.metro.se\/se\/article\/2008\/09\/19\/13\/5549-48\/index.xml\">Metro redog\u00f6r f\u00f6r hur det gick till <\/a>n\u00e4r hackarna helt enkelt \u00e5terst\u00e4llde hennes l\u00f6senord med hj\u00e4lp av <a href=\"http:\/\/en.wikipedia.org\/wiki\/Sarah_Palin\">uppgifter som finns i Wikipedia.<\/a> Skr\u00e4mmande men ocks\u00e5 ett bra exempel p\u00e5 hur Internet fungerar och hur aningsl\u00f6sa en del politiker \u00e4r.<\/p>\n<blockquote><p>Yahoo skriver i ett offentligt uttalande att hackarna lyckats \u00e5terst\u00e4lla Sarah Palins l\u00f6senord genom att svara p\u00e5 en rad fr\u00e5gor ang\u00e5ende hennes personliga uppgifter som f\u00f6delseort och  f\u00f6delsedatum. Resultatet blev att Palins personliga mejl, fotografier och adressbok hamnade p\u00e5 olika internetsajter.<\/p><\/blockquote>\n<p><strong><a href=\"http:\/\/kulturbloggen.com\/\">GL\u00d6M INTE: Kulturbloggen regerar<\/a><\/strong><\/p>\n<p><a href='http:\/\/sodergren.com\/kulturbloggen\/wp-content\/uploads\/2008\/09\/palinwiki400.jpg'><img loading=\"lazy\" decoding=\"async\" src=\"http:\/\/sodergren.com\/kulturbloggen\/wp-content\/uploads\/2008\/09\/palinwiki400-300x137.jpg\" alt=\"\" title=\"palinwiki400\" width=\"300\" height=\"137\" class=\"aligncenter size-medium wp-image-1778\" \/><\/a><\/p>\n<p>Andra bloggar om: <a href=\"http:\/\/bloggar.se\/om\/USA\" rel=\"tag\">USA<\/a>, <a href=\"http:\/\/bloggar.se\/om\/video\" rel=\"tag\">video<\/a>, <a href=\"http:\/\/bloggar.se\/om\/Obama\" rel=\"tag\">Obama<\/a>, <a href=\"http:\/\/bloggar.se\/om\/medier\" rel=\"tag\">medier<\/a>, <a href=\"http:\/\/bloggar.se\/om\/hackare\" rel=\"tag\">hackare<\/a>, <a href=\"http:\/\/bloggar.se\/om\/Yahoo\" rel=\"tag\">Yahoo<\/a>, <a href=\"http:\/\/bloggar.se\/om\/Palin\" rel=\"tag\">Palin<\/a>, <a href=\"http:\/\/bloggar.se\/om\/epost\" rel=\"tag\">epost<\/a>, <a href=\"http:\/\/bloggar.se\/om\/USA-valet\" rel=\"tag\">USA-valet<\/a>, <a href=\"http:\/\/bloggar.se\/om\/demokraterna\" rel=\"tag\">demokraterna<\/a>, <a href=\"http:\/\/bloggar.se\/om\/Stevie+Wonder\" rel=\"tag\">Stevie Wonder<\/a>, <a href=\"http:\/\/bloggar.se\/om\/Globen\" rel=\"tag\">Globen<\/a>, <a href=\"http:\/\/bloggar.se\/om\/republikanerna\" rel=\"tag\">republikanerna<\/a><\/p>\n<p><a href='http:\/\/sodergren.com\/kulturbloggen\/wp-content\/uploads\/2008\/09\/palinwiki260.jpg'><img loading=\"lazy\" decoding=\"async\" src=\"http:\/\/sodergren.com\/kulturbloggen\/wp-content\/uploads\/2008\/09\/palinwiki260.jpg\" alt=\"\" title=\"palinwiki260\" width=\"260\" height=\"150\" class=\"alignnone size-medium wp-image-1779\" \/><\/a><\/p>\n<p><a href='http:\/\/sodergren.com\/kulturbloggen\/wp-content\/uploads\/2008\/09\/palin1251.jpg'><img loading=\"lazy\" decoding=\"async\" src=\"http:\/\/sodergren.com\/kulturbloggen\/wp-content\/uploads\/2008\/09\/palin1251.jpg\" alt=\"\" title=\"palin1251\" width=\"125\" height=\"250\" class=\"alignnone size-medium wp-image-1780\" \/><\/a><\/p>\n","protected":false},"excerpt":{"rendered":"<p>Det amerikanska valet tar snart \u00f6ver mediebevakningen i svenska medier. USA \u00e4r en av de stora och m\u00e4ktigaste akt\u00f6rerna inom internationell politik s\u00e5 det \u00e4r inte ov\u00e4ntat. Dagens ena stora nyhet kring det amerikanska Finanskrisen har f\u00e5tt valvinden att v\u00e4nda f\u00f6r presidentkandidat Barack Obama som nu \u00e5ter leder i opinionsm\u00e4tningarna. John McCain har beg\u00e5tt flera [&hellip;]<\/p>\n","protected":false},"author":2,"featured_media":0,"comment_status":"open","ping_status":"open","sticky":false,"template":"","format":"standard","meta":{"_genesis_hide_title":false,"_genesis_hide_breadcrumbs":false,"_genesis_hide_singular_image":false,"_genesis_hide_footer_widgets":false,"_genesis_custom_body_class":"","_genesis_custom_post_class":"","_genesis_layout":"","footnotes":""},"categories":[20],"tags":[2171,3582,4100,6129,6230],"class_list":{"0":"post-1777","1":"post","2":"type-post","3":"status-publish","4":"format-standard","6":"category-film","7":"tag-hackare","8":"tag-medier","9":"tag-obama","10":"tag-usa","11":"tag-video","12":"entry"},"_links":{"self":[{"href":"https:\/\/kulturbloggen.com\/index.php?rest_route=\/wp\/v2\/posts\/1777","targetHints":{"allow":["GET"]}}],"collection":[{"href":"https:\/\/kulturbloggen.com\/index.php?rest_route=\/wp\/v2\/posts"}],"about":[{"href":"https:\/\/kulturbloggen.com\/index.php?rest_route=\/wp\/v2\/types\/post"}],"author":[{"embeddable":true,"href":"https:\/\/kulturbloggen.com\/index.php?rest_route=\/wp\/v2\/users\/2"}],"replies":[{"embeddable":true,"href":"https:\/\/kulturbloggen.com\/index.php?rest_route=%2Fwp%2Fv2%2Fcomments&post=1777"}],"version-history":[{"count":0,"href":"https:\/\/kulturbloggen.com\/index.php?rest_route=\/wp\/v2\/posts\/1777\/revisions"}],"wp:attachment":[{"href":"https:\/\/kulturbloggen.com\/index.php?rest_route=%2Fwp%2Fv2%2Fmedia&parent=1777"}],"wp:term":[{"taxonomy":"category","embeddable":true,"href":"https:\/\/kulturbloggen.com\/index.php?rest_route=%2Fwp%2Fv2%2Fcategories&post=1777"},{"taxonomy":"post_tag","embeddable":true,"href":"https:\/\/kulturbloggen.com\/index.php?rest_route=%2Fwp%2Fv2%2Ftags&post=1777"}],"curies":[{"name":"wp","href":"https:\/\/api.w.org\/{rel}","templated":true}]}}