{"id":177057,"date":"2024-02-13T11:00:39","date_gmt":"2024-02-13T10:00:39","guid":{"rendered":"https:\/\/kulturbloggen.com\/?p=177057"},"modified":"2024-02-13T11:00:39","modified_gmt":"2024-02-13T10:00:39","slug":"fem-nominerade-till-svenska-fotobokspriset-2024","status":"publish","type":"post","link":"https:\/\/kulturbloggen.com\/?p=177057","title":{"rendered":"Fem nominerade till Svenska Fotobokspriset 2024"},"content":{"rendered":"<p><img loading=\"lazy\" decoding=\"async\" class=\"aligncenter size-full wp-image-177063\" src=\"https:\/\/kulturbloggen.com\/wp-content\/uploads\/2024\/02\/Kara_Aspudden_Kjell_Ake_Andersson_omslag_foto_Per-Englund.jpg\" alt=\"\" width=\"526\" height=\"650\" srcset=\"https:\/\/kulturbloggen.com\/wp-content\/uploads\/2024\/02\/Kara_Aspudden_Kjell_Ake_Andersson_omslag_foto_Per-Englund.jpg 526w, https:\/\/kulturbloggen.com\/wp-content\/uploads\/2024\/02\/Kara_Aspudden_Kjell_Ake_Andersson_omslag_foto_Per-Englund-243x300.jpg 243w\" sizes=\"auto, (max-width: 526px) 100vw, 526px\" \/> Foto omslag, Per Englund<\/p>\n<p>Tidslinjer kastas omkull, minnen v\u00e4cks till liv och historia b\u00e5de skapas och bevaras. Nu presenteras nomineringarna till Svenska Fotobokspriset 2024. Gemensamt f\u00f6r de fem vitt skilda fotob\u00f6ckerna \u00e4r ber\u00e4ttelser om m\u00e4nniskan ur olika perspektiv, b\u00e5de nu och historiskt. Den 20 mars utses \u00e5rets vinnare, den 28:e i ordningen, vid den \u00e5rliga Fotoboksgalan p\u00e5 Bio Rio i Stockholm.<\/p>\n<p>Ett pressmeddelande ber\u00e4ttar:<br \/>\nDe nominerade \u00e4r:<br \/>\nThomas W\u00e5gstr\u00f6m, Case Closed (wagstrombooks).<\/p>\n<p>Elina Birkehag, D FOR DAUGHTER (Spector Books).<\/p>\n<p>Kjell-\u00c5ke Andersson, K\u00e4ra Aspudden (Stockholmia).<\/p>\n<p>MC Coble och Louise Wolthers, Things Change Anyway (Bredfield Press \/ forlaget *[asterisk]).<\/p>\n<p>Jenny Lindhe, Tingen (Breadfield Press). Formgivare: Fia Djerf. Textf\u00f6rfattare: Jenny Lindhe, Cecilia Lindhe<\/p>\n","protected":false},"excerpt":{"rendered":"<p>Foto omslag, Per Englund Tidslinjer kastas omkull, minnen v\u00e4cks till liv och historia b\u00e5de skapas och bevaras. Nu presenteras nomineringarna till Svenska Fotobokspriset 2024. Gemensamt f\u00f6r de fem vitt skilda fotob\u00f6ckerna \u00e4r ber\u00e4ttelser om m\u00e4nniskan ur olika perspektiv, b\u00e5de nu och historiskt. Den 20 mars utses \u00e5rets vinnare, den 28:e i ordningen, vid den \u00e5rliga [&hellip;]<\/p>\n","protected":false},"author":13,"featured_media":0,"comment_status":"closed","ping_status":"closed","sticky":false,"template":"","format":"standard","meta":{"_genesis_hide_title":false,"_genesis_hide_breadcrumbs":false,"_genesis_hide_singular_image":false,"_genesis_hide_footer_widgets":false,"_genesis_custom_body_class":"","_genesis_custom_post_class":"","_genesis_layout":"","footnotes":""},"categories":[3,13624],"tags":[1841,14823],"class_list":{"0":"post-177057","1":"post","2":"type-post","3":"status-publish","4":"format-standard","6":"category-litteratur","7":"category-toppnytt","8":"tag-foto","9":"tag-svenska-fotoboksgalan","10":"entry"},"_links":{"self":[{"href":"https:\/\/kulturbloggen.com\/index.php?rest_route=\/wp\/v2\/posts\/177057","targetHints":{"allow":["GET"]}}],"collection":[{"href":"https:\/\/kulturbloggen.com\/index.php?rest_route=\/wp\/v2\/posts"}],"about":[{"href":"https:\/\/kulturbloggen.com\/index.php?rest_route=\/wp\/v2\/types\/post"}],"author":[{"embeddable":true,"href":"https:\/\/kulturbloggen.com\/index.php?rest_route=\/wp\/v2\/users\/13"}],"replies":[{"embeddable":true,"href":"https:\/\/kulturbloggen.com\/index.php?rest_route=%2Fwp%2Fv2%2Fcomments&post=177057"}],"version-history":[{"count":6,"href":"https:\/\/kulturbloggen.com\/index.php?rest_route=\/wp\/v2\/posts\/177057\/revisions"}],"predecessor-version":[{"id":177066,"href":"https:\/\/kulturbloggen.com\/index.php?rest_route=\/wp\/v2\/posts\/177057\/revisions\/177066"}],"wp:attachment":[{"href":"https:\/\/kulturbloggen.com\/index.php?rest_route=%2Fwp%2Fv2%2Fmedia&parent=177057"}],"wp:term":[{"taxonomy":"category","embeddable":true,"href":"https:\/\/kulturbloggen.com\/index.php?rest_route=%2Fwp%2Fv2%2Fcategories&post=177057"},{"taxonomy":"post_tag","embeddable":true,"href":"https:\/\/kulturbloggen.com\/index.php?rest_route=%2Fwp%2Fv2%2Ftags&post=177057"}],"curies":[{"name":"wp","href":"https:\/\/api.w.org\/{rel}","templated":true}]}}