{"id":176559,"date":"2024-02-02T13:51:49","date_gmt":"2024-02-02T12:51:49","guid":{"rendered":"https:\/\/kulturbloggen.com\/?p=176559"},"modified":"2024-02-02T13:51:50","modified_gmt":"2024-02-02T12:51:50","slug":"teaterkritik-yerma-pa-dramaten-om-en-kvinnas-svara-val","status":"publish","type":"post","link":"https:\/\/kulturbloggen.com\/?p=176559","title":{"rendered":"Teaterkritik: Yerma p\u00e5 Dramaten &#8211; om en kvinnas sv\u00e5ra val"},"content":{"rendered":"<figure id=\"attachment_176563\" aria-describedby=\"caption-attachment-176563\" style=\"width: 650px\" class=\"wp-caption aligncenter\"><img loading=\"lazy\" decoding=\"async\" class=\"size-full wp-image-176563\" src=\"https:\/\/kulturbloggen.com\/wp-content\/uploads\/2024\/02\/yerma10.jpg\" alt=\"\" width=\"650\" height=\"433\" srcset=\"https:\/\/kulturbloggen.com\/wp-content\/uploads\/2024\/02\/yerma10.jpg 650w, https:\/\/kulturbloggen.com\/wp-content\/uploads\/2024\/02\/yerma10-300x200.jpg 300w\" sizes=\"auto, (max-width: 650px) 100vw, 650px\" \/><figcaption id=\"caption-attachment-176563\" class=\"wp-caption-text\">Christoffer Svensson och Nina Zanjani i Yerma.<\/figcaption><\/figure>\n<p><strong>Yerma<\/strong><br \/>\nAv Federico Garcia Lorca<br \/>\nRegi och bearbetning Lisaboa Houbrechts<br \/>\nRegiassist Simon Elv\u00e5s, Ellinor Andr\u00e9<br \/>\nScenografi Cl\u00e9mence Bezat<br \/>\nKostym Ourmar Dicko<br \/>\nLjus Floriaan Ganzevoort<br \/>\nMusik och ljud Bert Cools, Stijn Cools, Indr\u00e9 Jurgelevici\u00fbt\u00e9<br \/>\nPeruk och mask Mimmi Lindell, Johan Lundstr\u00f6m<br \/>\nDramaturg Anna Luyten, Anneli Dufva<br \/>\nI rollerna Nina Zanjani, Christoffer Svensson, Christoffer Lehmann, Elle Kari Bergenrud, Ellen Jelinek, Razmus Nystr\u00f6m, Tina Pour-Davoy, Hulda Lind J\u00f3hannsd\u00f3ttir<\/p>\n<p>Inledningsvis n\u00e4r vi kommer in i handlingen, \u00e4r Yerma redan utom sig av sorg i en apatisk-liknande gestaltning. Hon stirrar ut i intet och man funderar \u00f6ver v\u00e4gen till detta tillst\u00e5nd. Det k\u00e4nns som vi kommer direkt in i den djupa sorgen. Kanske hade man velat se en l\u00e4ngre v\u00e4g dit och d\u00e4rmed f\u00f6rst\u00e5 sorgen mer. Mellan raderna f\u00f6rst\u00e5r vi alla fall att hon skulle vilja bli gravid och att v\u00e4ntan i tv\u00e5 \u00e5r d\u00e4rmed upplevs f\u00f6r l\u00e4nge f\u00f6r henne. Hon trugar inf\u00f6r sin make och ber honom om hj\u00e4lp kring barnl\u00f6sheten. Det \u00e4r dock inte f\u00f6rr\u00e4n senare vi f\u00f6rst\u00e5r att problemet dem emellan \u00e4r lite mer komplext \u00e4n enbart befruktning i sig. Att vara en trogen kvinna med en man som inte vill ha dig, g\u00f6r det komplext.<\/p>\n<p>N\u00e4r Yermas v\u00e4ninnor alla kommer g\u00e5ende med sina runda magar, fnittrandes av gl\u00e4dje och v\u00e4ltrar sig i den kvinnliga vi-k\u00e4nslan dem emellan. Det \u00e4r d\u00e5 jag kan se hennes l\u00e4ngtan ut\u00f6ver den biologiska, f\u00f6r det finns en kraft i att vilja ha det alla andra redan har.. Det \u00e4r ju alltid n\u00e5got att dela den gemensamma erfarenheten och man bygger sociala strukturer kring vad som \u00e4r normalt. Pressen blir stor n\u00e4r vi vill ing\u00e5 och vara som alla andra. Det \u00e4r ju d\u00e4rf\u00f6r m\u00e4nniskor blir gravida n\u00e4r de inte l\u00e4ngre t\u00e4nker p\u00e5 att de m\u00e5ste. Det hade gett f\u00f6rest\u00e4llningen en \u00e4nnu mer fascinerande utg\u00e5ngspunkt om Yemas egen l\u00e4ngtan hade varit tydligare med ett eget, \u201dd\u00e4rf\u00f6r\u201d.<\/p>\n<p>Scenl\u00f6sningen med att ena stunden ha en rund plattform som man r\u00f6r sig kring i kombination med rullande rekvisita f\u00f6r att skapa skilda platser, fungerar bra men ibland ger det en rastl\u00f6shet som \u00e4r lite sv\u00e5r att greppa. Det blir n\u00e4rsynthet och avl\u00e4gsenhet i samma upplevelse. Ibland blir man sporrad men man blir ocks\u00e5 tr\u00f6tt eftersom det \u00e4r sv\u00e5rt att ta in de skilda lagerna av verkligheten. Ibland blir det r\u00f6relse p\u00e5 r\u00f6relse och energier p\u00e5 energier utan att man helt eller fullt f\u00f6rst\u00e5r dess syften. Dock \u00e4r helheten i katastrofen vacker och v\u00e4l gestaltad. Vackra r\u00f6relsem\u00f6nster och f\u00e4rger.<\/p>\n<p>Det som \u00e4r ytterst sp\u00e4nnande med Yema \u00e4r det faktum att inte nog med att hon vill ha barn med den man som hon \u00e4r gift med, men som inte vill ha barn med henne, s\u00e5 kan hon inte t\u00e4nka sig att \u00f6verge honom f\u00f6r att kunna f\u00e5 barn med n\u00e5gon annan. Det finns en f\u00f6rg\u00f6rande trogenhet som g\u00f6r att Yema upplever sig fast i sin livssituation. Hon kommer inte att kunna f\u00e5 allt som hon egentligen vill ha. Fr\u00e5gan \u00e4r vad hon kommer att v\u00e4lja f\u00f6r sin egen del fram\u00f6ver.<\/p>\n<p><iframe loading=\"lazy\" title=\"YouTube video player\" src=\"https:\/\/www.youtube.com\/embed\/wp7c_dvGj7A?si=9dOvGdCY3hZMo30J\" width=\"560\" height=\"315\" frameborder=\"0\" allowfullscreen=\"allowfullscreen\"><\/iframe><\/p>\n","protected":false},"excerpt":{"rendered":"<p>Yerma Av Federico Garcia Lorca Regi och bearbetning Lisaboa Houbrechts Regiassist Simon Elv\u00e5s, Ellinor Andr\u00e9 Scenografi Cl\u00e9mence Bezat Kostym Ourmar Dicko Ljus Floriaan Ganzevoort Musik och ljud Bert Cools, Stijn Cools, Indr\u00e9 Jurgelevici\u00fbt\u00e9 Peruk och mask Mimmi Lindell, Johan Lundstr\u00f6m Dramaturg Anna Luyten, Anneli Dufva I rollerna Nina Zanjani, Christoffer Svensson, Christoffer Lehmann, Elle Kari [&hellip;]<\/p>\n","protected":false},"author":32,"featured_media":0,"comment_status":"closed","ping_status":"closed","sticky":false,"template":"","format":"standard","meta":{"_genesis_hide_title":false,"_genesis_hide_breadcrumbs":false,"_genesis_hide_singular_image":false,"_genesis_hide_footer_widgets":false,"_genesis_custom_body_class":"","_genesis_custom_post_class":"","_genesis_layout":"","footnotes":""},"categories":[16,20,30,31,13624],"tags":[14815,1366,12884,14814,14813],"class_list":{"0":"post-176559","1":"post","2":"type-post","3":"status-publish","4":"format-standard","6":"category-recension","7":"category-film","8":"category-teater","9":"category-teaterrecension","10":"category-toppnytt","11":"tag-christoffer-svensson","12":"tag-dramaten","13":"tag-federico-garcia-lorca","14":"tag-nina-zanjani","15":"tag-yerma","16":"entry"},"_links":{"self":[{"href":"https:\/\/kulturbloggen.com\/index.php?rest_route=\/wp\/v2\/posts\/176559","targetHints":{"allow":["GET"]}}],"collection":[{"href":"https:\/\/kulturbloggen.com\/index.php?rest_route=\/wp\/v2\/posts"}],"about":[{"href":"https:\/\/kulturbloggen.com\/index.php?rest_route=\/wp\/v2\/types\/post"}],"author":[{"embeddable":true,"href":"https:\/\/kulturbloggen.com\/index.php?rest_route=\/wp\/v2\/users\/32"}],"replies":[{"embeddable":true,"href":"https:\/\/kulturbloggen.com\/index.php?rest_route=%2Fwp%2Fv2%2Fcomments&post=176559"}],"version-history":[{"count":6,"href":"https:\/\/kulturbloggen.com\/index.php?rest_route=\/wp\/v2\/posts\/176559\/revisions"}],"predecessor-version":[{"id":176573,"href":"https:\/\/kulturbloggen.com\/index.php?rest_route=\/wp\/v2\/posts\/176559\/revisions\/176573"}],"wp:attachment":[{"href":"https:\/\/kulturbloggen.com\/index.php?rest_route=%2Fwp%2Fv2%2Fmedia&parent=176559"}],"wp:term":[{"taxonomy":"category","embeddable":true,"href":"https:\/\/kulturbloggen.com\/index.php?rest_route=%2Fwp%2Fv2%2Fcategories&post=176559"},{"taxonomy":"post_tag","embeddable":true,"href":"https:\/\/kulturbloggen.com\/index.php?rest_route=%2Fwp%2Fv2%2Ftags&post=176559"}],"curies":[{"name":"wp","href":"https:\/\/api.w.org\/{rel}","templated":true}]}}