{"id":176038,"date":"2024-01-23T15:13:33","date_gmt":"2024-01-23T14:13:33","guid":{"rendered":"https:\/\/kulturbloggen.com\/?p=176038"},"modified":"2024-01-23T15:14:56","modified_gmt":"2024-01-23T14:14:56","slug":"sveriges-forfattare-och-dramaten-ger-en-dag-med-fullt-fokus-pa-litteraturens-framtid","status":"publish","type":"post","link":"https:\/\/kulturbloggen.com\/?p=176038","title":{"rendered":"Sveriges f\u00f6rfattare och Dramaten arrangerar en dag med fullt fokus p\u00e5 litteraturens framtid"},"content":{"rendered":"<p><img loading=\"lazy\" decoding=\"async\" class=\"aligncenter size-full wp-image-176042\" src=\"https:\/\/kulturbloggen.com\/wp-content\/uploads\/2024\/01\/unnamed-8-2.jpg\" alt=\"\" width=\"576\" height=\"412\" srcset=\"https:\/\/kulturbloggen.com\/wp-content\/uploads\/2024\/01\/unnamed-8-2.jpg 576w, https:\/\/kulturbloggen.com\/wp-content\/uploads\/2024\/01\/unnamed-8-2-300x215.jpg 300w\" sizes=\"auto, (max-width: 576px) 100vw, 576px\" \/><\/p>\n<p>Sveriges F\u00f6rfattarf\u00f6rbund och Dramaten arrangerar en dag med fullt fokus p\u00e5 litteraturens framtid, ber\u00e4ttar ett pressmeddelande:<\/p>\n<p>L\u00e4sningar, samtal och debatt med bland andra dramatikern Suzanne Osten, f\u00f6rfattarna Kristina Sandberg och Nina W\u00e4h\u00e4 och sk\u00e5despelaren och f\u00f6rfattaren Jonas Karlsson. Litteraturens dag 2024 \u2013 Ordets kraft och bokens v\u00e4rde \u00e4ger rum den 5 mars 2024 p\u00e5 Lilla scenen.<\/p>\n<p>Litteraturens dag blir en eftermiddag och kv\u00e4ll med samtal om str\u00f6mningstj\u00e4nsternas konsekvenser f\u00f6r f\u00f6rfattarna, f\u00f6rlagen och bokmarknaden och om Sverige beh\u00f6ver en boklag som Norge och andra l\u00e4nder har. Bland mycket annat kommer det \u00e4ven att diskuteras hur AI p\u00e5verkar konsten och kulturen. Publiken f\u00e5r h\u00f6ra f\u00f6rfattaren och sk\u00e5despelaren Jonas Karlsson l\u00e4sa ur sin novellsamling Nya m\u00e4nniskor i fel ordning med AI-genererad r\u00f6st.<\/p>\n<p>\u2013 Boken \u00e4r h\u00e5rt pressad. L\u00e4sningen sjunker, bibliotek l\u00e4ggs ner och bokhandlarna f\u00f6rsvinner fr\u00e5n stadsbilden. Detta vill vi p\u00e5 olika s\u00e4tt belysa under dagen, s\u00e4ger Per Wirt\u00e9n fr\u00e5n Sveriges F\u00f6rfattarf\u00f6rbund.<\/p>\n<p>Fler \u00e4n trettio f\u00f6rfattare, journalister, sk\u00e5despelare, dramatiker, f\u00f6rl\u00e4ggare, bibliotekarier, \u00f6vers\u00e4ttare med flera medverkar. Bland dem m\u00e4rks: Judith Kiros, Hanna Nordenh\u00f6k, Lars Stranneg\u00e5rd, Stefan Jonsson, Grethe Rottb\u00f6ll, Jonas Axelsson, Lawen Redar, Kristina Sandberg, Erik Wikberg och Nina W\u00e4h\u00e4. Fr\u00e5n Norge kommer nationalbibliotekarien Aslak Sire Myhre som ofta beskrivs som mannen bakom den nya norska boklagen.<\/p>\n<p>Litteraturens dag 2024 \u2013 Ordets kraft och bokens v\u00e4rde \u00e4r uppdelad p\u00e5 tv\u00e5 delar:<br \/>\nDel 1 kl. 13.00-16.30 (med mingel och kaffepaus)<br \/>\nDel 2 kl. 18.00-20.00.<\/p>\n<p>Sveriges F\u00f6rfattarf\u00f6rbund bildades 1893 och \u00e4r en intresseorganisation f\u00f6r verksamma f\u00f6rfattare och \u00f6vers\u00e4ttare. F\u00f6rbundet arbetar med ekonomiska, juridiska och sociala fr\u00e5gor som r\u00f6r det litter\u00e4ra yrkesut\u00f6vandet. Litteraturens dag arrangerades f\u00f6r f\u00f6rsta g\u00e5ngen 2022 p\u00e5 Intima teatern i Stockholm.<\/p>\n","protected":false},"excerpt":{"rendered":"<p>Sveriges F\u00f6rfattarf\u00f6rbund och Dramaten arrangerar en dag med fullt fokus p\u00e5 litteraturens framtid, ber\u00e4ttar ett pressmeddelande: L\u00e4sningar, samtal och debatt med bland andra dramatikern Suzanne Osten, f\u00f6rfattarna Kristina Sandberg och Nina W\u00e4h\u00e4 och sk\u00e5despelaren och f\u00f6rfattaren Jonas Karlsson. Litteraturens dag 2024 \u2013 Ordets kraft och bokens v\u00e4rde \u00e4ger rum den 5 mars 2024 p\u00e5 Lilla [&hellip;]<\/p>\n","protected":false},"author":13,"featured_media":0,"comment_status":"closed","ping_status":"closed","sticky":false,"template":"","format":"standard","meta":{"_genesis_hide_title":false,"_genesis_hide_breadcrumbs":false,"_genesis_hide_singular_image":false,"_genesis_hide_footer_widgets":false,"_genesis_custom_body_class":"","_genesis_custom_post_class":"","_genesis_layout":"","footnotes":""},"categories":[3,13624],"tags":[1366,14795],"class_list":{"0":"post-176038","1":"post","2":"type-post","3":"status-publish","4":"format-standard","6":"category-litteratur","7":"category-toppnytt","8":"tag-dramaten","9":"tag-sveriges-forfattarforbund","10":"entry"},"_links":{"self":[{"href":"https:\/\/kulturbloggen.com\/index.php?rest_route=\/wp\/v2\/posts\/176038","targetHints":{"allow":["GET"]}}],"collection":[{"href":"https:\/\/kulturbloggen.com\/index.php?rest_route=\/wp\/v2\/posts"}],"about":[{"href":"https:\/\/kulturbloggen.com\/index.php?rest_route=\/wp\/v2\/types\/post"}],"author":[{"embeddable":true,"href":"https:\/\/kulturbloggen.com\/index.php?rest_route=\/wp\/v2\/users\/13"}],"replies":[{"embeddable":true,"href":"https:\/\/kulturbloggen.com\/index.php?rest_route=%2Fwp%2Fv2%2Fcomments&post=176038"}],"version-history":[{"count":5,"href":"https:\/\/kulturbloggen.com\/index.php?rest_route=\/wp\/v2\/posts\/176038\/revisions"}],"predecessor-version":[{"id":176045,"href":"https:\/\/kulturbloggen.com\/index.php?rest_route=\/wp\/v2\/posts\/176038\/revisions\/176045"}],"wp:attachment":[{"href":"https:\/\/kulturbloggen.com\/index.php?rest_route=%2Fwp%2Fv2%2Fmedia&parent=176038"}],"wp:term":[{"taxonomy":"category","embeddable":true,"href":"https:\/\/kulturbloggen.com\/index.php?rest_route=%2Fwp%2Fv2%2Fcategories&post=176038"},{"taxonomy":"post_tag","embeddable":true,"href":"https:\/\/kulturbloggen.com\/index.php?rest_route=%2Fwp%2Fv2%2Ftags&post=176038"}],"curies":[{"name":"wp","href":"https:\/\/api.w.org\/{rel}","templated":true}]}}