{"id":175647,"date":"2024-01-13T13:03:16","date_gmt":"2024-01-13T12:03:16","guid":{"rendered":"https:\/\/kulturbloggen.com\/?p=175647"},"modified":"2024-01-13T13:03:17","modified_gmt":"2024-01-13T12:03:17","slug":"filmrecension-the-eternal-memory","status":"publish","type":"post","link":"https:\/\/kulturbloggen.com\/?p=175647","title":{"rendered":"Filmrecension: The Eternal Memory"},"content":{"rendered":"<p><img loading=\"lazy\" decoding=\"async\" class=\"aligncenter size-full wp-image-175654\" src=\"https:\/\/kulturbloggen.com\/wp-content\/uploads\/2024\/01\/eternal.jpg\" alt=\"\" width=\"440\" height=\"650\" srcset=\"https:\/\/kulturbloggen.com\/wp-content\/uploads\/2024\/01\/eternal.jpg 440w, https:\/\/kulturbloggen.com\/wp-content\/uploads\/2024\/01\/eternal-203x300.jpg 203w\" sizes=\"auto, (max-width: 440px) 100vw, 440px\" \/><\/p>\n<p>The Eternal Memory<br \/>\nBetyg 3<br \/>\nSvensk biopremi\u00e4r 19 januari 2024<br \/>\nRegi Maite Alberdi<\/p>\n<p>En ber\u00f6rande film om att leva med n\u00e5gon vars minne f\u00f6rsvinner. Men den \u00e4r inte bara m\u00f6rk utan skildrar en k\u00e4rlek som inte ger sig och visar hur det trots allt g\u00e5r att fylla p\u00e5 minnena och g\u00f6ra dem levande, \u00e5tminstone f\u00f6r en stund. Denna ber\u00e4ttelse har ytterligare ett engagerande djup i sig d\u00e5 flera av Augustos minnen handlar om hans tid som journalist d\u00e5 han som chilenare rapporterade om milit\u00e4rkuppen av Pinochet och allt de mord p\u00e5 civilbefolkningen som Pinochets milit\u00e4rmaskin l\u00e5t bakom.<\/p>\n<p>Paulina och Augusto har varit tillsammans i 23 \u00e5r. De tr\u00e4ffades n\u00e4r de var medel\u00e5lders. Nu har Augusto drabbats av Alzheimers och mer och mer av hans minne f\u00f6rsvinner. Vissa dagar vet han inte ens vem Paulina, hans fru \u00e4r. Paulina har varit kulturminister och sk\u00e5despelare, Augusto jobbade m\u00e5nga \u00e5r som TV-journalist. De blor i ett vackert hus som de byggt tillsammans f\u00f6r m\u00e5nga \u00e5r sedan och huset \u00e4r fyllt med minnen som Augusto l\u00e5ngsamt gl\u00f6mmer. <\/p>\n<p>Paulina har en \u00e4ngels t\u00e5lamod. Trots att Augusto en del dagar inte ens vet vem hon \u00e4r s\u00e5 stannar hon vid hans sida och f\u00f6rs\u00f6ker hela tiden hj\u00e4lpa honom att minnas m\u00e4nniskor och h\u00e4ndelser ur hans liv. Det \u00e4r vackert och starkt ber\u00f6rande. En del av inspelningen \u00e4r gjord under covid 19-pandemin och de kan d\u00e4rf\u00f6r inte tr\u00e4ffa hans barn eller andra v\u00e4nner. De f\u00e5r sk\u00f6ta kameran sj\u00e4lv emellan\u00e5t ocks\u00e5 under pandemin.<\/p>\n<p>Det \u00e4r nog ovanligt att en anh\u00f6rig klarar att ta hand om n\u00e5gon som har s\u00e5 h\u00f6g grad av Alzheimers eller att de ens har r\u00e5d att ta hand om dem. Jag t\u00e4nker att denna dokument\u00e4ra film borde kunna ses av beslutsfattare inom \u00e4ldrev\u00e5rd. Kanske kunde man g\u00f6ra livet b\u00e4ttre f\u00f6r m\u00e5nga med demenssjukdomar om anh\u00f6riga kunde f\u00e5 st\u00f6d att hj\u00e4lpa den drabbade med att minnas, bland annat med foton och filmklipp.<\/p>\n<p>En del av filmen jag g\u00e4rna sett mer av \u00e4r det som skildrar Chile under tiden d\u00e5 Pinochet h\u00e4rjade. Det var en fruktansv\u00e4rd tid f\u00f6r de som bodde i Chile. En del lyckades fly och i Sverige har vi en hel del chilenare som flydde f\u00f6r sina liv under den tiden. Jag skulle v\u00e4lkomna en dokument\u00e4r om den tiden.<\/p>\n<p>Jag har viss tveksamhet kring hur \u00e4r det \u00e4r att visa en m\u00e4nniska som drabbats av Alzheimers. Augusto \u00e4r helt klart med p\u00e5 att bli filmad, men hur mycket medveten \u00e4r han om vad som sker? Jag vet inte vad jag tycker kring det. Han hade arbetat m\u00e5nga \u00e5r som TV-journalist och kanske \u00e4r det d\u00e4rf\u00f6r helt naturligt f\u00f6r honom att ocks\u00e5 v\u00e5ga och vilja visa sig som dement.<\/p>\n<p>Denna dokument\u00e4r \u00e4r \u00e4nd\u00e5 imponerande och k\u00e4nns i magen. Det \u00e4r s\u00e5 vackert att se Paulina och Augustos k\u00e4rlek trots demensen och det \u00e4r tydligt att det finns s\u00e4tt att prata och minnas tillsammans som kan g\u00f6ra en s\u00e5dan tid l\u00e4ttare.<\/p>\n<p>Filmen vann id Sundance Film Festival och den vann Bronsh\u00e4sten f\u00f6r b\u00e4sta dokument\u00e4rfilm vid Stockholm filmfestival. Regiss\u00f6ren Maite Alberdi Oscarsnominerades \u00e5r 2021 f\u00f6r hennes dokument\u00e4r \u00c5ldrade spion.<\/p>\n<p><iframe loading=\"lazy\" title=\"YouTube video player\" src=\"https:\/\/www.youtube.com\/embed\/uBNJz7_tr_k?si=5i9a3Zb1tC_EUlVs\" width=\"560\" height=\"315\" frameborder=\"0\" allowfullscreen=\"allowfullscreen\"><\/iframe><\/p>\n","protected":false},"excerpt":{"rendered":"<p>The Eternal Memory Betyg 3 Svensk biopremi\u00e4r 19 januari 2024 Regi Maite Alberdi En ber\u00f6rande film om att leva med n\u00e5gon vars minne f\u00f6rsvinner. Men den \u00e4r inte bara m\u00f6rk utan skildrar en k\u00e4rlek som inte ger sig och visar hur det trots allt g\u00e5r att fylla p\u00e5 minnena och g\u00f6ra dem levande, \u00e5tminstone f\u00f6r [&hellip;]<\/p>\n","protected":false},"author":2,"featured_media":0,"comment_status":"closed","ping_status":"closed","sticky":false,"template":"","format":"standard","meta":{"_genesis_hide_title":false,"_genesis_hide_breadcrumbs":false,"_genesis_hide_singular_image":false,"_genesis_hide_footer_widgets":false,"_genesis_custom_body_class":"","_genesis_custom_post_class":"","_genesis_layout":"","footnotes":""},"categories":[50,51,16,20,13624],"tags":[14784,982,1728,1738],"class_list":{"0":"post-175647","1":"post","2":"type-post","3":"status-publish","4":"format-standard","6":"category-filmfilm","7":"category-filmer","8":"category-recension","9":"category-film","10":"category-toppnytt","11":"tag-alzheimers","12":"tag-chile","13":"tag-filmkritik","14":"tag-filmrecension","15":"entry"},"_links":{"self":[{"href":"https:\/\/kulturbloggen.com\/index.php?rest_route=\/wp\/v2\/posts\/175647","targetHints":{"allow":["GET"]}}],"collection":[{"href":"https:\/\/kulturbloggen.com\/index.php?rest_route=\/wp\/v2\/posts"}],"about":[{"href":"https:\/\/kulturbloggen.com\/index.php?rest_route=\/wp\/v2\/types\/post"}],"author":[{"embeddable":true,"href":"https:\/\/kulturbloggen.com\/index.php?rest_route=\/wp\/v2\/users\/2"}],"replies":[{"embeddable":true,"href":"https:\/\/kulturbloggen.com\/index.php?rest_route=%2Fwp%2Fv2%2Fcomments&post=175647"}],"version-history":[{"count":16,"href":"https:\/\/kulturbloggen.com\/index.php?rest_route=\/wp\/v2\/posts\/175647\/revisions"}],"predecessor-version":[{"id":175676,"href":"https:\/\/kulturbloggen.com\/index.php?rest_route=\/wp\/v2\/posts\/175647\/revisions\/175676"}],"wp:attachment":[{"href":"https:\/\/kulturbloggen.com\/index.php?rest_route=%2Fwp%2Fv2%2Fmedia&parent=175647"}],"wp:term":[{"taxonomy":"category","embeddable":true,"href":"https:\/\/kulturbloggen.com\/index.php?rest_route=%2Fwp%2Fv2%2Fcategories&post=175647"},{"taxonomy":"post_tag","embeddable":true,"href":"https:\/\/kulturbloggen.com\/index.php?rest_route=%2Fwp%2Fv2%2Ftags&post=175647"}],"curies":[{"name":"wp","href":"https:\/\/api.w.org\/{rel}","templated":true}]}}