{"id":17551,"date":"2010-02-10T00:50:53","date_gmt":"2010-02-09T23:50:53","guid":{"rendered":"http:\/\/kulturbloggen.com\/?p=17551"},"modified":"2010-02-10T00:50:53","modified_gmt":"2010-02-09T23:50:53","slug":"kan-sociala-media-hjalpa-folkpartiet-i-valet","status":"publish","type":"post","link":"https:\/\/kulturbloggen.com\/?p=17551","title":{"rendered":"Kan sociala media hj\u00e4lpa Folkpartiet i valet?"},"content":{"rendered":"<p><a title=\"Svesnak Dagbladet\" href=\"http:\/\/www.svd.se\/nyheter\/inrikes\/fps-valprogram-skapas-pa-bloggen_4237411.svd\">Ett dj\u00e4rvt grep at l\u00e4mna \u00f6ver programskrivandet till internetpubliken<\/a>.<\/p>\n<p>Fram till den 7 mars \u00e4r det fritt fram f\u00f6r stockholmarna att diskutera<\/p>\n<p>P\u00e5 bloggen ligger ett f\u00f6rslag till program i 16 punkter, som vem som helst kan diskutera. \u00c4ven f\u00f6r sympatis\u00f6rer med andra partier \u00e4r det fritt fram p\u00e5 partiets blogg.<\/p>\n<p>Det h\u00e4r valet kommer att bli genombrottet f\u00f6r sociala media i svensk valr\u00f6relse. F\u00f6rhoppningarna \u00e4r stora oh det \u00e4r Obamas valkampanj som \u00e4r f\u00f6rebilden.<\/p>\n<p><a href=\"http:\/\/kulturbloggen.com\/wp-content\/uploads\/2010\/02\/tweethudson.png\"><img loading=\"lazy\" decoding=\"async\" class=\"aligncenter size-medium wp-image-17552\" title=\"tweethudson\" src=\"http:\/\/kulturbloggen.com\/wp-content\/uploads\/2010\/02\/tweethudson-300x127.png\" alt=\"tweethudson\" width=\"300\" height=\"127\" \/><\/a><\/p>\n<p>Ett tips, gl\u00f6m inte politiken. Annars blir det bara marknadsf\u00f6ring. Det \u00e4r alltid trist i ett val eftersom vi alla vill has var p\u00e5 viktiga politiska fr\u00e5gor. Internet oh socala media kommer inte att ers\u00e4tta det.<\/p>\n<p>Partier som inte har svar p\u00e5 oron f\u00f6r arbetsl\u00f6shet och den social tryggheten kommer inte att vinna po\u00e4ng. Hur moderna de \u00e4n \u00e4r.<\/p>\n<p>Det \u00e4r min f\u00f6ruts\u00e4gelse.<\/p>\n<p><a href=\"http:\/\/intressant.se\/intressant\">intressant?<\/a> L\u00e4s \u00e4ven andra bloggares \u00e5sikter om <a rel=\"tag\" href=\"http:\/\/bloggar.se\/om\/val\">val<\/a>, <a rel=\"tag\" href=\"http:\/\/bloggar.se\/om\/sociala+medier\">sociala medier<\/a>, <a rel=\"tag\" href=\"http:\/\/bloggar.se\/om\/Obama\">Obama<\/a>, <a rel=\"tag\" href=\"http:\/\/bloggar.se\/om\/politik\">politik<\/a>, <a rel=\"tag\" href=\"http:\/\/bloggar.se\/om\/webben\">webben<\/a>, <a rel=\"tag\" href=\"http:\/\/bloggar.se\/om\/internet\">internet<\/a><\/p>\n","protected":false},"excerpt":{"rendered":"<p>Ett dj\u00e4rvt grep at l\u00e4mna \u00f6ver programskrivandet till internetpubliken. Fram till den 7 mars \u00e4r det fritt fram f\u00f6r stockholmarna att diskutera P\u00e5 bloggen ligger ett f\u00f6rslag till program i 16 punkter, som vem som helst kan diskutera. \u00c4ven f\u00f6r sympatis\u00f6rer med andra partier \u00e4r det fritt fram p\u00e5 partiets blogg. Det h\u00e4r valet kommer [&hellip;]<\/p>\n","protected":false},"author":13,"featured_media":0,"comment_status":"open","ping_status":"open","sticky":false,"template":"","format":"standard","meta":{"_genesis_hide_title":false,"_genesis_hide_breadcrumbs":false,"_genesis_hide_singular_image":false,"_genesis_hide_footer_widgets":false,"_genesis_custom_body_class":"","_genesis_custom_post_class":"","_genesis_layout":"","footnotes":""},"categories":[20],"tags":[2512,4100,12284,5225,6161,6365],"class_list":{"0":"post-17551","1":"post","2":"type-post","3":"status-publish","4":"format-standard","6":"category-film","7":"tag-internet","8":"tag-obama","9":"tag-politik","10":"tag-sociala-medier","11":"tag-val","12":"tag-webben","13":"entry"},"_links":{"self":[{"href":"https:\/\/kulturbloggen.com\/index.php?rest_route=\/wp\/v2\/posts\/17551","targetHints":{"allow":["GET"]}}],"collection":[{"href":"https:\/\/kulturbloggen.com\/index.php?rest_route=\/wp\/v2\/posts"}],"about":[{"href":"https:\/\/kulturbloggen.com\/index.php?rest_route=\/wp\/v2\/types\/post"}],"author":[{"embeddable":true,"href":"https:\/\/kulturbloggen.com\/index.php?rest_route=\/wp\/v2\/users\/13"}],"replies":[{"embeddable":true,"href":"https:\/\/kulturbloggen.com\/index.php?rest_route=%2Fwp%2Fv2%2Fcomments&post=17551"}],"version-history":[{"count":0,"href":"https:\/\/kulturbloggen.com\/index.php?rest_route=\/wp\/v2\/posts\/17551\/revisions"}],"wp:attachment":[{"href":"https:\/\/kulturbloggen.com\/index.php?rest_route=%2Fwp%2Fv2%2Fmedia&parent=17551"}],"wp:term":[{"taxonomy":"category","embeddable":true,"href":"https:\/\/kulturbloggen.com\/index.php?rest_route=%2Fwp%2Fv2%2Fcategories&post=17551"},{"taxonomy":"post_tag","embeddable":true,"href":"https:\/\/kulturbloggen.com\/index.php?rest_route=%2Fwp%2Fv2%2Ftags&post=17551"}],"curies":[{"name":"wp","href":"https:\/\/api.w.org\/{rel}","templated":true}]}}