{"id":175322,"date":"2024-01-06T08:31:23","date_gmt":"2024-01-06T07:31:23","guid":{"rendered":"https:\/\/kulturbloggen.com\/?p=175322"},"modified":"2024-01-06T08:35:07","modified_gmt":"2024-01-06T07:35:07","slug":"blekinges-aldsta-nyarsrevy-gor-ingen-besviken-civilkurage-nummerrevy-med-bade-skratt-och-klassisk-bondkomik","status":"publish","type":"post","link":"https:\/\/kulturbloggen.com\/?p=175322","title":{"rendered":"Blekinges \u00e4ldsta ny\u00e5rsrevy g\u00f6r ingen besviken &#8211; Civilkurage &#8211; nummerrevy med b\u00e5de skratt och klassisk bondkomik"},"content":{"rendered":"\n<figure class=\"wp-block-image size-full\"><img loading=\"lazy\" decoding=\"async\" width=\"650\" height=\"500\" src=\"https:\/\/kulturbloggen.com\/wp-content\/uploads\/2024\/01\/strangamala2024.jpg\" alt=\"\" class=\"wp-image-175321\" srcset=\"https:\/\/kulturbloggen.com\/wp-content\/uploads\/2024\/01\/strangamala2024.jpg 650w, https:\/\/kulturbloggen.com\/wp-content\/uploads\/2024\/01\/strangamala2024-300x231.jpg 300w\" sizes=\"auto, (max-width: 650px) 100vw, 650px\" \/><figcaption class=\"wp-element-caption\">Klassisk bondkomik i Civilkurage h\u00e4r med Ola \u00d6dman och Stig Augustsson som karakt\u00e4rerna &#8221;Greta och Doris&#8221; som bed\u00f6mer Biltema i Ronnebys cafeteriasortiment.<\/figcaption><\/figure>\n\n\n\n<p><\/p>\n\n\n\n<p>Str\u00e5ngam\u00e5larevyn 2024, Civilkurage <\/p>\n\n\n\n<p>Betyg: 5<\/p>\n\n\n\n<p>Medverkande:<\/p>\n\n\n\n<p>Sk\u00e5despelare:<\/p>\n\n\n\n<p>Ellinor Andersson, Lotta Frid, Ola \u00d6dman, Stig Augustsson, Klara Dahlin och Bastian Mellberg.<\/p>\n\n\n\n<p>Premi\u00e4r: Fredag 5 januari kl 18.30, Str\u00e5ngam\u00e5la medborgarlokal, 8 km norr om Br\u00e4kne-Hoby, Ramsj\u00f6torpsv\u00e4gen 1<\/p>\n\n\n\n<p>\u00d6vriga f\u00f6rest\u00e4llningar:<\/p>\n\n\n\n<p>L\u00f6rdag 6 januari kl 15.00<br>Fredag 12 januari kl 18.30<br>L\u00f6rdag 13 januari kl 15.00 + 18.30<br>Fredag 26 januari kl 18.30<br>L\u00f6rdag 27 januari kl 15.00 + 18.30<br>Fredag 2 februari kl 18.30<br>L\u00f6rdag 3 februari kl 15.00<\/p>\n\n\n\n<p>N\u00e4r det \u00e4r dags f\u00f6r Blekinges \u00e4ldsta ny\u00e5rsrevy att ha premi\u00e4r i Str\u00e5ngam\u00e5la medborgarlokal f\u00f6r 38:e g\u00e5ngen, d\u00e5 vet man att det kommer att levereras en nummerrevy av klassisk sort och bondkomik i alla dess former och varianter. Den 5 januari kl 18.30 hade Str\u00e5ngam\u00e5larevyn premi\u00e4r. \u00c5rets upplaga g\u00e5r under namnet \u201dCivilkurage\u201d. Namnet p\u00e5 \u00e5rets f\u00f6rest\u00e4llning kommer fr\u00e5n civilberedskap som \u00e4r h\u00f6gaktuellt i dessa tider av krig i Europa, allvarlig underton men som Str\u00e5ngam\u00e5larevyn vill g\u00f6ra lite roligare och det lyckas man med h\u00e4r. <\/p>\n\n\n\n<p>F\u00f6r Str\u00e5ngam\u00e5larevyn anno 2024 har blivit en informationscentral, det \u00e4r ju ett st\u00e4lle dit man kan f\u00e5 g\u00e5 f\u00f6r att f\u00e5 reda p\u00e5 vad man b\u00f6r ha hemma i kristider. Men det \u00e4r med en klockren humoristisk knorr p\u00e5 numren och jo d\u00e5, munnen den ler b\u00e5de brett och skrattar g\u00f6r man tillsammans med publiken vilket ger den inramning som en ny\u00e5rsrevy ska ha. Sammanlagt best\u00e5r ensemblen av sex personer p\u00e5 scenen och ett revyband p\u00e5 fyra personer, ut\u00f6ver tv\u00e5 som har hand om ljud och ljus. <\/p>\n\n\n\n<p>Det som \u00e4r ett tydligt k\u00e4nnetecken f\u00f6r Str\u00e5ngam\u00e5larevyn \u00e4r att man varvar numren med mycket musik och \u00e5rets ny\u00e5rsrevy \u00e4r inget undantag, n\u00e5got som g\u00f6r att helhetsintrycket blir mycket bra. \u00c5ldern p\u00e5 ensemblens medlemmar \u00e4r bred, de sex p\u00e5 Str\u00e5ngam\u00e5larevyns scen \u00e4r mellan 15-64 \u00e5r. Vilket borgar gott f\u00f6r framtiden, med stor sannolikhet kommer skrattsalvorna att hagla i Str\u00e5ngam\u00e5la vart ny\u00e5r \u00e4ven fram\u00f6ver. Det som \u00e4r befriande, \u00e4r att man kan s\u00e4tta upp en ny\u00e5rsrevy utan att str\u00f6ssla med sk\u00e4mt om k\u00e4ndisar och politiska skandaler. <\/p>\n\n\n\n<p>Man kan faktiskt s\u00e4ga att Str\u00e5ngam\u00e5larevyn \u00e4r lite mer universiella. Till exempel vem som vill ta hand om en \u00f6verfl\u00f6dig katt eller om de nysvenska: de f\u00f6rv\u00e4xlingar som uppst\u00e5r n\u00e4r man \u201djiddrar\u201d med spr\u00e5ket. Eller att vi svenskar nu pl\u00f6tsligt ska ha civil beredskap och hamstra konserver, ha radio med batterier med mera l\u00e4tt tillg\u00e4ngligt hemma. Man sk\u00e4mtar ocks\u00e5 om del av allt det tokiga som sker hos grannarna. <\/p>\n\n\n\n<p>Som \u201dcaf\u00e9-kartellen i Br\u00e4kne Hoby\u201d eller Biltemas etablering i Ronneby. Butikskedjan \u00e4r ju k\u00e4nd som ett \u201dgubbdagis\u201d och dit s\u00f6ker sig den gamla korvsugna duon Doris och Greta f\u00f6r att inventera best\u00e5ndet i cafeterian. Med extra br\u00f6d i handv\u00e4skorna s\u00e5 klart, man vet ju aldrig eller hur? Allt detta ger upphov till m\u00e5nga roliga, \u00f6gonblickliga missf\u00f6rst\u00e5nd i en klassisk lokalt f\u00f6rankrad ny\u00e5rsrevy. <\/p>\n\n\n\n<p>F\u00f6r tanken \u00e4r att det ska vara skratt direkt fr\u00e5n oss i publiken, vilket det blir flera g\u00e5nger under kv\u00e4llen. Och vi beh\u00f6ver skratta tillsammans i tider som dessa med det nyhetsfl\u00f6de vi m\u00f6ts av b\u00e5de inrikes och utrikes. Str\u00e5ngam\u00e5larevyn f\u00f6rs\u00f6ker inte vara underfundiga, man beh\u00f6ver inte v\u00e4nta tv\u00e5 veckor p\u00e5 skratten eftersom det \u00e4r mer bondkomik h\u00e4r i Str\u00e5ngam\u00e5larevyn, j\u00e4mf\u00f6rt med storst\u00e4dernas ny\u00e5rsrevyer.  <\/p>\n\n\n\n<p>\u00c5rets revy \u00e4r n\u00e4ra p\u00e5 redan sluts\u00e5ld, men det finns chans att f\u00e5 tag p\u00e5 biljetter och jag rekommenderar varmt \u00e5rets <a href=\"https:\/\/www.visitblekinge.se\/strangamalarevyn-civilkurage\">Str\u00e5ngam\u00e5larevy<\/a>. Som \u00e5terigen lyckas f\u00e5 ihop det med klassisk bondkomik v\u00e4l f\u00f6rankrad i den blekingska myllan och skratten fr\u00e5n publiken g\u00f6r att det blir den helhet som en ny\u00e5rsrevy ska ha. <\/p>\n\n\n\n<figure class=\"wp-block-image size-full\"><img loading=\"lazy\" decoding=\"async\" width=\"488\" height=\"650\" src=\"https:\/\/kulturbloggen.com\/wp-content\/uploads\/2024\/01\/410916817_712414971031836_2147238725013036583_n.jpg\" alt=\"\" class=\"wp-image-175336\" srcset=\"https:\/\/kulturbloggen.com\/wp-content\/uploads\/2024\/01\/410916817_712414971031836_2147238725013036583_n.jpg 488w, https:\/\/kulturbloggen.com\/wp-content\/uploads\/2024\/01\/410916817_712414971031836_2147238725013036583_n-225x300.jpg 225w\" sizes=\"auto, (max-width: 488px) 100vw, 488px\" \/><\/figure>\n","protected":false},"excerpt":{"rendered":"<p>Str\u00e5ngam\u00e5larevyn 2024, Civilkurage Betyg: 5 Medverkande: Sk\u00e5despelare: Ellinor Andersson, Lotta Frid, Ola \u00d6dman, Stig Augustsson, Klara Dahlin och Bastian Mellberg. Premi\u00e4r: Fredag 5 januari kl 18.30, Str\u00e5ngam\u00e5la medborgarlokal, 8 km norr om Br\u00e4kne-Hoby, Ramsj\u00f6torpsv\u00e4gen 1 \u00d6vriga f\u00f6rest\u00e4llningar: L\u00f6rdag 6 januari kl 15.00Fredag 12 januari kl 18.30L\u00f6rdag 13 januari kl 15.00 + 18.30Fredag 26 januari kl [&hellip;]<\/p>\n","protected":false},"author":57,"featured_media":0,"comment_status":"closed","ping_status":"closed","sticky":false,"template":"","format":"standard","meta":{"_genesis_hide_title":false,"_genesis_hide_breadcrumbs":false,"_genesis_hide_singular_image":false,"_genesis_hide_footer_widgets":false,"_genesis_custom_body_class":"","_genesis_custom_post_class":"","_genesis_layout":"","footnotes":""},"categories":[16,20,30,31,13624],"tags":[13006,14496,14773,14774,13161,4946,14495,7643,12289],"class_list":{"0":"post-175322","1":"post","2":"type-post","3":"status-publish","4":"format-standard","6":"category-recension","7":"category-film","8":"category-teater","9":"category-teaterrecension","10":"category-toppnytt","11":"tag-blekinge","12":"tag-brakne-hoby","13":"tag-civilkurage","14":"tag-nummerrevy","15":"tag-nyarsrevy","16":"tag-satir","17":"tag-strangamalarevyn","18":"tag-teaterkritik","19":"tag-teaterrecension","20":"entry"},"_links":{"self":[{"href":"https:\/\/kulturbloggen.com\/index.php?rest_route=\/wp\/v2\/posts\/175322","targetHints":{"allow":["GET"]}}],"collection":[{"href":"https:\/\/kulturbloggen.com\/index.php?rest_route=\/wp\/v2\/posts"}],"about":[{"href":"https:\/\/kulturbloggen.com\/index.php?rest_route=\/wp\/v2\/types\/post"}],"author":[{"embeddable":true,"href":"https:\/\/kulturbloggen.com\/index.php?rest_route=\/wp\/v2\/users\/57"}],"replies":[{"embeddable":true,"href":"https:\/\/kulturbloggen.com\/index.php?rest_route=%2Fwp%2Fv2%2Fcomments&post=175322"}],"version-history":[{"count":17,"href":"https:\/\/kulturbloggen.com\/index.php?rest_route=\/wp\/v2\/posts\/175322\/revisions"}],"predecessor-version":[{"id":175341,"href":"https:\/\/kulturbloggen.com\/index.php?rest_route=\/wp\/v2\/posts\/175322\/revisions\/175341"}],"wp:attachment":[{"href":"https:\/\/kulturbloggen.com\/index.php?rest_route=%2Fwp%2Fv2%2Fmedia&parent=175322"}],"wp:term":[{"taxonomy":"category","embeddable":true,"href":"https:\/\/kulturbloggen.com\/index.php?rest_route=%2Fwp%2Fv2%2Fcategories&post=175322"},{"taxonomy":"post_tag","embeddable":true,"href":"https:\/\/kulturbloggen.com\/index.php?rest_route=%2Fwp%2Fv2%2Ftags&post=175322"}],"curies":[{"name":"wp","href":"https:\/\/api.w.org\/{rel}","templated":true}]}}