{"id":17491,"date":"2010-02-08T11:15:33","date_gmt":"2010-02-08T10:15:33","guid":{"rendered":"http:\/\/kulturbloggen.com\/?p=17491"},"modified":"2010-02-08T11:15:33","modified_gmt":"2010-02-08T10:15:33","slug":"willy-clay-band-pa-sverigeturne-har-kan-du-se-nar-de-kommer-till-din-ort","status":"publish","type":"post","link":"https:\/\/kulturbloggen.com\/?p=17491","title":{"rendered":"Willy Clay band p\u00e5 Sverigeturn\u00e9 &#8211; h\u00e4r kan du se n\u00e4r de kommer till din ort"},"content":{"rendered":"<p><a href=\"http:\/\/kulturbloggen.com\/wp-content\/uploads\/2010\/02\/willyclayband.jpg\"><img loading=\"lazy\" decoding=\"async\" src=\"http:\/\/kulturbloggen.com\/wp-content\/uploads\/2010\/02\/willyclayband-300x199.jpg\" alt=\"willyclayband\" title=\"willyclayband\" width=\"300\" height=\"199\" class=\"aligncenter size-medium wp-image-17492\" \/><\/a><br \/>\nOm du har fastnat det svenska succ\u00e9countrybandet Willy Clay Band kanske du har chansen att se dem live.<br \/>\nBandet har \u00e5kt p\u00e5 Sverigeturn\u00e9.<\/p>\n<p>H\u00e4r \u00e4r ett pressutskick om bandet och dess turn\u00e9 (som sagt, pressutskick \u00e4r alltid skrivet extremt s\u00e4ljande):<\/p>\n<p>Efter starka framtr\u00e4danden i SVT:s Go&#8217;Kv\u00e4ll och TV4 Nyhetsmorgon fors\u00e4tter listframg\u00e5ngarna f\u00f6r Willy Clay Band. Att de \u00e4r ett band som av m\u00e5nga anses vara fullst\u00e4ndigt makal\u00f6sa live blir desto mer uppenbart n\u00e4r de under sin p\u00e5g\u00e5ende Sverigeturn\u00e9 kliver upp p\u00e5 svenska albumlistans 16:e plats och nu \u00e4r det dags f\u00f6r Svensktoppen. Singeln \u00bbMighty Good Time\u00ab gick in p\u00e5 plats nummer \u00e5tta.<br \/>\nOch den framg\u00e5ngsrika turn\u00e9n forts\u00e4tter!<\/p>\n<p>10 februari Pite\u00e5, Krokodil<br \/>\n11 februari Lule\u00e5, Kulturens hus<br \/>\n12 februari Ume\u00e5, Scharinska<br \/>\n13 februari Kiruna, Folkets hus<\/p>\n<p>16 februari Oslo, Herr Nilsen<br \/>\n17 februari Halden, Erlandsens Konditori<br \/>\n18 februari Uddevalla, Mortens krog<br \/>\n19 februari Malm\u00f6, Babel<br \/>\n20 februari Link\u00f6ping, Konsert &#038; Kongress<\/p>\n<p><object width=\"425\" height=\"344\"><param name=\"movie\" value=\"http:\/\/www.youtube.com\/v\/N8hvVGh9KGU&#038;hl=sv_SE&#038;fs=1&#038;\"><\/param><param name=\"allowFullScreen\" value=\"true\"><\/param><param name=\"allowscriptaccess\" value=\"always\"><\/param><embed src=\"http:\/\/www.youtube.com\/v\/N8hvVGh9KGU&#038;hl=sv_SE&#038;fs=1&#038;\" type=\"application\/x-shockwave-flash\" allowscriptaccess=\"always\" allowfullscreen=\"true\" width=\"425\" height=\"344\"><\/embed><\/object><\/p>\n<p>L\u00e4s \u00e4ven andra bloggares \u00e5sikter om <a href=\"http:\/\/bloggar.se\/om\/country\" rel=\"tag\">country<\/a>, <a href=\"http:\/\/bloggar.se\/om\/Sverigeturn%E9\" rel=\"tag\">Sverigeturn\u00e9<\/a>, <a href=\"http:\/\/bloggar.se\/om\/musik\" rel=\"tag\">musik<\/a>, <a href=\"http:\/\/bloggar.se\/om\/Willy+Clay+Band\" rel=\"tag\">Willy Clay Band<\/a><\/p>\n","protected":false},"excerpt":{"rendered":"<p>Om du har fastnat det svenska succ\u00e9countrybandet Willy Clay Band kanske du har chansen att se dem live. Bandet har \u00e5kt p\u00e5 Sverigeturn\u00e9. H\u00e4r \u00e4r ett pressutskick om bandet och dess turn\u00e9 (som sagt, pressutskick \u00e4r alltid skrivet extremt s\u00e4ljande): Efter starka framtr\u00e4danden i SVT:s Go&#8217;Kv\u00e4ll och TV4 Nyhetsmorgon fors\u00e4tter listframg\u00e5ngarna f\u00f6r Willy Clay Band. [&hellip;]<\/p>\n","protected":false},"author":13,"featured_media":0,"comment_status":"open","ping_status":"open","sticky":false,"template":"","format":"standard","meta":{"_genesis_hide_title":false,"_genesis_hide_breadcrumbs":false,"_genesis_hide_singular_image":false,"_genesis_hide_footer_widgets":false,"_genesis_custom_body_class":"","_genesis_custom_post_class":"","_genesis_layout":"","footnotes":""},"categories":[7],"tags":[1065,12282,5539],"class_list":{"0":"post-17491","1":"post","2":"type-post","3":"status-publish","4":"format-standard","6":"category-musik","7":"tag-country","8":"tag-musik","9":"tag-sverigeturne","10":"entry"},"_links":{"self":[{"href":"https:\/\/kulturbloggen.com\/index.php?rest_route=\/wp\/v2\/posts\/17491","targetHints":{"allow":["GET"]}}],"collection":[{"href":"https:\/\/kulturbloggen.com\/index.php?rest_route=\/wp\/v2\/posts"}],"about":[{"href":"https:\/\/kulturbloggen.com\/index.php?rest_route=\/wp\/v2\/types\/post"}],"author":[{"embeddable":true,"href":"https:\/\/kulturbloggen.com\/index.php?rest_route=\/wp\/v2\/users\/13"}],"replies":[{"embeddable":true,"href":"https:\/\/kulturbloggen.com\/index.php?rest_route=%2Fwp%2Fv2%2Fcomments&post=17491"}],"version-history":[{"count":0,"href":"https:\/\/kulturbloggen.com\/index.php?rest_route=\/wp\/v2\/posts\/17491\/revisions"}],"wp:attachment":[{"href":"https:\/\/kulturbloggen.com\/index.php?rest_route=%2Fwp%2Fv2%2Fmedia&parent=17491"}],"wp:term":[{"taxonomy":"category","embeddable":true,"href":"https:\/\/kulturbloggen.com\/index.php?rest_route=%2Fwp%2Fv2%2Fcategories&post=17491"},{"taxonomy":"post_tag","embeddable":true,"href":"https:\/\/kulturbloggen.com\/index.php?rest_route=%2Fwp%2Fv2%2Ftags&post=17491"}],"curies":[{"name":"wp","href":"https:\/\/api.w.org\/{rel}","templated":true}]}}