{"id":174897,"date":"2023-12-21T11:17:06","date_gmt":"2023-12-21T10:17:06","guid":{"rendered":"https:\/\/kulturbloggen.com\/?p=174897"},"modified":"2023-12-21T11:17:07","modified_gmt":"2023-12-21T10:17:07","slug":"rafaat-hekmat-poet-och-novellist-fran-syrien-ar-ny-fristadskonstnar-i-stockholm","status":"publish","type":"post","link":"https:\/\/kulturbloggen.com\/?p=174897","title":{"rendered":"Rafaat Hekmat, poet och novellist fr\u00e5n Syrien, \u00e4r ny fristadskonstn\u00e4r i Stockholm"},"content":{"rendered":"<p><img loading=\"lazy\" decoding=\"async\" class=\"aligncenter size-full wp-image-174902\" src=\"https:\/\/kulturbloggen.com\/wp-content\/uploads\/2023\/12\/unnamed-3.jpg\" alt=\"\" width=\"650\" height=\"397\" srcset=\"https:\/\/kulturbloggen.com\/wp-content\/uploads\/2023\/12\/unnamed-3.jpg 650w, https:\/\/kulturbloggen.com\/wp-content\/uploads\/2023\/12\/unnamed-3-300x183.jpg 300w\" sizes=\"auto, (max-width: 650px) 100vw, 650px\" \/><\/p>\n<p>Rafaat Hekmat, poet och novellist fr\u00e5n Syrien, \u00e4r ny fristadskonstn\u00e4r i Stockholm stad sedan september i \u00e5r. Under 2024 f\u00e5r han s\u00e4llskap av tv\u00e5 andra kulturut\u00f6vare som ska installera sig p\u00e5 Kulturhuset Stadsteatern som sedan 2012 ansvarar f\u00f6r fristadsplatserna i Stockholm. De tre fristadsplatserna \u00e4r till f\u00f6r kulturut\u00f6vare som har behov av en fristad p\u00e5 grund av till exempel hot eller f\u00f6rf\u00f6ljelse i hemlandet.<\/p>\n<p>Ett pressmeddelande ber\u00e4ttar:<br \/>\n\u2013 Att vara den nya fristadskonstn\u00e4ren i Stockholm inneb\u00e4r verkligen en stor m\u00f6jlighet f\u00f6r mig, eftersom det ger mig chansen att forts\u00e4tta mitt kreativa och konstn\u00e4rliga arbete utan den r\u00e4dsla och \u00e5ngest som jag tidigare upplevt. Kulturhuset Stadsteatern hj\u00e4lper mig att knyta kontakter inom kultursf\u00e4ren och genom min handledare \u00c5sa Steinsvik f\u00e5r jag allt jag beh\u00f6ver f\u00f6r att kunna slutf\u00f6ra de projekt jag str\u00e4var efter att genomf\u00f6ra, s\u00e4ger Rafaat Hekmat, ny fristadskonstn\u00e4r.<\/p>\n<p>\u2013 Just nu bedriver vi ett intensivt arbete med att utveckla fristadens potential i internationella kulturprojekt och samarbeten, vilket ger Raafat Hekmat en dynamisk och kreativ milj\u00f6 att arbeta i. Vi utforskar till exempel m\u00f6jligheterna f\u00f6r ljudb\u00f6cker p\u00e5 arabiska. Det ska bli sp\u00e4nnande att se hur hans prisade novellkonst, poesi och r\u00f6st tar plats i kulturlivet h\u00e4r, s\u00e4ger \u00c5sa Steinsvik, Fristadskoordinator p\u00e5 Kulturhuset Stadsteatern.<\/p>\n<p>\u2013 Det \u00e4r gl\u00e4djande att se att fristadskonstn\u00e4ren Rafaat Hekmat \u00e4r p\u00e5 plats. Jag \u00e4r ocks\u00e5 stolt \u00f6ver att vi i Stockholms stad ut\u00f6kat Fristadsprogrammets tidigare tv\u00e5 platser till tre under kommande \u00e5r. Det \u00e4r viktigare \u00e4n n\u00e5gonsin att vi g\u00f6r vad vi kan f\u00f6r att visa solidaritet med kulturskapare som p\u00e5 grund av sitt yrkesval riskerar hot och f\u00f6rf\u00f6ljelse, s\u00e4ger Torun Boucher (V), \u00e4ldre- och kulturborgarr\u00e5d i Stockholms stad.<\/p>\n<p>Raafat Hekmat \u00e4r poet och novellist fr\u00e5n Syrien. Hekmat har under pseudonym \u00e5terkommande skrivit om Syrien f\u00f6r den libanesiska websidan Daraj. Han har ocks\u00e5 jobbat med voice-over p\u00e5 arabiska i samarbete med National Geographic. Hekmat tilldelades Sharjah-priset f\u00f6r arabisk kultur 2020 f\u00f6r sin novellsamling \u201dSom om jag dr\u00f6mde\u201d. Hans senaste bok \u201dTio minuter f\u00f6r sent f\u00f6r v\u00e4rlden\u201d publicerades 2023 p\u00e5 f\u00f6rlaget Dar Al Nahda Al Arabia. Hans texter \u00e4r publicerade i tre antologier sedan 2019 p\u00e5 f\u00f6rlag baserade i Syrien, Jordanien och Egypten.<\/p>\n<p>Om fristadsprogrammet<br \/>\nKulturut\u00f6vare v\u00e4rlden \u00f6ver blir f\u00f6rf\u00f6ljda, hotade och f\u00e4ngslade f\u00f6r att de brukar sin yttrandefrihet. Stockholms stads Fristad, som Kulturhuset Stadsteatern ansvarar f\u00f6r sedan 2012, inneb\u00e4r att tre av dessa f\u00e5r ett m\u00e5nadsstipendium och en bostad i upp till tv\u00e5 \u00e5r. Med Kulturhuset Stadsteatern som bas finns ett n\u00e4tverk som kan ge nya v\u00e4gar att uttrycka sig, samtidigt f\u00e5r stadens kulturarbetare en ny kollega med nya impulser. Kulturhuset Stadsteatern \u00e4r sedan l\u00e4nge en scen f\u00f6r det fria ordet, ett fredat rum d\u00e4r yttrandefriheten diskuteras och praktiseras. Stockholm \u00e4r medlem i det internationella fristadsn\u00e4tverket ICORN \u2013 International Cities of Refuge och har varit en fristad sedan 1998. <a href=\"https:\/\/kulturhusetstadsteatern.se\/fristad-stockholm\">L\u00e4s mer om Fristad<\/a><\/p>\n","protected":false},"excerpt":{"rendered":"<p>Rafaat Hekmat, poet och novellist fr\u00e5n Syrien, \u00e4r ny fristadskonstn\u00e4r i Stockholm stad sedan september i \u00e5r. Under 2024 f\u00e5r han s\u00e4llskap av tv\u00e5 andra kulturut\u00f6vare som ska installera sig p\u00e5 Kulturhuset Stadsteatern som sedan 2012 ansvarar f\u00f6r fristadsplatserna i Stockholm. De tre fristadsplatserna \u00e4r till f\u00f6r kulturut\u00f6vare som har behov av en fristad p\u00e5 [&hellip;]<\/p>\n","protected":false},"author":13,"featured_media":0,"comment_status":"closed","ping_status":"closed","sticky":false,"template":"","format":"standard","meta":{"_genesis_hide_title":false,"_genesis_hide_breadcrumbs":false,"_genesis_hide_singular_image":false,"_genesis_hide_footer_widgets":false,"_genesis_custom_body_class":"","_genesis_custom_post_class":"","_genesis_layout":"","footnotes":""},"categories":[62,13624],"tags":[],"class_list":{"0":"post-174897","1":"post","2":"type-post","3":"status-publish","4":"format-standard","6":"category-medie-och-kulturpolitik","7":"category-toppnytt","8":"entry"},"_links":{"self":[{"href":"https:\/\/kulturbloggen.com\/index.php?rest_route=\/wp\/v2\/posts\/174897","targetHints":{"allow":["GET"]}}],"collection":[{"href":"https:\/\/kulturbloggen.com\/index.php?rest_route=\/wp\/v2\/posts"}],"about":[{"href":"https:\/\/kulturbloggen.com\/index.php?rest_route=\/wp\/v2\/types\/post"}],"author":[{"embeddable":true,"href":"https:\/\/kulturbloggen.com\/index.php?rest_route=\/wp\/v2\/users\/13"}],"replies":[{"embeddable":true,"href":"https:\/\/kulturbloggen.com\/index.php?rest_route=%2Fwp%2Fv2%2Fcomments&post=174897"}],"version-history":[{"count":5,"href":"https:\/\/kulturbloggen.com\/index.php?rest_route=\/wp\/v2\/posts\/174897\/revisions"}],"predecessor-version":[{"id":174903,"href":"https:\/\/kulturbloggen.com\/index.php?rest_route=\/wp\/v2\/posts\/174897\/revisions\/174903"}],"wp:attachment":[{"href":"https:\/\/kulturbloggen.com\/index.php?rest_route=%2Fwp%2Fv2%2Fmedia&parent=174897"}],"wp:term":[{"taxonomy":"category","embeddable":true,"href":"https:\/\/kulturbloggen.com\/index.php?rest_route=%2Fwp%2Fv2%2Fcategories&post=174897"},{"taxonomy":"post_tag","embeddable":true,"href":"https:\/\/kulturbloggen.com\/index.php?rest_route=%2Fwp%2Fv2%2Ftags&post=174897"}],"curies":[{"name":"wp","href":"https:\/\/api.w.org\/{rel}","templated":true}]}}