{"id":174793,"date":"2023-12-18T12:46:23","date_gmt":"2023-12-18T11:46:23","guid":{"rendered":"https:\/\/kulturbloggen.com\/?p=174793"},"modified":"2023-12-18T12:46:24","modified_gmt":"2023-12-18T11:46:24","slug":"fyra-sprakande-kulturdokumentarer-i-jul-med-nirvana-david-bowie-den-lille-prinsen-och-karaoke","status":"publish","type":"post","link":"https:\/\/kulturbloggen.com\/?p=174793","title":{"rendered":"Fyra sprakande kulturdokument\u00e4rer i jul med Nirvana, David Bowie, Den lille prinsen och karaoke"},"content":{"rendered":"<p><img loading=\"lazy\" decoding=\"async\" class=\"aligncenter size-full wp-image-174796\" src=\"https:\/\/kulturbloggen.com\/wp-content\/uploads\/2023\/12\/kspecial.jpg\" alt=\"\" width=\"650\" height=\"269\" srcset=\"https:\/\/kulturbloggen.com\/wp-content\/uploads\/2023\/12\/kspecial.jpg 650w, https:\/\/kulturbloggen.com\/wp-content\/uploads\/2023\/12\/kspecial-300x124.jpg 300w\" sizes=\"auto, (max-width: 650px) 100vw, 650px\" \/><\/p>\n<p>Det lackar mot jul och K special p\u00e5 SVT firar med fyra sprakande kulturdokument\u00e4rer som g\u00e5r r\u00e4tt in i hj\u00e4rtat. H\u00e4ng med Finlands mest erfarna karaokev\u00e4rd i internationellt hyllade &#8221;Karaokeparadiset&#8221;, f\u00f6lj f\u00f6rfattaren bakom \u00e4lskade &#8221;Den lille prinsen&#8221; under hans sista fyra \u00e5r, m\u00f6t Nirvanas otyglat kreative frontman i prisbel\u00f6nta \u201cKurt Cobain: Montage of Heck\u201d och minns en av v\u00e5ra mest ikoniska stj\u00e4rnor genom tiderna i genretrotsande &#8221;Moonage Daydream \u2013 filmen om David Bowie&#8221;, ber\u00e4ttar ett pressmeddelande.<\/p>\n<p><strong>Karaokeparadiset<\/strong><br \/>\n22\/12, 20.00 i SVT2 samt 17\/12 p\u00e5 SVT Play<br \/>\nI Finland finner en skara av ensamma sj\u00e4lar s\u00e4llskap och tr\u00f6st framf\u00f6r mikrofonen. Finlands mest erfarna karaokev\u00e4rd reser runt i landet med sin utrustning. L\u00e4ngs v\u00e4gen v\u00e4vs en rad livs\u00f6den samman och karaokes\u00e5ngarna f\u00e5r s\u00e5v\u00e4l en stund i str\u00e5lkastarljuset som en tr\u00f6stande axel att luta sig mot. En film av Einari Paakkanen.<\/p>\n<p><strong>Den lille prinsen: En stj\u00e4rna f\u00f6ds<\/strong><br \/>\n29\/12, 20.00 i SVT2 samt 24\/12 p\u00e5 SVT Play<br \/>\nDet \u00e4r 80 \u00e5r sedan barnboken \u201cLe petit prince\u201d gavs ut \u2013 en ber\u00e4ttelse som \u00e4n idag ber\u00f6r s\u00e5v\u00e4l sm\u00e5 som stora m\u00e4nniskors hj\u00e4rtan. F\u00f6rfattaren bakom boken, Antoine de Saint-Exup\u00e9ry, var \u00e4ven pilot. Den h\u00e4r filmen f\u00f6ljer hans sista fyra \u00e5r, fr\u00e5n exilen i USA till dagen d\u00e5 Antoines flygplan sp\u00e5rl\u00f6st f\u00f6rsvann \u00f6ver Medelhavet. Fransk dokument\u00e4r fr\u00e5n 2023, av regiss\u00f6r Vincent Nguyen.<\/p>\n<p><img loading=\"lazy\" decoding=\"async\" class=\"alignright size-medium wp-image-174808\" src=\"https:\/\/kulturbloggen.com\/wp-content\/uploads\/2023\/12\/nirvanaBowie-300x225.jpg\" alt=\"\" width=\"300\" height=\"225\" srcset=\"https:\/\/kulturbloggen.com\/wp-content\/uploads\/2023\/12\/nirvanaBowie-300x225.jpg 300w, https:\/\/kulturbloggen.com\/wp-content\/uploads\/2023\/12\/nirvanaBowie.jpg 650w\" sizes=\"auto, (max-width: 300px) 100vw, 300px\" \/><strong>Kurt Cobain: Montage of Hec<\/strong>k<br \/>\n29\/12, 21.40 i SVT2 samt p\u00e5 SVT Play fr\u00e5n 24\/12.<br \/>\nOtyglat kreativ och h\u00f6gt prisad \u2013 m\u00f6t Nirvanas frontman Kurt Cobain i den f\u00f6rsta sanktionerade<br \/>\ndokument\u00e4ren om rockikonen som definierade en generation. Oscarsnominerade regiss\u00f6ren Brett<br \/>\nMorgen har f\u00e5tt tillg\u00e5ng till Cobains personliga arkiv och ej tidigare utgiven musik och konst, och vi f\u00e5r via hemvideofilmer, animationer och intervjuer med familj och v\u00e4nner f\u00f6lja Cobain fr\u00e5n hans tidiga liv i Aberdeen, Washington, till framg\u00e5ngarna med Nirvana och det f\u00f6r tidiga slutet. Tysk-engelsk dokument\u00e4r fr\u00e5n 2015.<\/p>\n<p><strong>Moonage Daydream \u2013 filmen om David Bowie<\/strong><br \/>\n30\/12, 21.45 i SVT2 samt p\u00e5 SVT Play fr\u00e5n 24\/12<br \/>\nGenretrotsande dokument\u00e4r av Oscarsnominerade regiss\u00f6ren Brett Morgen, om David Bowie \u2013 en av de mest ikoniska rockstj\u00e4rnorna genom tiderna. Genom m\u00e5nga av Bowies b\u00e4sta l\u00e5tar s\u00e5v\u00e4l som aldrig tidigare visat konsertmaterial skildrar \u201cMoonage Daydream\u201d Bowies liv och verk, i vad som har beskrivits som en audiovisuell rymd-odyss\u00e9. Tysk-amerikansk dokument\u00e4rfilm fr\u00e5n 2022.<\/p>\n","protected":false},"excerpt":{"rendered":"<p>Det lackar mot jul och K special p\u00e5 SVT firar med fyra sprakande kulturdokument\u00e4rer som g\u00e5r r\u00e4tt in i hj\u00e4rtat. H\u00e4ng med Finlands mest erfarna karaokev\u00e4rd i internationellt hyllade &#8221;Karaokeparadiset&#8221;, f\u00f6lj f\u00f6rfattaren bakom \u00e4lskade &#8221;Den lille prinsen&#8221; under hans sista fyra \u00e5r, m\u00f6t Nirvanas otyglat kreative frontman i prisbel\u00f6nta \u201cKurt Cobain: Montage of Heck\u201d och [&hellip;]<\/p>\n","protected":false},"author":13,"featured_media":0,"comment_status":"closed","ping_status":"closed","sticky":false,"template":"","format":"standard","meta":{"_genesis_hide_title":false,"_genesis_hide_breadcrumbs":false,"_genesis_hide_singular_image":false,"_genesis_hide_footer_widgets":false,"_genesis_custom_body_class":"","_genesis_custom_post_class":"","_genesis_layout":"","footnotes":""},"categories":[13624,13597],"tags":[1158,14756,1329,14755,14757,3995],"class_list":{"0":"post-174793","1":"post","2":"type-post","3":"status-publish","4":"format-standard","6":"category-toppnytt","7":"category-tv","8":"tag-david-bowie","9":"tag-den-lilla-prinsen","10":"tag-dokumentar","11":"tag-k-special","12":"tag-karaoke","13":"tag-nirvana","14":"entry"},"_links":{"self":[{"href":"https:\/\/kulturbloggen.com\/index.php?rest_route=\/wp\/v2\/posts\/174793","targetHints":{"allow":["GET"]}}],"collection":[{"href":"https:\/\/kulturbloggen.com\/index.php?rest_route=\/wp\/v2\/posts"}],"about":[{"href":"https:\/\/kulturbloggen.com\/index.php?rest_route=\/wp\/v2\/types\/post"}],"author":[{"embeddable":true,"href":"https:\/\/kulturbloggen.com\/index.php?rest_route=\/wp\/v2\/users\/13"}],"replies":[{"embeddable":true,"href":"https:\/\/kulturbloggen.com\/index.php?rest_route=%2Fwp%2Fv2%2Fcomments&post=174793"}],"version-history":[{"count":12,"href":"https:\/\/kulturbloggen.com\/index.php?rest_route=\/wp\/v2\/posts\/174793\/revisions"}],"predecessor-version":[{"id":174812,"href":"https:\/\/kulturbloggen.com\/index.php?rest_route=\/wp\/v2\/posts\/174793\/revisions\/174812"}],"wp:attachment":[{"href":"https:\/\/kulturbloggen.com\/index.php?rest_route=%2Fwp%2Fv2%2Fmedia&parent=174793"}],"wp:term":[{"taxonomy":"category","embeddable":true,"href":"https:\/\/kulturbloggen.com\/index.php?rest_route=%2Fwp%2Fv2%2Fcategories&post=174793"},{"taxonomy":"post_tag","embeddable":true,"href":"https:\/\/kulturbloggen.com\/index.php?rest_route=%2Fwp%2Fv2%2Ftags&post=174793"}],"curies":[{"name":"wp","href":"https:\/\/api.w.org\/{rel}","templated":true}]}}