{"id":17470,"date":"2010-02-08T08:09:13","date_gmt":"2010-02-08T07:09:13","guid":{"rendered":"http:\/\/kulturbloggen.com\/?p=17470"},"modified":"2010-02-08T08:09:13","modified_gmt":"2010-02-08T07:09:13","slug":"krig-och-karnkraft","status":"publish","type":"post","link":"https:\/\/kulturbloggen.com\/?p=17470","title":{"rendered":"Krig och k\u00e4rnkraft"},"content":{"rendered":"<p><a href=\"http:\/\/kulturbloggen.com\/wp-content\/uploads\/2010\/02\/soldat.jpg\"><img loading=\"lazy\" decoding=\"async\" src=\"http:\/\/kulturbloggen.com\/wp-content\/uploads\/2010\/02\/soldat-300x154.jpg\" alt=\"soldat\" title=\"soldat\" width=\"300\" height=\"154\" class=\"aligncenter size-medium wp-image-17473\" \/><\/a><br \/>\nNu har det h\u00e4nt som alltid h\u00e4nder, men svenska f\u00f6respr\u00e5kare f\u00f6r milit\u00e4ra styrkor i Afganistan alltid p\u00e5st\u00e5r inte h\u00e4nder:<br \/>\nNu har svenska soldater som skickats till Afganistan i fredsbevarande syfte d\u00f6dats.<br \/>\n<a href=\"http:\/\/www.dn.se\/nyheter\/sverige\/tva-svenskar-dodade-i-afghanistan-1.1040927\">Ur Dagens Nyheter:<\/a><\/p>\n<blockquote><p>Tv\u00e5 svenska officerare d\u00f6dades och en svensk soldat skadades n\u00e4r de besk\u00f6ts under patrullering p\u00e5 s\u00f6ndagen i Afghanistan. De d\u00f6da och skadade ingick i ett skyttekompani ur den svenska Afghanistanstyrkan FS18.<\/p><\/blockquote>\n<p>Det \u00e4r s\u00e5 sorgligt. Och jag lider med de anh\u00f6riga. Men att bli d\u00f6dad \u00e4r en av riskerna som ing\u00e5r i yrket soldat. Och att vara p\u00e5 en krigsh\u00e4rjad plats som Afganistan som soldat \u00e4r inte helt ofarligt. I krig d\u00f6das soldater.<\/p>\n<p>Inte bryr sig talibaner om en soldat kallar sig fredsbevarande. De \u00e4r v\u00e4sterl\u00e4ndska fiender \u00e4n d\u00e5. Soldat som soldat.<br \/>\nJag ser att DN:s Anders Hellberg i papperstidningen skriver: Nu st\u00e5r det klart att Sverige de facto \u00e4r i krig.<\/p>\n<p>Ja, var det n\u00e5gon som trodde n\u00e5got annat egentligen? Soldater anv\u00e4nds f\u00f6r krig.<\/p>\n<p>En annan  kanske kan kl\u00e4s av nu ocks\u00e5, den om k\u00e4rnkraftens ofarlighet:<br \/>\n<a href=\"http:\/\/www.dn.se\/nyheter\/varlden\/explosion-i-kraftverk-i-usa-1.1040950\">Ur Dagens Nyheter:<\/a><\/p>\n<blockquote><p>Minst fem m\u00e4nniskor d\u00f6dades vid en explosion som raserade stora delar av ett kraftverk i staden Middletown i Connecticut i USA p\u00e5 s\u00f6ndagen.<\/p><\/blockquote>\n<p>N\u00e5gra fler bloggare som tagit upp de d\u00f6dade soldaterna i Afganistan: <a href=\"http:\/\/claeskrantz.se\/arkivet\/5117\">Claes Krantz<\/a>, <a href=\"http:\/\/www.zaramis.nu\/blog\/2010\/02\/08\/skjutna-av-afghansk-polis-eller-av-talibaner\/\">Svensson<\/a> och <a href=\"http:\/\/rodamalmo.blogspot.com\/2010\/02\/stoppa-det-svenska-kriget.html\">R\u00f6da Malm\u00f6<\/a>.<\/p>\n<p>Relaterat:<br \/>\n<a href=\"http:\/\/www.aftonbladet.se\/nyheter\/article6561293.ab\">Aftonbladet 1<\/a>, <a href=\"http:\/\/www.aftonbladet.se\/nyheter\/article6562529.ab\">Aftonbladet 2<\/a>, <a href=\"http:\/\/www.svd.se\/nyheter\/inrikes\/sten-tolgfors-beklagar-dodsfallen_4225429.svd\">Svenska Dagbladet 1<\/a>, <a href=\"http:\/\/www.svd.se\/nyheter\/utrikes\/svenska-officerare-dodade-i-afghanistan_4225291.svd\">Svenska Dagbladet 2<\/a>,<a href=\"http:\/\/www.svd.se\/nyheter\/inrikes\/bo-pellnas-de-ror-sig-i-omraden-dar-manniskor-vill-dem-illa_4225701.svd\"> Svenska Dagbladet 3<\/a>, <a href=\"http:\/\/www.gp.se\/nyheter\/varlden\/1.306041-tva-svenskar-dodade-i-afghanistan\">G\u00f6teborgsposten<\/a> och <a href=\"http:\/\/sydsvenskan.se\/varlden\/article627477\/Svenskar-doda-i-Afghanistan.html\">Sydsvenskan.<\/a><\/p>\n<p>L\u00e4s \u00e4ven andra bloggares \u00e5sikter om <a href=\"http:\/\/bloggar.se\/om\/krig\" rel=\"tag\">krig<\/a>, <a href=\"http:\/\/bloggar.se\/om\/k%E4rnkraft\" rel=\"tag\">k\u00e4rnkraft<\/a>, <a href=\"http:\/\/bloggar.se\/om\/politik\" rel=\"tag\">politik<\/a>, <a href=\"http:\/\/bloggar.se\/om\/Afganistan\" rel=\"tag\">Afganistan<\/a><\/p>\n","protected":false},"excerpt":{"rendered":"<p>Nu har det h\u00e4nt som alltid h\u00e4nder, men svenska f\u00f6respr\u00e5kare f\u00f6r milit\u00e4ra styrkor i Afganistan alltid p\u00e5st\u00e5r inte h\u00e4nder: Nu har svenska soldater som skickats till Afganistan i fredsbevarande syfte d\u00f6dats. Ur Dagens Nyheter: Tv\u00e5 svenska officerare d\u00f6dades och en svensk soldat skadades n\u00e4r de besk\u00f6ts under patrullering p\u00e5 s\u00f6ndagen i Afghanistan. De d\u00f6da och [&hellip;]<\/p>\n","protected":false},"author":2,"featured_media":0,"comment_status":"open","ping_status":"open","sticky":false,"template":"","format":"standard","meta":{"_genesis_hide_title":false,"_genesis_hide_breadcrumbs":false,"_genesis_hide_singular_image":false,"_genesis_hide_footer_widgets":false,"_genesis_custom_body_class":"","_genesis_custom_post_class":"","_genesis_layout":"","footnotes":""},"categories":[20],"tags":[154,3182,3037,12284],"class_list":{"0":"post-17470","1":"post","2":"type-post","3":"status-publish","4":"format-standard","6":"category-film","7":"tag-afganistan","8":"tag-karnkraft","9":"tag-krig","10":"tag-politik","11":"entry"},"_links":{"self":[{"href":"https:\/\/kulturbloggen.com\/index.php?rest_route=\/wp\/v2\/posts\/17470","targetHints":{"allow":["GET"]}}],"collection":[{"href":"https:\/\/kulturbloggen.com\/index.php?rest_route=\/wp\/v2\/posts"}],"about":[{"href":"https:\/\/kulturbloggen.com\/index.php?rest_route=\/wp\/v2\/types\/post"}],"author":[{"embeddable":true,"href":"https:\/\/kulturbloggen.com\/index.php?rest_route=\/wp\/v2\/users\/2"}],"replies":[{"embeddable":true,"href":"https:\/\/kulturbloggen.com\/index.php?rest_route=%2Fwp%2Fv2%2Fcomments&post=17470"}],"version-history":[{"count":0,"href":"https:\/\/kulturbloggen.com\/index.php?rest_route=\/wp\/v2\/posts\/17470\/revisions"}],"wp:attachment":[{"href":"https:\/\/kulturbloggen.com\/index.php?rest_route=%2Fwp%2Fv2%2Fmedia&parent=17470"}],"wp:term":[{"taxonomy":"category","embeddable":true,"href":"https:\/\/kulturbloggen.com\/index.php?rest_route=%2Fwp%2Fv2%2Fcategories&post=17470"},{"taxonomy":"post_tag","embeddable":true,"href":"https:\/\/kulturbloggen.com\/index.php?rest_route=%2Fwp%2Fv2%2Ftags&post=17470"}],"curies":[{"name":"wp","href":"https:\/\/api.w.org\/{rel}","templated":true}]}}