{"id":17416,"date":"2010-02-06T10:26:01","date_gmt":"2010-02-06T09:26:01","guid":{"rendered":"http:\/\/kulturbloggen.com\/?p=17416"},"modified":"2010-02-06T10:26:01","modified_gmt":"2010-02-06T09:26:01","slug":"anledningen-till-att-sverige-klarar-finanskrisen-daligt","status":"publish","type":"post","link":"https:\/\/kulturbloggen.com\/?p=17416","title":{"rendered":"Anledningen till att Sverige klarar finanskrisen d\u00e5ligt"},"content":{"rendered":"<p><a href=\"http:\/\/kulturbloggen.com\/wp-content\/uploads\/2010\/02\/oecd.jpg\"><img loading=\"lazy\" decoding=\"async\" src=\"http:\/\/kulturbloggen.com\/wp-content\/uploads\/2010\/02\/oecd.jpg\" alt=\"oecd\" title=\"oecd\" width=\"220\" height=\"222\" class=\"aligncenter size-full wp-image-17419\" \/><\/a><\/p>\n<p>Sverige klarar krisen d\u00e5ligt.<br \/>\nSverige g\u00e5r d\u00e5ligt genom den ekonomiska krisen.  Den senaste \u201dv\u00e4lst\u00e5ndsligan\u201d fr\u00e5n <a href=\"http:\/\/www.oecd.org\/home\/0,3305,en_2649_201185_1_1_1_1_1,00.html\">den ekonomiska samarbetsorganisationen OECD<\/a> visar att Sverige \u00e4r ett av l\u00e4nderna som klarat sig s\u00e4mst, <a href=\"http:\/\/www.sr.se\/EKOT\/artikel.asp?artikel=3423571\">skriver Ekot<\/a>.<\/p>\n<p>Det \u00e4r inte s\u00e4rskilt \u00f6verraskande.<br \/>\nLigan \u00e4r en lista d\u00e4r OECD-l\u00e4nderna rankas efter k\u00f6pkraften hos l\u00e4ndernas inv\u00e5nare. Man utg\u00e5r fr\u00e5n BNP per inv\u00e5nare och r\u00e4knar om till vad man faktiskt f\u00e5r f\u00f6r pengarna.<br \/>\nSj\u00e4lvklart kommer h\u00f6gerregeringens f\u00f6rsvarare att nu rycka ut och s\u00e4ga att r\u00e4kna BNP per inv\u00e5nare inte s\u00e4ger n\u00e5gonting. F\u00f6r det \u00e4r klart att det \u00e4r sv\u00e5rt f\u00f6r dem att m\u00f6te sanningen med \u00f6ppna \u00f6gon.<br \/>\nEn stor orsak till att det svenska v\u00e4lst\u00e5ndet fallit s\u00e5 stort under finanskrisen beror givetvis p\u00e5 att h\u00f6gerregeringen snabbt drog undan mattan f\u00f6r m\u00e4nniskor som blir arbetsl\u00f6sa.<br \/>\nI god tro har m\u00e4nniskor betalat in avgifter till a-kassan i \u00e5ratal f\u00f6r att de trodde att de skulle ha n\u00e5gon form av trygghet om de drabbades av arbetsl\u00f6shet. M\u00e5nga har ocks\u00e5 betalat in till a-kassan av solidaritet: de vet att om m\u00e4nniskor vet att deras ekonomi inte faller s\u00f6nder totalt om de blir arbetsl\u00f6sa &#8211; d\u00e5 kan m\u00e4nniskor ha viss stolthet och inte kunna hunsas med hur som helst och de kan st\u00e5 emot l\u00f6nes\u00e4nkarkrav.<br \/>\nDet f\u00f6rsta h\u00f6gerregeringen inf\u00f6rde n\u00e4r de tog \u00f6ver var just att f\u00f6rs\u00e4mra reglerna vid arbetsl\u00f6shet.<\/p>\n<p>Sj\u00e4lvklart drabbar detta h\u00e5rt, inte bara de m\u00e4nniskor som blivit arbetsl\u00f6sa. N\u00e4r de nu f\u00e5r betydligt s\u00e4mre ers\u00e4ttning f\u00e5r de ocks\u00e5 \u00e4nnu s\u00e4mre k\u00f6pkraft &#8211; vilket i sin tur drabbar omgivande samh\u00e4llet och olika butiker, med mera.<\/p>\n<p>En annan orsak till att Sverige inte lyckas s\u00e5 bra \u00e4r nog att vi \u00e4r s\u00e5 f\u00f6rbannat konservativa.<br \/>\nVi har n\u00e5gra branscher som g\u00e5r r\u00e4tt hyggligt \u00e4nd\u00e5: vi \u00e4r r\u00e4tt bra p\u00e5 att producera och skapa musik, till exempel. Vi \u00e4r r\u00e4tt bra inom kultursektorn p\u00e5 olika s\u00e4tt.<br \/>\nVi har duktiga deckarf\u00f6rfattare.<br \/>\nVi har en hel del entrepren\u00f6rer inom IT och m\u00e5nga med anknytning till sociala medier.<\/p>\n<p>Men h\u00e4r \u00e4r majoriteten s\u00e5 fixerade vid att vi ska vara en industrination med st\u00f6rsta basen i metallindustrin och d\u00e5 speciellt bilindustrin.<\/p>\n<p>Om vi ska satsa p\u00e5 bilindustri i Sverige borde ledningarna rekryteras fr\u00e5n milj\u00f6partiet. Sk\u00e4mt \u00e5sido, men bilindustrin m\u00e5ste inse att milj\u00f6fr\u00e5gorna v\u00e4rderas h\u00f6gt av den kommande generationen. Ska Sverige ha n\u00e5got att h\u00e4mta inom bilindustrin m\u00e5ste den v\u00e5ga satsa p\u00e5 alternativa br\u00e4nslen i mycket h\u00f6gre grad \u00e4n idag.<\/p>\n<p>Tre andra bloggar har ocks\u00e5 tagit upp Sverige och krisen:<\/p>\n<p><a href=\"http:\/\/www.metrobloggen.se\/jsp\/public\/permalink.jsp?article=19.13938398\">Aurora ironiserar<\/a>:<\/p>\n<blockquote><p>I dag m\u00f6ts man av nyheten att Sverige \u00e4r ett av de l\u00e4nder som klarar den ekonomiska krisen s\u00e4mst. Vad konstigt att vi tillh\u00f6r de s\u00e4msta med den regeringspolitik vi har f\u00f6r tillf\u00e4llet.<\/p><\/blockquote>\n<p><a href=\"http:\/\/jinge.se\/mediekritik\/reinfeldt-borg-och-sanningen.htm\">Jinge skriver<\/a>:<\/p>\n<blockquote><p>Fredrik Reinfeldt och Anders Borg brukar i tid och otid h\u00e4vda att deras kloka ledning har inneburit att Sverige klarat sig b\u00e4st ut ur finanskrisen, och att Sverige d\u00e4rmed har en s\u00e4rst\u00e4llning. Allt tack vare v\u00e5ra kloka ledare. Men OECD-l\u00e4ndernas ranking av k\u00f6pkraft visar att det g\u00e5tt bak\u00e5t och inte fram\u00e5t.<\/p><\/blockquote>\n<p><a href=\"http:\/\/katarinanfinn.wordpress.com\/2010\/02\/06\/sverige-samst-i-kristider\/\">Katarina Nyberg Finn skriver<\/a>:<\/p>\n<blockquote><p>Alliansreceptet f\u00f6r Sverige i kris har varit stora skattes\u00e4nkningar vilket p\u00e5verkat v\u00e4lf\u00e4rden, dvs v\u00e5rd, skola och omsorg, v\u00e4ldigt negativt. Reinfeldt har hela tiden h\u00e4nvisat till den globala finanskrisen n\u00e4r han f\u00e5tt fr\u00e5gor om v\u00e4lf\u00e4rdskrisen. N\u00e4r ska Sveriges statsminister inse att hans recept inte fungerar! Stora skattes\u00e4nkningar har inte alls varit l\u00f6sningen p\u00e5 v\u00e5rt lands problem. <\/p><\/blockquote>\n<p>F\u00f6r \u00f6vrigt noterar jag att regeringsorganet <a href=\"http:\/\/www.gt.se\/nyheter\/1.1871636\/har-saljer-hon-sex-pa-massageinstitut\">Expressen inte ens n\u00e4mnt detta utan toppas in nyhetsdag med sex p\u00e5 ett thaimassage-institut i G\u00f6teborg,<\/a> liksom det andra regeringsorganet <a href=\"http:\/\/www.svd.se\/nyheter\/inrikes\/nu-aterinfors-lagstadielarare_4218505.svd\">Svenska Dagbladet som v\u00e4ljer att profilera Jan Bj\u00f6rklund som en hj\u00e4lta som \u00e5terinf\u00f6r l\u00e5gstadiel\u00e4rarna<\/a>.<\/p>\n<p>Relaterat: <a href=\"http:\/\/www.aftonbladet.se\/nyheter\/article6555168.ab\">Aftonbladet<\/a> och <a href=\"http:\/\/www.dn.se\/ekonomi\/sverige-har-klarat-sig-daligt-genom-krisen-1.1040573\">Dagens Nyheter<\/a>.<br \/>\nL\u00e4s \u00e4ven andra bloggares \u00e5sikter om <a href=\"http:\/\/bloggar.se\/om\/ekonomi\" rel=\"tag\">ekonomi<\/a>, <a href=\"http:\/\/bloggar.se\/om\/politik\" rel=\"tag\">politik<\/a>, <a href=\"http:\/\/bloggar.se\/om\/samh%E4lle\" rel=\"tag\">samh\u00e4lle<\/a>, <a href=\"http:\/\/bloggar.se\/om\/kulturpolitik.+OECD\" rel=\"tag\">kulturpolitik. OECD<\/a>, <a href=\"http:\/\/bloggar.se\/om\/finanskrisen\" rel=\"tag\">finanskrisen<\/a><\/p>\n","protected":false},"excerpt":{"rendered":"<p>Sverige klarar krisen d\u00e5ligt. Sverige g\u00e5r d\u00e5ligt genom den ekonomiska krisen. Den senaste \u201dv\u00e4lst\u00e5ndsligan\u201d fr\u00e5n den ekonomiska samarbetsorganisationen OECD visar att Sverige \u00e4r ett av l\u00e4nderna som klarat sig s\u00e4mst, skriver Ekot. Det \u00e4r inte s\u00e4rskilt \u00f6verraskande. Ligan \u00e4r en lista d\u00e4r OECD-l\u00e4nderna rankas efter k\u00f6pkraften hos l\u00e4ndernas inv\u00e5nare. Man utg\u00e5r fr\u00e5n BNP per inv\u00e5nare [&hellip;]<\/p>\n","protected":false},"author":2,"featured_media":0,"comment_status":"open","ping_status":"open","sticky":false,"template":"","format":"standard","meta":{"_genesis_hide_title":false,"_genesis_hide_breadcrumbs":false,"_genesis_hide_singular_image":false,"_genesis_hide_footer_widgets":false,"_genesis_custom_body_class":"","_genesis_custom_post_class":"","_genesis_layout":"","footnotes":""},"categories":[62],"tags":[1463,3109,12284,4917],"class_list":{"0":"post-17416","1":"post","2":"type-post","3":"status-publish","4":"format-standard","6":"category-medie-och-kulturpolitik","7":"tag-ekonomi","8":"tag-kulturpolitik","9":"tag-politik","10":"tag-samhalle","11":"entry"},"_links":{"self":[{"href":"https:\/\/kulturbloggen.com\/index.php?rest_route=\/wp\/v2\/posts\/17416","targetHints":{"allow":["GET"]}}],"collection":[{"href":"https:\/\/kulturbloggen.com\/index.php?rest_route=\/wp\/v2\/posts"}],"about":[{"href":"https:\/\/kulturbloggen.com\/index.php?rest_route=\/wp\/v2\/types\/post"}],"author":[{"embeddable":true,"href":"https:\/\/kulturbloggen.com\/index.php?rest_route=\/wp\/v2\/users\/2"}],"replies":[{"embeddable":true,"href":"https:\/\/kulturbloggen.com\/index.php?rest_route=%2Fwp%2Fv2%2Fcomments&post=17416"}],"version-history":[{"count":0,"href":"https:\/\/kulturbloggen.com\/index.php?rest_route=\/wp\/v2\/posts\/17416\/revisions"}],"wp:attachment":[{"href":"https:\/\/kulturbloggen.com\/index.php?rest_route=%2Fwp%2Fv2%2Fmedia&parent=17416"}],"wp:term":[{"taxonomy":"category","embeddable":true,"href":"https:\/\/kulturbloggen.com\/index.php?rest_route=%2Fwp%2Fv2%2Fcategories&post=17416"},{"taxonomy":"post_tag","embeddable":true,"href":"https:\/\/kulturbloggen.com\/index.php?rest_route=%2Fwp%2Fv2%2Ftags&post=17416"}],"curies":[{"name":"wp","href":"https:\/\/api.w.org\/{rel}","templated":true}]}}