{"id":1738,"date":"2008-09-19T07:00:39","date_gmt":"2008-09-19T07:00:39","guid":{"rendered":"http:\/\/kulturbloggen.com\/?p=1738"},"modified":"2008-09-19T07:00:39","modified_gmt":"2008-09-19T07:00:39","slug":"bloggar-idag-mer-granskande-och-haller-battre-i-fragor-under-langre-tid-an-gammelmedia","status":"publish","type":"post","link":"https:\/\/kulturbloggen.com\/?p=1738","title":{"rendered":"Bloggar idag mer granskande och h\u00e5ller b\u00e4ttre i fr\u00e5gor under l\u00e4ngre tid \u00e4n gammelmedia"},"content":{"rendered":"<p><a href='http:\/\/sodergren.com\/kulturbloggen\/wp-content\/uploads\/2008\/09\/twinglyrapport260.jpg'><img loading=\"lazy\" decoding=\"async\" src=\"http:\/\/sodergren.com\/kulturbloggen\/wp-content\/uploads\/2008\/09\/twinglyrapport260.jpg\" alt=\"\" title=\"twinglyrapport260\" width=\"260\" height=\"150\" class=\"alignright size-full wp-image-1737\" \/><\/a>Kul, men det har varit mycket de sista dagarna. Ig\u00e5r var det intressanta seminariet om bloggb\u00e4vningen d\u00e4r Twingly p\u00e5 uppdrag av socialdemokraterna har granskat vad som skedde inom bloggsf\u00e4ren och medier under m\u00e5naderna kring d\u00e5 h\u00f6gerregeringen i somras klubbade igenom FRA-lagen.<\/p>\n<p>Det en hel del intressant. Som att en del personer som n\u00e4mns oerh\u00f6rt mycket inom<\/p>\n<p>En slutsats Martin K\u00e4llstr\u00f6m, vd f\u00f6r Twingly, drog av underlaget de tagit fram \u00e4r att bloggar kan h\u00e5lla fast i en fr\u00e5ga mycket l\u00e4ngre \u00e4n traditionella medier, som ofta bara bevakar n\u00e5got n\u00e4r det \u00e4r som hetast ut nyhetssynvinkel. Det \u00e4r skr\u00e4mmande p\u00e5 sitt s\u00e4tt. Det g\u00f6r ju journalistik idag till v\u00e4ldigt ytlig. Att inga fr\u00e5gor granskar ordenligt utan bara v\u00e4ldigt snabbt. Fr\u00e5gan \u00e4r om journalister kan betraktas som en tredje statsmakt, som en makt som ska granska makten? Om allt bara bevakas mycket flyh\u00e4nt och i all hast.<\/p>\n<p>Underlaget i Twinglys rapport visar tydligt att FRA-lagen aldrig hade slagit igenom s\u00e5 stort i medier om inte bloggarna envisats med att h\u00e5lla fast vid fr\u00e5gan.<\/p>\n<p><a href=\"http:\/\/greenhillrelations.se\/2008\/08\/twingly-seminarium-om-fra-debatten\/\">Matti Palm fr\u00e5n pr-f\u00f6retaget Greenhill Relations<\/a> tog upp en del intressant statistik som exempelvis i vilken utstr\u00e4ckning traditionella medier n\u00e4mner\/refererar till bloggar n\u00e4r de rapporterar om olika fr\u00e5gor. Han exemplifierade med skriverierna om OS, d\u00e4r 0,6 procent av de redaktionella artiklar som g\u00e5r att hitta p\u00e5 n\u00e4tet p\u00e5 ett eller annat s\u00e4tt n\u00e4mner bloggar. Och d\u00e5 \u00e4r troligen en stor del av dessa omn\u00e4mnanden att artiklarna h\u00e4nvisar till egna tidningens OS-bloggar (detta sista \u00e4r  min reflektion kring detta eftersom jag arbetade p\u00e5 ett traditionellt medief\u00f6retag under OS).<\/p>\n<p>I fallet med den s\u00e5 kallade Boreliusaff\u00e4ren var det 2,5 procent, USA-valet hittills 3,3 procent, iPhone-lanseingen 3,8 procent och Almedalsveckan 4,5 procent.<\/p>\n<p>Men i samband med FRA-fr\u00e5gan n\u00e4mndes bloggar i 13,9 procent av skriverierna mellan maj och september. Fokuserar man p\u00e5 den hetaste perioden maj-juni  \u00e4r siffran hela 19 procent.<\/p>\n<p>Palm kunde ocks\u00e5 visa att vissa debatt\u00f6rer n\u00e4stan enbart \u00e4r flitigt citerade och omn\u00e4mnda i bloggosf\u00e4ren, men inte alls eller endast ytterst lite i traditionella medier. Det g\u00e4ller bloggprofiler som Oscar Swartz, Rick Falkvinge och \u201dBlogge Bloggelito\u201d. Men \u00f6verraskande nog ocks\u00e5 Camilla Lindberg.<\/p>\n<p>P\u00e5 ett s\u00e4tt \u00e4r det skr\u00e4mmande, Blogge Bloggelito \u00e4r ju till och med den person som f\u00f6rst myntade <a href=\"http:\/\/tianmi.info\/blogge\/posts\/08\/06\/11\/Bloggbavning\/\">uttycket Bloggb\u00e4vning<\/a>, vilket han aldrig f\u00e5tt credit f\u00f6r i traditionella medier.<\/p>\n<p>Fast \u00e5 andra sidan, vad h\u00e4nder den dag traditionella medier b\u00f6rjar credda bloggarna, hur mycket sugs d\u00e5 bloggv\u00e4rden upp av gammelmedia?<\/p>\n<p>Det var kul att vara d\u00e4r ocks\u00e5 f\u00f6r att det var ju en hel del bloggare p\u00e5 plats. \u00c4ntligen fick jag f\u00f6r f\u00f6rsta g\u00e5ngen tr\u00e4ffa och h\u00e4lsa p\u00e5 <a href=\"http:\/\/opassande.se\/index.php\/2008\/09\/18\/bloggbavningen-inte-sarskilt-latt-att-analysera\/\">Emma p\u00e5 Opassande.<\/a><\/p>\n<p>En kvinna fr\u00e5n ett pr-f\u00f6retag s\u00e4nde hela seminariet via Bambuser, jag ska se om jag kan hitta deras sajt eller st\u00e4lle p\u00e5 Bambuser senare idag om komplettera med l\u00e4nken dit.<\/p>\n<p>Sj\u00e4lv spelade jag bara in en liten filmsnutt n\u00e4r Martin K\u00e4llstr\u00f6m visade statistik p\u00e5 hur bland annat Fredrik Federley g\u00e5tt fr\u00e5n att ofta omn\u00e4mnas i positiva ordalag efter FRA-lagsbeslutet i mycket h\u00f6gre grad omn\u00e4mns i negativa ordalag.<\/p>\n<p><a href=\"http:\/\/blog.twingly.com\/wp-content\/uploads\/2008\/09\/twingly_fra_report_web.pdf\">H\u00e4r kan du h\u00e4mta Twinglys rapport.<\/a><\/p>\n<p><object width=\"425\" height=\"350\"><param name=\"movie\" value=\"http:\/\/www.youtube.com\/v\/cuj4aP1W7RY\"><\/param><embed src=\"http:\/\/www.youtube.com\/v\/cuj4aP1W7RY\" type=\"application\/x-shockwave-flash\" width=\"425\" height=\"350\"><\/embed><\/object><\/p>\n<p>Andra som bloggat om bloggb\u00e4vnings-seminiariet och Twinglys rapport:<\/p>\n<p><a href=\"http:\/\/promemorian.blogspot.com\/2008\/09\/bloggbvningen-kartlagd.html\">Jonas Morian bloggade direkt fr\u00e5n seminariet<\/a>, <a href=\"http:\/\/bloggtidningen.se\/2008\/09\/18\/bloggbavning-debatten-om-fra-lagen\/\">liksom Jonas p\u00e5 Bloggtidningen<\/a><br \/>\n<a href=\"http:\/\/bisonblog.blogs.com\/blog\/2008\/09\/twingly---under.html\">Bisonblog<\/a>, <a href=\"http:\/\/blog.twingly.com\/2008\/09\/18\/twingly-report-about-the-fra-debate\/\">Twinglybloggen<\/a>,<\/p>\n<p>Relaterade artiklar:<br \/>\n<a href=\"http:\/\/www.svd.se\/nyheter\/inrikes\/artikel_1745605.svd\">Svenska Dagbladet ber\u00e4ttar ocks\u00e5 om Twinglys rapport. <\/a><br \/>\n<a href=\"http:\/\/blogg.svd.se\/reklamochmedier?id=9321\">Martin J\u00f6nsson tar upp rapporten: Klara siffror om bloggosf\u00e4rens betydelse.<\/a><\/p>\n<p><a href='http:\/\/sodergren.com\/kulturbloggen\/wp-content\/uploads\/2008\/09\/twinglyrapport400.jpg'><img loading=\"lazy\" decoding=\"async\" src=\"http:\/\/sodergren.com\/kulturbloggen\/wp-content\/uploads\/2008\/09\/twinglyrapport400.jpg\" alt=\"\" title=\"twinglyrapport400\" width=\"400\" height=\"305\" class=\"aligncenter size-full wp-image-1736\" \/><\/a><\/p>\n<p>Andra bloggar om: <a href=\"http:\/\/bloggar.se\/om\/rapport\" rel=\"tag\">rapport<\/a>, <a href=\"http:\/\/bloggar.se\/om\/medier\" rel=\"tag\">medier<\/a>, <a href=\"http:\/\/bloggar.se\/om\/Twingly\" rel=\"tag\">Twingly<\/a>, <a href=\"http:\/\/bloggar.se\/om\/socialdemokraterna\" rel=\"tag\">socialdemokraterna<\/a>, <a href=\"http:\/\/bloggar.se\/om\/FRA-lagen\" rel=\"tag\">FRA-lagen<\/a>, <a href=\"http:\/\/bloggar.se\/om\/FRA\" rel=\"tag\">FRA<\/a>, <a href=\"http:\/\/bloggar.se\/om\/tredje+statsmakt\" rel=\"tag\">tredje statsmakt<\/a>, <a href=\"http:\/\/bloggar.se\/om\/statistik\" rel=\"tag\">statistik<\/a>, <a href=\"http:\/\/bloggar.se\/om\/Bambuser\" rel=\"tag\">Bambuser<\/a><\/p>\n","protected":false},"excerpt":{"rendered":"<p>Kul, men det har varit mycket de sista dagarna. Ig\u00e5r var det intressanta seminariet om bloggb\u00e4vningen d\u00e4r Twingly p\u00e5 uppdrag av socialdemokraterna har granskat vad som skedde inom bloggsf\u00e4ren och medier under m\u00e5naderna kring d\u00e5 h\u00f6gerregeringen i somras klubbade igenom FRA-lagen. Det en hel del intressant. Som att en del personer som n\u00e4mns oerh\u00f6rt mycket [&hellip;]<\/p>\n","protected":false},"author":2,"featured_media":0,"comment_status":"open","ping_status":"open","sticky":false,"template":"","format":"standard","meta":{"_genesis_hide_title":false,"_genesis_hide_breadcrumbs":false,"_genesis_hide_singular_image":false,"_genesis_hide_footer_widgets":false,"_genesis_custom_body_class":"","_genesis_custom_post_class":"","_genesis_layout":"","footnotes":""},"categories":[62],"tags":[3582,4646,6042],"class_list":{"0":"post-1738","1":"post","2":"type-post","3":"status-publish","4":"format-standard","6":"category-medie-och-kulturpolitik","7":"tag-medier","8":"tag-rapport","9":"tag-twingly","10":"entry"},"_links":{"self":[{"href":"https:\/\/kulturbloggen.com\/index.php?rest_route=\/wp\/v2\/posts\/1738","targetHints":{"allow":["GET"]}}],"collection":[{"href":"https:\/\/kulturbloggen.com\/index.php?rest_route=\/wp\/v2\/posts"}],"about":[{"href":"https:\/\/kulturbloggen.com\/index.php?rest_route=\/wp\/v2\/types\/post"}],"author":[{"embeddable":true,"href":"https:\/\/kulturbloggen.com\/index.php?rest_route=\/wp\/v2\/users\/2"}],"replies":[{"embeddable":true,"href":"https:\/\/kulturbloggen.com\/index.php?rest_route=%2Fwp%2Fv2%2Fcomments&post=1738"}],"version-history":[{"count":0,"href":"https:\/\/kulturbloggen.com\/index.php?rest_route=\/wp\/v2\/posts\/1738\/revisions"}],"wp:attachment":[{"href":"https:\/\/kulturbloggen.com\/index.php?rest_route=%2Fwp%2Fv2%2Fmedia&parent=1738"}],"wp:term":[{"taxonomy":"category","embeddable":true,"href":"https:\/\/kulturbloggen.com\/index.php?rest_route=%2Fwp%2Fv2%2Fcategories&post=1738"},{"taxonomy":"post_tag","embeddable":true,"href":"https:\/\/kulturbloggen.com\/index.php?rest_route=%2Fwp%2Fv2%2Ftags&post=1738"}],"curies":[{"name":"wp","href":"https:\/\/api.w.org\/{rel}","templated":true}]}}