{"id":173770,"date":"2023-11-14T12:09:59","date_gmt":"2023-11-14T11:09:59","guid":{"rendered":"https:\/\/kulturbloggen.com\/?p=173770"},"modified":"2023-11-14T14:48:53","modified_gmt":"2023-11-14T13:48:53","slug":"satt-ett-ljus-pa-for-fangslade-forfattare-och-yttrandefriheten","status":"publish","type":"post","link":"https:\/\/kulturbloggen.com\/?p=173770","title":{"rendered":"T\u00e4nd ett ljus f\u00f6r f\u00e4ngslade f\u00f6rfattare och yttrandefriheten"},"content":{"rendered":"<p><img loading=\"lazy\" decoding=\"async\" class=\"aligncenter size-full wp-image-173776\" src=\"https:\/\/kulturbloggen.com\/wp-content\/uploads\/2023\/11\/unnamed-9.jpg\" alt=\"\" width=\"600\" height=\"600\" srcset=\"https:\/\/kulturbloggen.com\/wp-content\/uploads\/2023\/11\/unnamed-9.jpg 600w, https:\/\/kulturbloggen.com\/wp-content\/uploads\/2023\/11\/unnamed-9-300x300.jpg 300w, https:\/\/kulturbloggen.com\/wp-content\/uploads\/2023\/11\/unnamed-9-150x150.jpg 150w\" sizes=\"auto, (max-width: 600px) 100vw, 600px\" \/><\/p>\n<p>F\u00e4ngslade f\u00f6rfattares dag \u00e4r 15 november. Ett pressmeddelande fr\u00e5n Bokm\u00e4ssan uppmanar att delta i manifestationer f\u00f6r yttrandefrihet och f\u00f6r att f\u00e4ngslade f\u00f6rfattare ska sl\u00e4ppas fria.<\/p>\n<p>Pressmeddelande:<br \/>\nKanske har du sett dem p\u00e5 Bokm\u00e4ssan \u2013 stolarna som v\u00e4ntat p\u00e5 v\u00e5ra mest efterl\u00e4ngtade g\u00e4ster, varje \u00e5r? Som st\u00e5tt tomma, varje \u00e5r? Imorgon \u00e4r det F\u00e4ngslade f\u00f6rfattares dag. Ett tillf\u00e4lle att v\u00e4rna om yttrandefriheten, belysa dess absoluta vikt och sk\u00f6rhet \u2013 och protestera mot dess f\u00f6rtryckare.<br \/>\nTv\u00e5 g\u00f6teborgare sitter f\u00e4ngslade f\u00f6r att de yttrat sina fria ord, Dawit Isaak och Gui Minhai. P\u00e5 f\u00e4ngslade f\u00f6rfattares dag bjuder Bokm\u00e4ssan i G\u00f6teborg, Svenska PEN, G\u00f6teborgs Litteraturhus och G\u00f6teborgs stadsbibliotek in till ett samtal:<\/p>\n<p>S\u00e5v\u00e4l internationellt som nationellt finns ett stort engagemang f\u00f6r att Dawit Isaak och Gui Minhai ska sl\u00e4ppas fria, men kan vi g\u00f6ra n\u00e5got p\u00e5 lokal niv\u00e5 i G\u00f6teborg? G\u00f6teborg \u00e4r en fristad f\u00f6r hotade konstn\u00e4rer inom ICORN-samarbetet och certifierade som en UNESCO City of Literature \u2013 finns det resurser att h\u00e4mta h\u00e4r i kampen f\u00f6r att Dawit Isaak och Gui Minhai? Vilket engagemang finns det? Och vad kan vi g\u00f6ra vidare med gemensam kraft?<\/p>\n<p>Du som inte bor i, eller befinner dig i, G\u00f6teborg hittar Svenska Pens arrangemang runt om i landet under morgondagen h\u00e4r p\u00e5 <a href=\"https:\/\/www.svenskapen.se\">www.svenskapen.se<\/a><\/p>\n","protected":false},"excerpt":{"rendered":"<p>F\u00e4ngslade f\u00f6rfattares dag \u00e4r 15 november. Ett pressmeddelande fr\u00e5n Bokm\u00e4ssan uppmanar att delta i manifestationer f\u00f6r yttrandefrihet och f\u00f6r att f\u00e4ngslade f\u00f6rfattare ska sl\u00e4ppas fria. Pressmeddelande: Kanske har du sett dem p\u00e5 Bokm\u00e4ssan \u2013 stolarna som v\u00e4ntat p\u00e5 v\u00e5ra mest efterl\u00e4ngtade g\u00e4ster, varje \u00e5r? Som st\u00e5tt tomma, varje \u00e5r? Imorgon \u00e4r det F\u00e4ngslade f\u00f6rfattares dag. [&hellip;]<\/p>\n","protected":false},"author":13,"featured_media":0,"comment_status":"closed","ping_status":"closed","sticky":false,"template":"","format":"standard","meta":{"_genesis_hide_title":false,"_genesis_hide_breadcrumbs":false,"_genesis_hide_singular_image":false,"_genesis_hide_footer_widgets":false,"_genesis_custom_body_class":"","_genesis_custom_post_class":"","_genesis_layout":"","footnotes":""},"categories":[62,13624],"tags":[],"class_list":{"0":"post-173770","1":"post","2":"type-post","3":"status-publish","4":"format-standard","6":"category-medie-och-kulturpolitik","7":"category-toppnytt","8":"entry"},"_links":{"self":[{"href":"https:\/\/kulturbloggen.com\/index.php?rest_route=\/wp\/v2\/posts\/173770","targetHints":{"allow":["GET"]}}],"collection":[{"href":"https:\/\/kulturbloggen.com\/index.php?rest_route=\/wp\/v2\/posts"}],"about":[{"href":"https:\/\/kulturbloggen.com\/index.php?rest_route=\/wp\/v2\/types\/post"}],"author":[{"embeddable":true,"href":"https:\/\/kulturbloggen.com\/index.php?rest_route=\/wp\/v2\/users\/13"}],"replies":[{"embeddable":true,"href":"https:\/\/kulturbloggen.com\/index.php?rest_route=%2Fwp%2Fv2%2Fcomments&post=173770"}],"version-history":[{"count":5,"href":"https:\/\/kulturbloggen.com\/index.php?rest_route=\/wp\/v2\/posts\/173770\/revisions"}],"predecessor-version":[{"id":173792,"href":"https:\/\/kulturbloggen.com\/index.php?rest_route=\/wp\/v2\/posts\/173770\/revisions\/173792"}],"wp:attachment":[{"href":"https:\/\/kulturbloggen.com\/index.php?rest_route=%2Fwp%2Fv2%2Fmedia&parent=173770"}],"wp:term":[{"taxonomy":"category","embeddable":true,"href":"https:\/\/kulturbloggen.com\/index.php?rest_route=%2Fwp%2Fv2%2Fcategories&post=173770"},{"taxonomy":"post_tag","embeddable":true,"href":"https:\/\/kulturbloggen.com\/index.php?rest_route=%2Fwp%2Fv2%2Ftags&post=173770"}],"curies":[{"name":"wp","href":"https:\/\/api.w.org\/{rel}","templated":true}]}}